{"id":4215,"date":"2020-08-19T10:00:35","date_gmt":"2020-08-19T08:00:35","guid":{"rendered":"https:\/\/prs2.profimediagroup.com\/uncategorized-sr-latn\/poceo-onlajn-festival-licidersko-srce-veceras-i-sutra-uvece-se-nastavlja\/"},"modified":"2023-04-06T22:13:31","modified_gmt":"2023-04-06T20:13:31","slug":"poceo-onlajn-festival-licidersko-srce-veceras-i-sutra-uvece-se-nastavlja-ltn","status":"publish","type":"post","link":"https:\/\/predstavnistvorsbg.rs\/sr-Latn\/prethodni-dogadjaji-sr-latn\/poceo-onlajn-festival-licidersko-srce-veceras-i-sutra-uvece-se-nastavlja-ltn\/","title":{"rendered":"Po\u010deo onlajn festival &#8222;Licidersko srce&#8220;, ve\u010deras i sutra uve\u010de se nastavlja"},"content":{"rendered":"<p>U U\u017eicu je sino\u0107 otvoren 12. Me\u0111unarodni dje\u010diji Festival folklora \u201eLicidersko srce\u201c, na kojem onlajn u\u010destvuju djeca iz 15 zemalja, me\u0111u kojima Srbije i Republike Srpske, i traja\u0107e do 17. avgusta.<\/p>\n<p>Do ove godine festival \u201eLicidersko srce\u201c se odr\u017eavao na gradskom trgu u U\u017eicu i na Zlatiboru u Srbiji, a istovremeno u Vi\u0161egradu i Andri\u0107gradu u Republici Srpskoj.<\/p>\n<p>Licidersko srce je najve\u0107i festival ovog tipa u Srbiji, a jedan od najve\u0107ih u Evropi.<\/p>\n<p>Sino\u0107 su u\u010desnike 12. me\u0111unarodnog festivala folklora, koji se onlajn odvija zbog epidemije virusa korona, pozdravili: Goran Paunovi\u0107, predsjednik organizacionog odbora, u ume organizatora Udru\u017eenja gra\u0111ana \u201eEra\u201c. Ivan Stanisavljevi\u0107, zamjenik gradona\u010delnika grada U\u017eice, i Mla\u0111en Cicovi\u0107, \u0161ef Predstavni\u0161tva Republike Srpske u Srbiji.<\/p>\n<p><img title=\" Licidersko srce kao onlajn festival u Vi\u0161egradu\" src=\"\/wp-content\/uploads\/prethodni\/2020\/pocelo_l_srce2.jpg\" alt=\" Licidersko srce kao onlajn festival u Vi\u0161egradu\" width=\"1200\" border=\"0\" \/><\/p>\n<p>Obra\u0107aju\u0107i se onlajn, Cicovi\u0107 je rekao da je ovaj Festival i do sada bio jedan od najljep\u0161ih i najdra\u017eih mostova na Drini, jer je dje\u010djom igrom i rado\u0161\u0107u spajao obale te rijeke, a da \u0107e u tom smislu ove godine \u201emostovima muzike i igre spajati obale svih rijeka i svih mora na svijetu, te postati jedan veliki, nepregledni plato za sve narodne igre i svu djecu svijeta&#8220;.<\/p>\n<p>Cicovi\u0107 je rekao i da je, iako su ideja i put do tog elektronskog platoa bili uslovljeni pandemijom, onlajn festival jedan interesantan iskorak, kako u trajanju ove manifestacije, tako i u prezentaciji festivala, te da bi trebalo vidjeti da i poslije, kad ponovo sve bude kao \u0161to je do sada bilo, jedan dio festivala uvijek bude u onlajn obliku.<\/p>\n<p>Podsjetiv\u0161i da je Predstavni\u0161tvo Republike Srpske u Srbiji ve\u0107 vi\u0161e godina dio ovog zna\u010dajnog projekta lijepog imena \u201eLicidersko srce\u201c, Cicovi\u0107 je naglasio:<\/p>\n<p>\u201ePostali smo dio ovog festivala prvo iz \u017eelje da se najmla\u0111i igra\u010di folklora Srbije i Republike Srpske \u0161to bolje upoznaju i \u0161to sadr\u017eajnije dru\u017ee i u dru\u017eenju u\u010de, a potom i u uvjerenju da svaka dobra akcija koja krene u Srbiji ima mjesta i ljubavi da se realizuje i u Republici Srpskoj, kao \u0161to i svaka dobra akcija iz Republike Srpske mo\u017ee da ima svoje mjesto u Srbiji&#8220;<\/p>\n<p>On je dodao da Predstavni\u0161tvo Republike Srpske u Srbiji i ove godine daje svoj doprinos uspjehu Me\u0111unarodnog dje\u010dijeg festivala foklora \u201eLicidersko srce\u201c, i kao suorganizator, i kao pokrovitelj, jer zna da svi u\u010desnici ovog festivala na svoj na\u010din doprinose o\u010duvanju svoje narodne tradicije, nacionalnog identiteta, a u susretu sa drugima u\u010de nove igre i u\u010denjem oboga\u0107uju svoje znanje i vje\u0161tine.<\/p>\n<p>\u201eOva djeca su budu\u0107nost i svojih narodnih igara, i svoga naroda&#8220;, rekao je Cicovi\u0107.<\/p>\n<p>Iz Republike Srpske ove godine \u0107e nastupiti tri ansambla i to dva iz Vi\u0161egrada &#8211; Kulturno-umjetni\u010dko dru\u0161tvo \u201eBikavac\u201c i Srpsko sokolsko dru\u0161tvo \u201eKralj Petar Prvi ujedinitelj\u201c, i jedno iz Banjaluke &#8211; Centralno kulturno-umjetni\u010dko dru\u0161tvo mladih \u201eVeselin Masle\u0161a\u201c.<\/p>\n<p>Cicovi\u0107 je izrazio uvjerenje da \u0107e i djeca iz na\u0161e Republike Srpske biti uspje\u0161na i na onlajn festivalu, da \u0107e isto tako biti uspje\u0161na i djeca iz na\u0161e Srbije, te da \u0107e zajedno na nabolji na\u010din predstaviti srpsku kulturu i tradiciju u svijetu i da \u0107e sva djeca, iz svih naroda i dr\u017eava, biti uspje\u0161na kao \u0161to su bila uspje\u0161na i na dosada\u0161njim festivalima. Cicovi\u0107 je u tom uvjerenju sve njih pozdravio u ime Predstavni\u0161tva Republike Srpske u Srbiji i u ime organa i institucija Republike Srpske:<\/p>\n<p>\u201eNeka radost igre bude radost svih naroda&#8220;, rekao je Cicovi\u0107.<\/p>\n<p>Nakon Cicovi\u0107a dvije djevojke u srpskoj narodnoj no\u0161nji objavile su da je 12. Me\u0111unarodni festival folklora \u201eLicidersko srce\u201c otvoren.<\/p>\n<p>Ovaj festival se odvija u realnom vremenu svakog dana trajanja Festivala (15 &#8211; 17. avgust 2020) od 20.00 do 21.30 \u010dasova.<\/p>\n<p><img title=\" Kulturno-umjetni\u010dki program festivala \" src=\"\/wp-content\/uploads\/prethodni\/2020\/pocelo_l_srce3.jpg\" alt=\" Kulturno-umjetni\u010dki program festivala\" width=\"1200\" border=\"0\" \/><\/p>\n<p>U\u010destvuju ansambli iz 15 zemalja svijeta Meksika, Kolumbije, Perua, Egipta, Turske, Francuske, Bjelorusije, Bugarske, Italije, Poljske, Slovenije, NJema\u010dke, Moldavije, BiH \u2013 Republike Srpske, te Srbije.<\/p>\n<p><strong>Otvaranje festivala i folklor prve ve\u010deri mo\u017eete vidjeti<\/strong> <a title=\"Otvaranje festivala i folklor prve ve\u010deri\" href=\"https:\/\/youtu.be\/SEmn0uRlN9A\" target=\"_blank\" rel=\"noopener\"><strong>OVDJE<\/strong>.<\/a><\/p>\n<p><strong>Ina\u010de, linkovi za pra\u0107enje festivala su:<\/strong><\/p>\n<p>Datum i vrijeme: 16. i 17. avgust 2020. godine od 20.00 \u010dasova<\/p>\n<p><strong>Pra\u0107enje &#8222;live&#8220;:<\/strong><\/p>\n<p><strong>Facebook &#8211; Udru\u017eenje gra\u0111ana ERA, U\u017eice: <\/strong><a href=\"https:\/\/www.facebook.com\/liciderskosrceuzice\"><br \/>\nhttps:\/\/www.facebook.com\/UdruzenjegradjanaEra.Uzice<br \/>\nhttps:\/\/www.facebook.com\/liciderskosrceuzice<\/a><\/p>\n<p><strong>Internet portal:<\/strong><a href=\"https:\/\/www.instagram.com\/uzice.online\/?hl=sr\"><br \/>\nhttps:\/\/uzice.online\/<br \/>\nhttps:\/\/www.facebook.com\/vesti.uzice\/<br \/>\nhttps:\/\/www.instagram.com\/uzice.online\/?hl=sr<\/a><\/p>\n<p><strong>TV 5 U\u017eice:<\/strong><a href=\"https:\/\/www.youtube.com\/user\/TV5Uzice1\"><br \/>\nhttps:\/\/www.facebook.com\/tv5ue\/<br \/>\nhttps:\/\/www.tv5.rs\/live-stream-tv-5\/<br \/>\nhttps:\/\/www.youtube.com\/user\/TV5Uzice1<\/a><\/p>\n","protected":false},"excerpt":{"rendered":"<p>U U\u017eicu je sino\u0107 otvoren 12. Me\u0111unarodni dje\u010diji Festival folklora \u201eLicidersko srce\u201c, na kojem onlajn u\u010destvuju djeca iz 15 zemalja, me\u0111u kojima Srbije i Republike Srpske, i traja\u0107e do 17. avgusta. Do ove godine festival \u201eLicidersko srce\u201c se odr\u017eavao na gradskom trgu u U\u017eicu i na Zlatiboru u Srbiji, a istovremeno u Vi\u0161egradu i Andri\u0107gradu&#8230;<\/p>\n","protected":false},"author":1,"featured_media":3352,"comment_status":"closed","ping_status":"closed","sticky":false,"template":"","format":"standard","meta":[],"categories":[56],"tags":[71],"_links":{"self":[{"href":"https:\/\/predstavnistvorsbg.rs\/sr-Latn\/wp-json\/wp\/v2\/posts\/4215"}],"collection":[{"href":"https:\/\/predstavnistvorsbg.rs\/sr-Latn\/wp-json\/wp\/v2\/posts"}],"about":[{"href":"https:\/\/predstavnistvorsbg.rs\/sr-Latn\/wp-json\/wp\/v2\/types\/post"}],"author":[{"embeddable":true,"href":"https:\/\/predstavnistvorsbg.rs\/sr-Latn\/wp-json\/wp\/v2\/users\/1"}],"replies":[{"embeddable":true,"href":"https:\/\/predstavnistvorsbg.rs\/sr-Latn\/wp-json\/wp\/v2\/comments?post=4215"}],"version-history":[{"count":0,"href":"https:\/\/predstavnistvorsbg.rs\/sr-Latn\/wp-json\/wp\/v2\/posts\/4215\/revisions"}],"wp:featuredmedia":[{"embeddable":true,"href":"https:\/\/predstavnistvorsbg.rs\/sr-Latn\/wp-json\/wp\/v2\/media\/3352"}],"wp:attachment":[{"href":"https:\/\/predstavnistvorsbg.rs\/sr-Latn\/wp-json\/wp\/v2\/media?parent=4215"}],"wp:term":[{"taxonomy":"category","embeddable":true,"href":"https:\/\/predstavnistvorsbg.rs\/sr-Latn\/wp-json\/wp\/v2\/categories?post=4215"},{"taxonomy":"post_tag","embeddable":true,"href":"https:\/\/predstavnistvorsbg.rs\/sr-Latn\/wp-json\/wp\/v2\/tags?post=4215"}],"curies":[{"name":"wp","href":"https:\/\/api.w.org\/{rel}","templated":true}]}}