{"id":4218,"date":"2020-08-24T10:00:33","date_gmt":"2020-08-24T08:00:33","guid":{"rendered":"https:\/\/prs2.profimediagroup.com\/uncategorized-sr-latn\/polozeni-vijenci-i-cvijece-na-grob-velikana-srpske-knjizevnosti\/"},"modified":"2023-04-06T22:14:35","modified_gmt":"2023-04-06T20:14:35","slug":"polozeni-vijenci-i-cvijece-na-grob-velikana-srpske-knjizevnosti-ltn","status":"publish","type":"post","link":"https:\/\/predstavnistvorsbg.rs\/sr-Latn\/prethodni-dogadjaji-sr-latn\/polozeni-vijenci-i-cvijece-na-grob-velikana-srpske-knjizevnosti-ltn\/","title":{"rendered":"Polo\u017eeni vijenci i cvije\u0107e na grob velikana srpske knji\u017eevnosti"},"content":{"rendered":"<p>U Aleji velikana na groblju u Beogradu danas su polo\u017eeni vijenci i cvije\u0107e na grob Petra Ko\u010di\u0107a i odata po\u0161ta ovom velikanu srpske knji\u017eevnosti i narodnom tribunu.<\/p>\n<p><img title=\"\u0160ef Predstavni\u0161tva R. Srpske u Srbiji Mla\u0111en Cicovi\u0107, zamjenik predsjednika Udru\u017eenja knji\u017eevnika Srbije Milo\u0161 Jankovi\u0107, Ko\u010di\u0107eva praunuka Vesna A\u0107imi\u0107 u ime Organizacionog odbora - 55. Ko\u010di\u0107evog zbora i Du\u0161ko M. Petrovi\u0107 u ime Udru\u017eenja knji\u017eevnika R. Srpske na Ko\u010di\u0107evom grobu\" src=\"\/wp-content\/uploads\/prethodni\/2020\/pomen_kocicu2.jpg\" alt=\"\u0160ef Predstavni\u0161tva R. Srpske u Srbiji Mla\u0111en Cicovi\u0107, zamjenik predsjednika Udru\u017eenja knji\u017eevnika Srbije Milo\u0161 Jankovi\u0107, Ko\u010di\u0107eva praunuka Vesna A\u0107imi\u0107 u ime Organizacionog odbora - 55. Ko\u010di\u0107evog zbora i Du\u0161ko M. Petrovi\u0107 u ime Udru\u017eenja knji\u017eevnika R. Srpske na Ko\u010di\u0107evom grobu\" width=\"1200\" border=\"0\" \/><\/p>\n<p>Vijence su polo\u017eili \u0161ef Predstavni\u0161tva Republike Srpske u Srbiji Mla\u0111en Cicovi\u0107, zamjenik predsjednika Udru\u017eenja knji\u017eevnika Srbije Milo\u0161 Jankovi\u0107, Ko\u010di\u0107eva praunuka Vesna A\u0107imi\u0107 u ime Organizacionog odbora \u201e55. Ko\u010di\u0107evog zbora\u201c i Du\u0161ko M. Petrovi\u0107 u ime Udru\u017eenja knji\u017eevnika Republike Srpske.<\/p>\n<p><img title=\"Vijenac polo\u017ee \u0161ef Predstavni\u0161tva R. Srpske u Srbiji Mla\u0111en Cicovi\u0107\" src=\"\/wp-content\/uploads\/prethodni\/2020\/pomen_kocicu3.jpg\" alt=\"Vijenac polo\u017ee \u0161ef Predstavni\u0161tva R. Srpske u Srbiji Mla\u0111en Cicovi\u0107\" width=\"1200\" border=\"0\" \/><\/p>\n<p>Cicovi\u0107 je rekao da je srpski narod u stalnoj, skoro uvijek istoj borbi za slobodu, pravdu i sve ono za \u0161ta se zalagao Ko\u010di\u0107, koji je ostavio mnogo srpskom narodu.<\/p>\n<p>&#8211; Ove godine, u skladu sa onim \u0161to je Organizacioni odbor \u201eKo\u010di\u0107evog zbora\u201c odlu\u010dio, polo\u017eili smo cvije\u0107e i sjetili se svega onoga \u0161to je Ko\u010di\u0107 ostavio, a ostavio je mnogo srpskom narodu &#8211; rekao je Cicovi\u0107.<\/p>\n<p><img title=\"Milo\u0161 Jankovi\u0107, zamjenik predsjednika Udru\u017eenja knji\u017eevnika Srbije u ime UKS\" src=\"\/wp-content\/uploads\/prethodni\/2020\/pomen_kocicu4.jpg\" alt=\"Milo\u0161 Jankovi\u0107, zamjenik predsjednika Udru\u017eenja knji\u017eevnika Srbije u ime UKS\" width=\"1200\" border=\"0\" \/><\/p>\n<p>Jankovi\u0107 je rekao da Udru\u017eenje knji\u017eevnika Srbije ve\u0107 godinama, u saradnji sa Predstavni\u0161tvom Republike Srpske u Srbiji, obilje\u017eava \u201eKo\u010di\u010deve dane\u201c, uz mnogobrojne programe.<\/p>\n<p>&#8211; Na\u017ealost, ove godine, zbog poznate situacije ne\u0107e biti programa &#8211; rekao je Jankovi\u0107 i istakao da je, umjesto toga, na simboli\u010dan na\u010din, uz polaganje cvije\u0107a i paljenje svije\u0107a, obilje\u017eeno besmrtno djelo Ko\u010di\u0107a, i kao pisca i narodnog tribuna.<\/p>\n<p>Ko\u010di\u0107eva praunuka je izrazila zadovoljstvo \u0161to Ko\u010di\u0107 ni ove godine nije zaboravljen.<\/p>\n<p>&#8211; Drago mi je \u0161to se po\u0161tuju njegovo djelo i lik i \u0161to nije zaboravljen &#8211; rekla je ona.<\/p>\n<p>Predstavni\u0161tvo Republike Srpske u Srbiji i Udru\u017eenje knji\u017eevnika Srbije svake godine su, u okviru manifestacije \u201eKo\u010di\u0107ev zbor\u201c, \u010diji se kulturno-umjetni\u010dki programi u Republici Srpskoj odvijaju u Banjaluci, manastiru Gomionica i u Stri\u010di\u0107ima na Zmijanju, organizovali i \u201eKo\u010di\u0107ev dan\u201c u Beogradu.<\/p>\n<p>Zbog epidemije virusa korona manifestacija \u201eKo\u010di\u0107ev zbor\u201c i u Republici Srpskoj i u Beogradu odr\u017eava se u smanjenom obimu i sa manje u\u010desnika.<\/p>\n","protected":false},"excerpt":{"rendered":"<p>U Aleji velikana na groblju u Beogradu danas su polo\u017eeni vijenci i cvije\u0107e na grob Petra Ko\u010di\u0107a i odata po\u0161ta ovom velikanu srpske knji\u017eevnosti i narodnom tribunu. Vijence su polo\u017eili \u0161ef Predstavni\u0161tva Republike Srpske u Srbiji Mla\u0111en Cicovi\u0107, zamjenik predsjednika Udru\u017eenja knji\u017eevnika Srbije Milo\u0161 Jankovi\u0107, Ko\u010di\u0107eva praunuka Vesna A\u0107imi\u0107 u ime Organizacionog odbora \u201e55. Ko\u010di\u0107evog&#8230;<\/p>\n","protected":false},"author":1,"featured_media":3354,"comment_status":"closed","ping_status":"closed","sticky":false,"template":"","format":"standard","meta":[],"categories":[56],"tags":[71],"_links":{"self":[{"href":"https:\/\/predstavnistvorsbg.rs\/sr-Latn\/wp-json\/wp\/v2\/posts\/4218"}],"collection":[{"href":"https:\/\/predstavnistvorsbg.rs\/sr-Latn\/wp-json\/wp\/v2\/posts"}],"about":[{"href":"https:\/\/predstavnistvorsbg.rs\/sr-Latn\/wp-json\/wp\/v2\/types\/post"}],"author":[{"embeddable":true,"href":"https:\/\/predstavnistvorsbg.rs\/sr-Latn\/wp-json\/wp\/v2\/users\/1"}],"replies":[{"embeddable":true,"href":"https:\/\/predstavnistvorsbg.rs\/sr-Latn\/wp-json\/wp\/v2\/comments?post=4218"}],"version-history":[{"count":0,"href":"https:\/\/predstavnistvorsbg.rs\/sr-Latn\/wp-json\/wp\/v2\/posts\/4218\/revisions"}],"wp:featuredmedia":[{"embeddable":true,"href":"https:\/\/predstavnistvorsbg.rs\/sr-Latn\/wp-json\/wp\/v2\/media\/3354"}],"wp:attachment":[{"href":"https:\/\/predstavnistvorsbg.rs\/sr-Latn\/wp-json\/wp\/v2\/media?parent=4218"}],"wp:term":[{"taxonomy":"category","embeddable":true,"href":"https:\/\/predstavnistvorsbg.rs\/sr-Latn\/wp-json\/wp\/v2\/categories?post=4218"},{"taxonomy":"post_tag","embeddable":true,"href":"https:\/\/predstavnistvorsbg.rs\/sr-Latn\/wp-json\/wp\/v2\/tags?post=4218"}],"curies":[{"name":"wp","href":"https:\/\/api.w.org\/{rel}","templated":true}]}}