{"id":4220,"date":"2020-08-28T10:00:37","date_gmt":"2020-08-28T08:00:37","guid":{"rendered":"https:\/\/prs2.profimediagroup.com\/uncategorized-sr-latn\/banja-vrucica-iz-republike-srpske-u-beogradu-i-srbiji\/"},"modified":"2023-04-06T22:16:41","modified_gmt":"2023-04-06T20:16:41","slug":"banja-vrucica-iz-republike-srpske-u-beogradu-i-srbiji-ltn","status":"publish","type":"post","link":"https:\/\/predstavnistvorsbg.rs\/sr-Latn\/prethodni-dogadjaji-sr-latn\/banja-vrucica-iz-republike-srpske-u-beogradu-i-srbiji-ltn\/","title":{"rendered":"&#8222;Banja Vru\u0107ica&#8220; iz Republike Srpske u Beogradu i Srbiji"},"content":{"rendered":"<p>Danas je u Pres centru Udru\u017eenja novinara Srbije odr\u017eana konferencija za novinare, povodom medijske promocije najve\u0107eg banjskog kompleksa Zdravstveno-turisti\u010dkog centra \u201eBanja Vru\u0107ica\u201d iz Tesli\u0107a u Republici Srpskoj.<\/p>\n<p>Nakon \u0161to je pu\u0161ten promotivni film o \u201eBanji Vru\u0107ici\u201d, njeni predstavnici, dr Dragan Bogdani\u0107, generalni direktor i Aleksandar Rado\u0161evi\u0107, izvr\u0161ni direktor za operacije, marketing i prodaju, okupljenim novinarima i gostima predstavili su kompletnu ponudu banjskog kompleksa Zdravstveno-turisti\u010dkog centra \u201eBanja Vru\u0107ica\u201d, kao i posebne pogodnosti za gra\u0111ane Republike Srbije.<\/p>\n<p>&#8211; Ovdje smo da na\u0111emo put kako da u \u201eBanju Vru\u0107icu\u201d do\u0111u gosti iz Srbije &#8211; rekao je Bogdani\u0107 i istakao da je cilj posjete Beogradu, imaju\u0107i u vidu trenutnu epidemiolo\u0161ku situaciju u kojoj su na\u0161a putovanja ograni\u010dena i neke destinacije nam nisu dostupne, ostvarivanje dobre saradnje izme\u0111u Srbije i \u201eBanje Vru\u0107ice\u201d. On je tako\u0111e naveo da su u radu Banje zastupljene dve djelatnosti: medicinska rehabilitacija, kao i turizam i ugostiteljstvo.<\/p>\n<p>Aleksandar Rado\u0161evi\u0107 naveo je da \u201eBanja Vru\u0107ica\u201d ima dugu i bogatu tradiciju.<\/p>\n<p>&#8211; Ono po \u010demu smo mi poznati generacijama unazad, to je na\u0161a ljekovita termomineralna voda i na\u0161 zdravstveni program. Pored toga, na\u0161u ponudu obogatili smo i kongresnim turizmom, sportsko-rekreativnim turizmom, kao i velnes programom i aran\u017emanima. Tajna na\u0161eg uspjeha u velnes turizmu je \u0161to smo uspjeli da napravimo velnes ponudu koja ne zaostaje za velnes centrima u Zapadnoj Evropi, ali su cijene prilago\u0111ene tr\u017ei\u0161tu BiH i Srbije &#8211; rekao je Rado\u0161evi\u0107 i istakao da su do kraja godine aktuelni akcijski velnes aran\u017emani. Kao najprodavaniji aran\u017eman tokom proteklog ljeta on je naveo aran\u017eman \u201ePorodi\u010dni odmor\u201c &#8211; aran\u017eman na bazi 4 polupansiona u hotelu \u201eKardial\u201d sa 4 zvjezdice, koji uklju\u010duje i neograni\u010deno kori\u0161\u0107enje otvorenih i zatvorenih bazena, kori\u0161\u0107enje saune 2 puta u toku boravka i vo\u017enju biciklima za cijelu porodicu 2 puta u toku boravka u trajanju od sat vremena. Cijena ovog aran\u017emana po osobi iznosi 150 evra za 4 dana, sa svim ovim uklju\u010denim uslugama i uz posebne pogodnosti za djecu. Naime, djeca do 7 godina borave besplatno, a djeca do 12 godina pla\u0107aju 90 evra.<\/p>\n<p>\u201eBanja Vru\u0107ica\u201d je regionalni lider u oblasti zdravstvenog i velnes turizma, sa ostvarenih 240.000 no\u0107enja u 2019. godini.<\/p>\n<p>Smje\u0161tena je u centralnom dijelu Republike Srpske, 260 kilometara od Beograda i Novog Sada, na svega tri do \u010detiri \u010dasa vo\u017enje.<\/p>\n<p><img title=\"Promocija \u201eBanje Vru\u0107ica\u201d u Pres centru Udru\u017eenja novinara Srbije u Beogradu\" src=\"\/wp-content\/uploads\/prethodni\/2020\/banja_vrucica2.jpg\" alt=\"Promocija \u201eBanje Vru\u0107ica\u201d u Pres centru Udru\u017eenja novinara Srbije u Beogradu\" width=\"1200\" border=\"0\" \/><\/p>\n<p>Medijsku promociju \u201eBanje Vru\u0107ice\u201d organizovalo je Predstavni\u0161tvo Republike Srpske u Srbiji, u okviru svojih stalnih aktivnosti na prezentaciji privrednih potencijala Srpske.<\/p>\n<p>Snimak konferencije za medije mo\u017eete pogledati <a href=\"https:\/\/youtu.be\/J3h0VX7QU6M\" target=\"_blank\" rel=\"noopener\">OVDJE<\/a>.<\/p>\n","protected":false},"excerpt":{"rendered":"<p>Danas je u Pres centru Udru\u017eenja novinara Srbije odr\u017eana konferencija za novinare, povodom medijske promocije najve\u0107eg banjskog kompleksa Zdravstveno-turisti\u010dkog centra \u201eBanja Vru\u0107ica\u201d iz Tesli\u0107a u Republici Srpskoj. Nakon \u0161to je pu\u0161ten promotivni film o \u201eBanji Vru\u0107ici\u201d, njeni predstavnici, dr Dragan Bogdani\u0107, generalni direktor i Aleksandar Rado\u0161evi\u0107, izvr\u0161ni direktor za operacije, marketing i prodaju, okupljenim novinarima&#8230;<\/p>\n","protected":false},"author":1,"featured_media":3356,"comment_status":"closed","ping_status":"closed","sticky":false,"template":"","format":"standard","meta":[],"categories":[56],"tags":[71],"_links":{"self":[{"href":"https:\/\/predstavnistvorsbg.rs\/sr-Latn\/wp-json\/wp\/v2\/posts\/4220"}],"collection":[{"href":"https:\/\/predstavnistvorsbg.rs\/sr-Latn\/wp-json\/wp\/v2\/posts"}],"about":[{"href":"https:\/\/predstavnistvorsbg.rs\/sr-Latn\/wp-json\/wp\/v2\/types\/post"}],"author":[{"embeddable":true,"href":"https:\/\/predstavnistvorsbg.rs\/sr-Latn\/wp-json\/wp\/v2\/users\/1"}],"replies":[{"embeddable":true,"href":"https:\/\/predstavnistvorsbg.rs\/sr-Latn\/wp-json\/wp\/v2\/comments?post=4220"}],"version-history":[{"count":0,"href":"https:\/\/predstavnistvorsbg.rs\/sr-Latn\/wp-json\/wp\/v2\/posts\/4220\/revisions"}],"wp:featuredmedia":[{"embeddable":true,"href":"https:\/\/predstavnistvorsbg.rs\/sr-Latn\/wp-json\/wp\/v2\/media\/3356"}],"wp:attachment":[{"href":"https:\/\/predstavnistvorsbg.rs\/sr-Latn\/wp-json\/wp\/v2\/media?parent=4220"}],"wp:term":[{"taxonomy":"category","embeddable":true,"href":"https:\/\/predstavnistvorsbg.rs\/sr-Latn\/wp-json\/wp\/v2\/categories?post=4220"},{"taxonomy":"post_tag","embeddable":true,"href":"https:\/\/predstavnistvorsbg.rs\/sr-Latn\/wp-json\/wp\/v2\/tags?post=4220"}],"curies":[{"name":"wp","href":"https:\/\/api.w.org\/{rel}","templated":true}]}}