{"id":4232,"date":"2020-08-28T11:00:06","date_gmt":"2020-08-28T09:00:06","guid":{"rendered":"https:\/\/prs2.profimediagroup.com\/uncategorized-sr-latn\/republika-srpska-u-tob-u-prezentovan-kompleks-banja-vrucica\/"},"modified":"2023-04-06T22:31:00","modified_gmt":"2023-04-06T20:31:00","slug":"republika-srpska-u-tob-u-prezentovan-kompleks-banja-vrucica-ltn","status":"publish","type":"post","link":"https:\/\/predstavnistvorsbg.rs\/sr-Latn\/prethodni-dogadjaji-sr-latn\/republika-srpska-u-tob-u-prezentovan-kompleks-banja-vrucica-ltn\/","title":{"rendered":"Republika Srpska u TOB-u: Prezentovan kompleks &#8222;Banja Vru\u0107ica&#8220;"},"content":{"rendered":"<p>Danas je u sjedi\u0161tu Turisti\u010dke organizacije Beograda odr\u017ean sastanak direktora TOB-a, Miodraga Popovi\u0107a, sa predstavnicima Republike Srpske, Mla\u0111enom Cicovi\u0107em, \u0161efom Predstavni\u0161tva Republike Srpske u Srbiji, Draganom Bogdani\u0107em, generalnim direktorom kompleksa Banja Vru\u0107ica i Aleksandrom Rado\u0161evi\u0107em, izvr\u0161nim direktorom za operacije, marketing i prodaju najve\u0107eg banjskog kompleksa Zdravstveno-turisti\u010dkog centra \u201eBanja Vru\u0107ica\u201d iz Tesli\u0107a. Na sastanku je dogovoren niz promotivnih aktivnosti, \u010diji je cilj pribli\u017eavanje banje Vru\u0107ice gostima iz Srbije.<\/p>\n<p>\u2013 Turisti\u010dka organizacija Beograda ima dugogodi\u0161nju uspje\u0161nu saradnju sa TO Republika Srpska i drugim institucijama kulture i turizma u ovoj zemlji. Nadam se da \u0107e promocija banje Vru\u0107ice u Beogradu kao nastavak te saradnje veoma brzo dati rezultate \u2013 izjavio je Miodrag Popovi\u0107 i naveo da je \u201eBanja Vru\u0107ica\u201c izuzetno zanimljiva turisti\u010dka destinacija.<\/p>\n<p><img title=\"Mla\u0111en Cicovi\u0107, \u0161ef Predstavni\u0161tva R. Srpske u Srbiji\" src=\"\/wp-content\/uploads\/prethodni\/2020\/promocija_b_vrucica2.jpg\" alt=\"Mla\u0111en Cicovi\u0107, \u0161ef Predstavni\u0161tva R. Srpske u Srbiji\" width=\"1200\" border=\"0\" \/><\/p>\n<p>Mla\u0111en Cicovi\u0107, \u0161ef Predstavni\u0161tva RS u Srbiji, rekao je da je podr\u0161ka Turisti\u010dke organizacije Beograda od velikog zna\u010daja za Republiku Srpsku, jer je u pitanju broj od dva miliona potencijalnih turista.<\/p>\n<p>On je naveo da su na sastanku dogovorene konrektne promotivne aktivnosti na kojima \u0107e se raditi u narednom periodu. Cicovi\u0107 je precizirao da \u0107e Predstavni\u0161tvo organizovati najdirektnije sastanke i kontakte sa potencijalnim gostima iz Beograda kako bi im predstavili ovaj turisti\u010dki biser Republike Srpske.<\/p>\n<p><img title=\"Dragan Bogdani\u0107, generalni direktor kompleksa Banja Vru\u0107ica\" src=\"\/wp-content\/uploads\/prethodni\/2020\/promocija_b_vrucica3.jpg\" alt=\"Dragan Bogdani\u0107, generalni direktor kompleksa Banja Vru\u0107ica\" width=\"1200\" border=\"0\" \/><\/p>\n<p>\u2013 Banja Vru\u0107ica je najzna\u010dajniji banjski kompleks u Republici Srpskoj, udaljen od Beograda ne\u0161to vi\u0161e od 200 kilometara, koji nudi bogate zdravstvene i velnes usluge turistima iz Beograda \u2013 rekao je Dragan Bogdani\u0107, izraziv\u0161i uverenje da \u0107e svi koji do\u0111u iz Srbije u banju Vru\u0107icu, koja ima \u0161ta da ponudi u svakom segmentu turisti\u010dke ponude, biti prezadovoljni.<\/p>\n<p>Sastanak u Turisti\u010dkoj organizaciji Beograda organizovalo je Predstavni\u0161tvo Republike Srpske u Srbiji, u okviru svojih stalnih aktivnosti na prezentaciji privrednih potencijala Republike Srpske.<\/p>\n","protected":false},"excerpt":{"rendered":"<p>Danas je u sjedi\u0161tu Turisti\u010dke organizacije Beograda odr\u017ean sastanak direktora TOB-a, Miodraga Popovi\u0107a, sa predstavnicima Republike Srpske, Mla\u0111enom Cicovi\u0107em, \u0161efom Predstavni\u0161tva Republike Srpske u Srbiji, Draganom Bogdani\u0107em, generalnim direktorom kompleksa Banja Vru\u0107ica i Aleksandrom Rado\u0161evi\u0107em, izvr\u0161nim direktorom za operacije, marketing i prodaju najve\u0107eg banjskog kompleksa Zdravstveno-turisti\u010dkog centra \u201eBanja Vru\u0107ica\u201d iz Tesli\u0107a. Na sastanku je dogovoren&#8230;<\/p>\n","protected":false},"author":1,"featured_media":3358,"comment_status":"closed","ping_status":"closed","sticky":false,"template":"","format":"standard","meta":[],"categories":[56],"tags":[71],"_links":{"self":[{"href":"https:\/\/predstavnistvorsbg.rs\/sr-Latn\/wp-json\/wp\/v2\/posts\/4232"}],"collection":[{"href":"https:\/\/predstavnistvorsbg.rs\/sr-Latn\/wp-json\/wp\/v2\/posts"}],"about":[{"href":"https:\/\/predstavnistvorsbg.rs\/sr-Latn\/wp-json\/wp\/v2\/types\/post"}],"author":[{"embeddable":true,"href":"https:\/\/predstavnistvorsbg.rs\/sr-Latn\/wp-json\/wp\/v2\/users\/1"}],"replies":[{"embeddable":true,"href":"https:\/\/predstavnistvorsbg.rs\/sr-Latn\/wp-json\/wp\/v2\/comments?post=4232"}],"version-history":[{"count":0,"href":"https:\/\/predstavnistvorsbg.rs\/sr-Latn\/wp-json\/wp\/v2\/posts\/4232\/revisions"}],"wp:featuredmedia":[{"embeddable":true,"href":"https:\/\/predstavnistvorsbg.rs\/sr-Latn\/wp-json\/wp\/v2\/media\/3358"}],"wp:attachment":[{"href":"https:\/\/predstavnistvorsbg.rs\/sr-Latn\/wp-json\/wp\/v2\/media?parent=4232"}],"wp:term":[{"taxonomy":"category","embeddable":true,"href":"https:\/\/predstavnistvorsbg.rs\/sr-Latn\/wp-json\/wp\/v2\/categories?post=4232"},{"taxonomy":"post_tag","embeddable":true,"href":"https:\/\/predstavnistvorsbg.rs\/sr-Latn\/wp-json\/wp\/v2\/tags?post=4232"}],"curies":[{"name":"wp","href":"https:\/\/api.w.org\/{rel}","templated":true}]}}