{"id":4235,"date":"2020-09-04T10:00:23","date_gmt":"2020-09-04T08:00:23","guid":{"rendered":"https:\/\/prs2.profimediagroup.com\/uncategorized-sr-latn\/u-predstavnistvu-republike-srpske-urucene-nagrade-zlatna-sova-i-sovica\/"},"modified":"2023-04-06T22:34:11","modified_gmt":"2023-04-06T20:34:11","slug":"u-predstavnistvu-republike-srpske-urucene-nagrade-zlatna-sova-i-sovica-ltn","status":"publish","type":"post","link":"https:\/\/predstavnistvorsbg.rs\/sr-Latn\/prethodni-dogadjaji-sr-latn\/u-predstavnistvu-republike-srpske-urucene-nagrade-zlatna-sova-i-sovica-ltn\/","title":{"rendered":"U Predstavni\u0161tvu Republike Srpske uru\u010dene nagrade &#8222;Zlatna sova&#8220; i &#8222;Sovica&#8220;"},"content":{"rendered":"<p>Danas, 4. septembra, na Dan Zavoda za ud\u017ebenike i nastavna sredstva, u prostorijama Predstavni\u0161tva Republike Srpske u Srbiji, uru\u010dene su ovogodi\u0161nje knji\u017eevne nagrade \u201eZlatna sova\u201c i \u201eSovica\u201c. Dodjelu nagrada organizovao je Zavod za ud\u017ebenike i nastavna sredstva Republike Srpske, u saradnji sa Predstavni\u0161tvom Srpske u Srbiji.<\/p>\n<p>Dobitnik ovogodi\u0161nje \u201eZlatne sove\u201c je knji\u017eevnik Radisav Mili\u0107 iz Smedereva za roman \u201eU krugu\u201c koji opisuje gotovo pun \u017eivotni krug, koji u kona\u010dnom svo\u0111enju ra\u010duna, u ishodi\u0161tu pro\u0161log, sada\u0161njeg i onog \u0161to je \u010dovjeku jo\u0161 preostalo u neizvijesnoj i varljivoj budu\u0107nosti \u2013 ostaje prazan, neispunjen i natopljen osje\u0107anjem proma\u0161enosti, uzaludnosti i beskrajne samo\u0107e.<\/p>\n<p>\u201eKao neko ko je bio i tre\u0107i i prvi, ko je imao priliku da gubi i dobija svestan sam da su nagrade neverovatno bitna stvar za kulturni prostor Srbije, Crne Gore, Republike Srpske i Srbije\u201c, rekao je Mili\u0107 povodom nagrade \u201eZlatna sova\u201c. On je istakao da pisci ne pi\u0161u zbog knji\u017eevnih nagrada, ali da one ipak predstavljaju va\u017enu poruku da \u201eneko o tome brine, da je nekome va\u017eno i da ima svoju misiju u savremenom svetu\u201c.<\/p>\n<p><img title=\"Direktor Zavoda za ud\u017ebenike i nastavna sredstva RS Bojan \u0110eni\u0107 i dobitnik ovogodi\u0161nje nagrade Radisav Mili\u0107\" src=\"\/wp-content\/uploads\/prethodni\/2020\/zlatna_sova1_2020.jpeg\" alt=\"Direktor Zavoda za ud\u017ebenike i nastavna sredstva RS Bojan \u0110eni\u0107 i dobitnik ovogodi\u0161nje nagrade \u201eZlatna sova\u201c Radisav Mili\u0107\" width=\"1200\" border=\"0\" \/><\/p>\n<p>Drugonagra\u0111eni roman je \u201e\u010cak i u Huenti\u201c knji\u017eevnice Nade\u017ede Puri\u0107 Jovanovi\u0107 iz Beograda, koja je istakla va\u017enost ove nagrade zbog anonimnosti u\u010desnika na konkursu za nagradu.<\/p>\n<p>Tre\u0107a nagrada dodijeljena je autoru Branku Jovi\u010di\u0107u iz Broda za rukopis \u201eDavno ispri\u010dane pri\u010de\u201c, kojem \u0107e nagrada biti naknadno uru\u010dena.<\/p>\n<p>Nagrada \u201eSovica\u201c za najbolju neobjavljenu knjigu za djecu uru\u010dena je knji\u017eevnici Veri Priljevoj iz Novog Sada za rukopis \u201e\u010cos\u201c, koji govori o \u010destim problemima dana\u0161nje djece, a rijetko zastupljenim u knji\u017eevnosti za djecu, socijalnoj raslojenosti, o stvarnim vrijednostima, iskrenom prijateljstvu, va\u017enosti porodice i dru\u0161tvenom aktivizmu. Autorka je istakla da je ovo njena prva nagrada, te da je veoma ponosna.<\/p>\n<p><img title=\"Uru\u010denje nagrada \u201eZlatna sova\u201c i \u201eSovica\u201c za 2020.godinu\" src=\"\/wp-content\/uploads\/prethodni\/2020\/zlatna_sova_2020.jpg\" alt=\"Uru\u010denje nagrada \u201eZlatna sova\u201c i \u201eSovica\u201c za 2020.godinu\" width=\"1200\" border=\"0\" \/><\/p>\n<p>Direktor Zavoda za ud\u017ebenike i nastavna sredstva Republike Srpske Bojan \u0110eni\u0107 rekao je da je ovogodi\u0161nje uru\u010denje nagrada organizovano u Beogradu zbog specifi\u010dnih uslova pandemije virusa korona. \u201ePoku\u0161a\u0107emo da obezbijedimo da se ova nagra\u0111ena djela u \u0161to skorije vrijeme na\u0111u i u knji\u017earama \u0161irom Srbije, jer su autori uglavnom iz Srbije\u201c, rekao je \u0110eni\u0107.<\/p>\n<p>Uz objavljivanje nagra\u0111enih romana u tira\u017eima od po 500 primjeraka, autori dobijaju po 20 primjeraka svojih romana i 5.000 KM za prvu, 2.000 KM za drugu i 1.000 KM za tre\u0107u nagradu, koliko dobija i dobitnica nagrade \u201eSovica\u201c.<\/p>\n","protected":false},"excerpt":{"rendered":"<p>Danas, 4. septembra, na Dan Zavoda za ud\u017ebenike i nastavna sredstva, u prostorijama Predstavni\u0161tva Republike Srpske u Srbiji, uru\u010dene su ovogodi\u0161nje knji\u017eevne nagrade \u201eZlatna sova\u201c i \u201eSovica\u201c. Dodjelu nagrada organizovao je Zavod za ud\u017ebenike i nastavna sredstva Republike Srpske, u saradnji sa Predstavni\u0161tvom Srpske u Srbiji. Dobitnik ovogodi\u0161nje \u201eZlatne sove\u201c je knji\u017eevnik Radisav Mili\u0107 iz&#8230;<\/p>\n","protected":false},"author":1,"featured_media":3362,"comment_status":"closed","ping_status":"closed","sticky":false,"template":"","format":"standard","meta":[],"categories":[56],"tags":[71],"_links":{"self":[{"href":"https:\/\/predstavnistvorsbg.rs\/sr-Latn\/wp-json\/wp\/v2\/posts\/4235"}],"collection":[{"href":"https:\/\/predstavnistvorsbg.rs\/sr-Latn\/wp-json\/wp\/v2\/posts"}],"about":[{"href":"https:\/\/predstavnistvorsbg.rs\/sr-Latn\/wp-json\/wp\/v2\/types\/post"}],"author":[{"embeddable":true,"href":"https:\/\/predstavnistvorsbg.rs\/sr-Latn\/wp-json\/wp\/v2\/users\/1"}],"replies":[{"embeddable":true,"href":"https:\/\/predstavnistvorsbg.rs\/sr-Latn\/wp-json\/wp\/v2\/comments?post=4235"}],"version-history":[{"count":0,"href":"https:\/\/predstavnistvorsbg.rs\/sr-Latn\/wp-json\/wp\/v2\/posts\/4235\/revisions"}],"wp:featuredmedia":[{"embeddable":true,"href":"https:\/\/predstavnistvorsbg.rs\/sr-Latn\/wp-json\/wp\/v2\/media\/3362"}],"wp:attachment":[{"href":"https:\/\/predstavnistvorsbg.rs\/sr-Latn\/wp-json\/wp\/v2\/media?parent=4235"}],"wp:term":[{"taxonomy":"category","embeddable":true,"href":"https:\/\/predstavnistvorsbg.rs\/sr-Latn\/wp-json\/wp\/v2\/categories?post=4235"},{"taxonomy":"post_tag","embeddable":true,"href":"https:\/\/predstavnistvorsbg.rs\/sr-Latn\/wp-json\/wp\/v2\/tags?post=4235"}],"curies":[{"name":"wp","href":"https:\/\/api.w.org\/{rel}","templated":true}]}}