{"id":4236,"date":"2020-09-13T10:00:03","date_gmt":"2020-09-13T08:00:03","guid":{"rendered":"https:\/\/prs2.profimediagroup.com\/uncategorized-sr-latn\/sluzen-pomen-srbima-stradalim-u-napadu-na-zapadne-dijelove-republike-srpske\/"},"modified":"2023-04-06T22:35:26","modified_gmt":"2023-04-06T20:35:26","slug":"sluzen-pomen-srbima-stradalim-u-napadu-na-zapadne-dijelove-republike-srpske-ltn","status":"publish","type":"post","link":"https:\/\/predstavnistvorsbg.rs\/sr-Latn\/prethodni-dogadjaji-sr-latn\/sluzen-pomen-srbima-stradalim-u-napadu-na-zapadne-dijelove-republike-srpske-ltn\/","title":{"rendered":"Slu\u017een pomen Srbima stradalim u napadu na zapadne dijelove Republike Srpske"},"content":{"rendered":"<p>Danas je u Crkvi Blage Marije u fru\u0161kogorskom naselju Banstol, slu\u017een pomen Srbima koji su stradali u napadu\u00a0zdru\u017eenih\u00a0hrvatskih i muslimanskih snaga na 13 zapadnokraji\u0161kih op\u0161tina Republike Srpske od jula do oktobra 1995. godine. Nakon pomena polo\u017eeni su vijenci u \u010dast stradalih Kraji\u0161nika na spomen-krst u porti crkve.\u00a0Pomen je organizovao Savez kraji\u0161kih udru\u017eenja iz Novog Sada, i uprili\u010den je na Dan svetih mu\u010denika jasenova\u010dkih koji Srpska pravoslavna crkva obilje\u017eava kao slavu, a pomen je slu\u017eio otac Sini\u0161a Hrva\u010devi\u0107.<\/p>\n<p><img title=\"Obilje\u017eavanju prisustvuje Du\u0161ko \u0106utilo, direktor Fonda za pomo\u0107 izbjeglim i prognanim Vojvodine, Borislav Maksimovi\u0107, saradnik u Predstavni\u0161tvu R. Srpske u Srbiji, predstavnici zavi\u010dajnih udru\u017eenja iz nekada\u0161nje Republike Srpske Krajine, te izbjegli Srbi koji danas \u017eive u Srbiji\" src=\"\/wp-content\/uploads\/prethodni\/2020\/pomen_stradalim_srbima2.jpg\" alt=\"Obilje\u017eavanju prisustvuje Du\u0161ko \u0106utilo, direktor Fonda za pomo\u0107 izbjeglim i prognanim Vojvodine, Borislav Maksimovi\u0107, saradnik u Predstavni\u0161tvu R. Srpske u Srbiji, predstavnici zavi\u010dajnih udru\u017eenja iz nekada\u0161nje Republike Srpske Krajine, te izbjegli Srbi koji danas \u017eive u Srbiji\" width=\"1200\" border=\"0\" \/><\/p>\n<p>Obilje\u017eavanju su prisustvovali\u00a0Du\u0161ko \u0106utilo,\u00a0direktor\u00a0Fonda za pomo\u0107 izbjeglim i prognanim Vojvodine,\u00a0Borislav Maksimovi\u0107, saradnik za kulturu u Predstavni\u0161tvu Republike Srpske u Srbiji, predstavnici\u00a0zavi\u010dajnih udru\u017eenja iz nekada\u0161nje Republike Srpske Krajine, te izbjegli Srbi koji danas \u017eive u Srbiji.<\/p>\n<p><img title=\"Borislav Maksimovi\u0107, saradnik za kulturu u Predstavni\u0161tvu R. Srpske u Srbiji polo\u017eio vijenac u \u010dast stradalih Kraji\u0161nika\" src=\"\/wp-content\/uploads\/prethodni\/2020\/pomen_stradalim_srbima3.jpg\" alt=\"Borislav Maksimovi\u0107, saradnik za kulturu u Predstavni\u0161tvu R. Srpske u Srbiji polo\u017eio vijenac u \u010dast stradalih Kraji\u0161nika\" width=\"1200\" border=\"0\" \/><\/p>\n<p>Ranka Srdi\u0107 Mili\u0107, predsjednik Saveza kraji\u0161kih udru\u017eenja iz Novog Sada je\u00a0istakla da su dobro poznate razmjere zlo\u010dina nad Srbima u tih 13 zapadnokraji\u0161kih op\u0161tina.<\/p>\n<p>\u201eU Mrkonji\u0107 Gradu je bila masovna grobnica sa 181 stradalim Srbinom. Po drugim manjim naseljima tog podru\u010dja otkrivene su grobnice sa jo\u0161 186 ubijenih Srba&#8220;, rekla je Mili\u0107eva.<\/p>\n<p>Mili\u0107eva je napomenula da zvani\u010dna statistika ka\u017ee da je u tom periodu na prostoru 13 zapadnokraji\u0161kih op\u0161tina stradalo 1.674 Srba vojnika i civila, \u0161to nikada ne smije biti zaboravljeno.<\/p>\n<p>Ona je napomenula da je velika sila tada udarila na Srbe, sa svih starana su ih pritisli regularna Hrvatska vojska, Hrvatsko vije\u0107e odbrane \/HVO\/, Peti korpus tzv. Armije BiH Atifa Dudakovi\u0107a, a imali su i pomo\u0107 NATO pakta.<\/p>\n<p>Prema njenim rije\u010dima, pomeni na stradanja Srba u tom periodu 1995. godine obilje\u017eavaju se na mnogim strati\u0161tima zapadne Krajine.<\/p>\n<p>\u201eJu\u010de je bio na Klekova\u010di, potom na Vla\u0161i\u0107u gdje su pojedinci iz nekada\u0161nje Armije BiH poku\u0161ali da sprije\u010de pomen za 21 poginulog srpskog vojnika&#8220;, podsjetila je Mili\u0107eva.<\/p>\n<p>Prije 25 godina udru\u017eene snage Vojske Hrvatske,\u00a0HVO i Armije BiH\u00a0napale\u00a0su zapadni dio Republike Srpske i zauzele\u00a0op\u0161tine Glamo\u010d, Grahovo, Drvar, Bosanski Petrovac, Ripa\u010d \/Biha\u0107\/, Kupres, Jajce, Klju\u010d, Sanski Most, Krupu na Vrbasu, Srbobran \/Donji Vakuf\/, \u0160ipovo i Mrkonji\u0107 Grad\u00a0i protjerale\u00a0cjelokupno srpsko stanovni\u0161tvo\u00a0sa tih prostora.<\/p>\n","protected":false},"excerpt":{"rendered":"<p>Danas je u Crkvi Blage Marije u fru\u0161kogorskom naselju Banstol, slu\u017een pomen Srbima koji su stradali u napadu\u00a0zdru\u017eenih\u00a0hrvatskih i muslimanskih snaga na 13 zapadnokraji\u0161kih op\u0161tina Republike Srpske od jula do oktobra 1995. godine. Nakon pomena polo\u017eeni su vijenci u \u010dast stradalih Kraji\u0161nika na spomen-krst u porti crkve.\u00a0Pomen je organizovao Savez kraji\u0161kih udru\u017eenja iz Novog Sada,&#8230;<\/p>\n","protected":false},"author":1,"featured_media":3364,"comment_status":"closed","ping_status":"closed","sticky":false,"template":"","format":"standard","meta":[],"categories":[56],"tags":[71],"_links":{"self":[{"href":"https:\/\/predstavnistvorsbg.rs\/sr-Latn\/wp-json\/wp\/v2\/posts\/4236"}],"collection":[{"href":"https:\/\/predstavnistvorsbg.rs\/sr-Latn\/wp-json\/wp\/v2\/posts"}],"about":[{"href":"https:\/\/predstavnistvorsbg.rs\/sr-Latn\/wp-json\/wp\/v2\/types\/post"}],"author":[{"embeddable":true,"href":"https:\/\/predstavnistvorsbg.rs\/sr-Latn\/wp-json\/wp\/v2\/users\/1"}],"replies":[{"embeddable":true,"href":"https:\/\/predstavnistvorsbg.rs\/sr-Latn\/wp-json\/wp\/v2\/comments?post=4236"}],"version-history":[{"count":0,"href":"https:\/\/predstavnistvorsbg.rs\/sr-Latn\/wp-json\/wp\/v2\/posts\/4236\/revisions"}],"wp:featuredmedia":[{"embeddable":true,"href":"https:\/\/predstavnistvorsbg.rs\/sr-Latn\/wp-json\/wp\/v2\/media\/3364"}],"wp:attachment":[{"href":"https:\/\/predstavnistvorsbg.rs\/sr-Latn\/wp-json\/wp\/v2\/media?parent=4236"}],"wp:term":[{"taxonomy":"category","embeddable":true,"href":"https:\/\/predstavnistvorsbg.rs\/sr-Latn\/wp-json\/wp\/v2\/categories?post=4236"},{"taxonomy":"post_tag","embeddable":true,"href":"https:\/\/predstavnistvorsbg.rs\/sr-Latn\/wp-json\/wp\/v2\/tags?post=4236"}],"curies":[{"name":"wp","href":"https:\/\/api.w.org\/{rel}","templated":true}]}}