{"id":4247,"date":"2020-09-27T10:00:52","date_gmt":"2020-09-27T08:00:52","guid":{"rendered":"https:\/\/prs2.profimediagroup.com\/uncategorized-sr-latn\/svecano-urucene-ovogodisnje-povelje-morave\/"},"modified":"2023-04-06T22:39:25","modified_gmt":"2023-04-06T20:39:25","slug":"svecano-urucene-ovogodisnje-povelje-morave-ltn","status":"publish","type":"post","link":"https:\/\/predstavnistvorsbg.rs\/sr-Latn\/prethodni-dogadjaji-sr-latn\/svecano-urucene-ovogodisnje-povelje-morave-ltn\/","title":{"rendered":"Sve\u010dano uru\u010dene ovogodi\u0161nje Povelje Morave"},"content":{"rendered":"<p>U nedjelju 27.09.2020. godine su u Mr\u010dajevcima, u organizaciji Udru\u017eenja knji\u017eevnika Srbije i Mr\u010dajeva\u010dkih pjesni\u010dkih susreta, dodijeljene tradicionalne nagrade\u00a0<strong>Povelja Morave, <\/strong>koja se od 2007. godine dodjeljuje srpskim i svjetskim pjesnicima tako \u0161to se njihova imena upisuju u stijenu iznad ovog \u010desto opjevavanog \u0161umadijskog sela, kao trajan trag postojanja i pjevanja.<\/p>\n<p>U novoizgra\u0111enom anfiteatru na Trgu poezije, pored Osnovne \u0161kole \u201eTatomir An\u0111eli\u0107\u201c, prire\u0111eno je <em>Pjesni\u010dko podne<\/em>, program u kojem su, pored nagra\u0111enih pjesnika, u\u010destvovali i drugi pjesnici iz Beograda, \u010ca\u010dka, Kraljeva, Mr\u010dajevaca&#8230;<\/p>\n<p>Na brijegu iznad Mr\u010dajevaca, ispred stijene u koju su, pored prethodnih 39 imena srpskih i svjetskih pjesnika, upisana i imena ovogodi\u0161njih dobitnika ove presti\u017ene nagrade, svoje pjesme kazivali su nagra\u0111eni pjesnici: Ranko Preradovi\u0107 iz Republike Srpske, i Bratislav Milanovi\u0107 i Milo\u0161 Jankovi\u0107 iz Srbije. Nagrada je, pored upisivanja imena u stijenu, gramata i nov\u010dani dio.<\/p>\n<p>Specijalno za na\u0161 sajt ugledni pjesnik iz Banje Luke Ranko Preradovi\u0107 je izjavio:<\/p>\n<p>&#8211; Povelja Morave mi je utoliko dra\u017ea \u0161to se dodjeljuje u ovom prelijepom mjestu u centru \u0160umadije i jo\u0161 \u0161to sam prvi iz Republike Srpske koga je zapljusnula pjesni\u010dka Morava. Vjerujem da \u0107e poslije biti jo\u0161 pjesnika iz Republike Srpske i tome se unaprijed radujem.<\/p>\n<p>O ovogdi\u0161njim nagradama, o imenika koja su uklesana u najzna\u010dajniji kamen u \u0160umadiji, u Srbiji odlu\u010divao je \u017eiri u sastavu: Milovan Vitezovi\u0107 (predsjednik), Radomir Andri\u0107, Srba Ignjatovi\u0107, Zorica Arsi\u0107 Mandari\u0107 i Lune Levajac.<\/p>\n<p>&#8211; \u017delim i da podsjetim da je grupa pjesnika iz Banje Luke 2003. godine sara\u0111ivala sa kolegama iz Mr\u010dajevaca, pa smo \u010dak objavili i dva zajedni\u010dka zbornika poezije \u2013 rekao je na kraju bard banjalu\u010dke poezije Ranko Preradovi\u0107.<\/p>\n<p>Predstavni\u0161tvo Republike Srpske u Srbiji je podr\u017ealo ovaj projekat Udru\u017eenja knji\u017eevnika Srbije.<\/p>\n","protected":false},"excerpt":{"rendered":"<p>U nedjelju 27.09.2020. godine su u Mr\u010dajevcima, u organizaciji Udru\u017eenja knji\u017eevnika Srbije i Mr\u010dajeva\u010dkih pjesni\u010dkih susreta, dodijeljene tradicionalne nagrade\u00a0Povelja Morave, koja se od 2007. godine dodjeljuje srpskim i svjetskim pjesnicima tako \u0161to se njihova imena upisuju u stijenu iznad ovog \u010desto opjevavanog \u0161umadijskog sela, kao trajan trag postojanja i pjevanja. U novoizgra\u0111enom anfiteatru na Trgu&#8230;<\/p>\n","protected":false},"author":1,"featured_media":3368,"comment_status":"closed","ping_status":"closed","sticky":false,"template":"","format":"standard","meta":[],"categories":[56],"tags":[71],"_links":{"self":[{"href":"https:\/\/predstavnistvorsbg.rs\/sr-Latn\/wp-json\/wp\/v2\/posts\/4247"}],"collection":[{"href":"https:\/\/predstavnistvorsbg.rs\/sr-Latn\/wp-json\/wp\/v2\/posts"}],"about":[{"href":"https:\/\/predstavnistvorsbg.rs\/sr-Latn\/wp-json\/wp\/v2\/types\/post"}],"author":[{"embeddable":true,"href":"https:\/\/predstavnistvorsbg.rs\/sr-Latn\/wp-json\/wp\/v2\/users\/1"}],"replies":[{"embeddable":true,"href":"https:\/\/predstavnistvorsbg.rs\/sr-Latn\/wp-json\/wp\/v2\/comments?post=4247"}],"version-history":[{"count":0,"href":"https:\/\/predstavnistvorsbg.rs\/sr-Latn\/wp-json\/wp\/v2\/posts\/4247\/revisions"}],"wp:featuredmedia":[{"embeddable":true,"href":"https:\/\/predstavnistvorsbg.rs\/sr-Latn\/wp-json\/wp\/v2\/media\/3368"}],"wp:attachment":[{"href":"https:\/\/predstavnistvorsbg.rs\/sr-Latn\/wp-json\/wp\/v2\/media?parent=4247"}],"wp:term":[{"taxonomy":"category","embeddable":true,"href":"https:\/\/predstavnistvorsbg.rs\/sr-Latn\/wp-json\/wp\/v2\/categories?post=4247"},{"taxonomy":"post_tag","embeddable":true,"href":"https:\/\/predstavnistvorsbg.rs\/sr-Latn\/wp-json\/wp\/v2\/tags?post=4247"}],"curies":[{"name":"wp","href":"https:\/\/api.w.org\/{rel}","templated":true}]}}