{"id":4250,"date":"2020-10-10T10:00:33","date_gmt":"2020-10-10T08:00:33","guid":{"rendered":"https:\/\/prs2.profimediagroup.com\/uncategorized-sr-latn\/emitovana-prva-od-sest-tv-emisija-ovogodisnje-manifestacije-dani-srpske-u-srbiji\/"},"modified":"2023-04-06T22:41:19","modified_gmt":"2023-04-06T20:41:19","slug":"emitovana-prva-od-sest-tv-emisija-ovogodisnje-manifestacije-dani-srpske-u-srbiji-ltn","status":"publish","type":"post","link":"https:\/\/predstavnistvorsbg.rs\/sr-Latn\/prethodni-dogadjaji-sr-latn\/emitovana-prva-od-sest-tv-emisija-ovogodisnje-manifestacije-dani-srpske-u-srbiji-ltn\/","title":{"rendered":"Emitovana prva od \u0161est tv emisija ovogodi\u0161nje manifestacije &#8222;Dani Srpske u Srbiji&#8220;"},"content":{"rendered":"<p>Po\u0161tuju\u0107i sve preporuke i ograni\u010denja zbog pandemije virusa korona, Predstavni\u0161tvo Republike Srpske u Srbiji svoju osmu manifestaciju \u201eDani Srpske u Srbiji\u201c organizuje i realizuje kao \u0161est kola\u017enih tv emisija na RTRS-u, RTS-u i 44 regionalne i lokalne televizije.<\/p>\n<p>U prvoj emisiji koja je bila posve\u0107ena institucijalnoj saradnji Srbije i Srpske, gosti u studiju RTRS-a u Banjaluci bili su ministar za evropske integracije i regionalnu saradnju Zlatan Kloki\u0107 i \u0161ef Predstavni\u0161tva Republike Srpske u Srbiji Mla\u0111en Cicovi\u0107, a specijalno snimljene izjave dali su NJegova Svetost patrijarh sprpski g. Irinej, Predsjednica Republike Srpske gospo\u0111a \u017deljka Cvijanovi\u0107 i srpski \u010dlan Predsjedni\u0161tva BiH Milorad Dodik.<\/p>\n<p><strong>NJegova Svetost patrijarh srpski g. Irinej,<\/strong> izrazio je nadu da \u0107e Srbi u Republici Srpskoj i Srbiji, kao jedan narod, imati zajedni\u010dku budu\u0107nost.<\/p>\n<p>&#8211; Taj narod ima isti jezik, vjeru, istoriju i kulturu \u2013 rekao je patrijarh i, naglasiv\u0161i da je srpski narod nekada bio u jednoj dr\u017eavi, ali da silom prilika, a velikim dijelom i zbog djelovanja mo\u0107nika ovoga svijeta, danas \u017eivi u dvije dr\u017eave, dodao:<\/p>\n<p>&#8211; Iako smo u dvije dr\u017eave, mi smo jedan narod. Sve nam je zajedni\u010dko, pro\u0161lost, sada\u0161njost, a nadamo se i budu\u0107nost!<\/p>\n<p><strong>Predsjednica Republike Srpske \u017deljka Cvijanovi\u0107<\/strong> izjavila je da je sre\u0107na \u0161to gra\u0111ani Srpske imaju oslonac u Srbiji i \u0161to se Srbija raduje svakom uspjehu Srpske, te poru\u010dila da treba crpiti snagu iz na\u0161eg zajedni\u0161tva.<\/p>\n<p>&#8211; Na\u0161a stremljenja i podsticaj koje dajemo jedni drugima i podr\u0161ka koja tu postoji, ne\u0161to je \u0161to je neupitno! \u2013 rekla je Predsjednica nagla\u0161avaju\u0107i da je zahvalna Srbiji \u0161to je pokazala konkretnu dimenziju te saradnje posljednjih godina, te podsjetila da su Vlada Srbije i predsjednik Srbije i druge institucije u\u010de\u0161\u0107em zna\u010dajno uticali da se brojni va\u017eni projekti realizuju u Republici Srpskoj. Izjavvi\u0161i da je zaista sre\u0107na zbog toga, te dodala: &#8211; Definitivno strate\u0161ki projekat Republike Srpske jeste povezati Banjaluku i Beograd auto-putem koji \u0107e i\u0107i kroz na\u0161u teritoriju. To zna\u010di mnogo, jer \u0107e dati i neke nove razvojne \u0161anse Republici Srpskoj!<\/p>\n<p><strong>Srpski \u010dlan Predsjedni\u0161tva BiH Milorad Dodik<\/strong> je rekao da je veoma ponosan \u0161to se ve\u0107 tradicionalno odr\u017eavaju susreti Republike Srpske i Srbije.<\/p>\n<p>&#8211; Za nas koji \u017eivimo u Republici Srpskoj to je veoma bitan doga\u0111aj. Sa puno emocija i ove godine \u017eelimo da na najbolji mogu\u0107i na\u010din Srbiji prika\u017eemo na\u0161e kapacitete i animiramo zainteresovanost za Republiku Srpsku u svim njenim segmentima, privrednom, kulturnom i obrazovnom.<\/p>\n<p>Dodik je naveo i da je saradnja posljednjih godina jo\u0161 vidljivija, zahvaljuju\u0107i ulaganjima Vlade Srbije u svim op\u0161tinama u Srpskoj, \u0161to je realizovano na prijedlog predsjednika Srbije Aleksandra Vu\u010di\u0107a, te dodao:<\/p>\n<p>&#8211; Danas smo bogatiji za mnogo vrti\u0107a, za izgra\u0111ene vodovode, adaptirane \u0161kole, domove kulture i zdravlja i sve ono \u0161to je dio tog projekta. Ovi susreti zato u potpunosti ostvaruju ciljeve! \u2013 rekao je srpdki \u010dlan Predstavni\u0161tva BiH Milorad Dodik.<\/p>\n<p><img title=\"Zlatan Kloki\u0107, ministar za evropske integracije i regionalnu saradnju R. Srpske u tv emisiji u okviru manifestacije \u201eDani Srpske u Srbiji\u201c\" src=\"\/wp-content\/uploads\/prethodni\/2020\/poceli_dani_srpske2.jpg\" alt=\"Zlatan Kloki\u0107, ministar za evropske integracije i regionalnu saradnju R. Srpske u tv emisiji u okviru manifestacije \u201eDani Srpske u Srbiji\u201c\" width=\"1200\" border=\"0\" \/><\/p>\n<p>Kao gosti u studiju RTRS-a u Banjaluci <strong>ministar za evropske integracije i regionalnu saradnju Zlatan Kloki\u0107 i \u0161ef Predstavni\u0161tva Republike Srpske u Srbiji Mla\u0111en Cicovi\u0107 <\/strong>su naglasili zna\u010daj institucionalne saradnje Srbije i Srpske u svim oblastima: privredi, nauci, prosvjeti, kulturi i umjetnosti, sportu.<\/p>\n<p><strong>Ministar za evropske integracije i regionalnu saradnju Zlatan Kloki\u0107<\/strong> je izrazio zadovoljstvo zbog saradnje institucija dvije republike, te posebno istakao projekat \u201ePodrinje&#8220;, kao i zajedni\u010dke sjednice dvije vlade, veoma dobre kontakte Ministarstva za evropske integracije Srpske sa vojvo\u0111anskim Sekretarijatom za me\u0111unarodne odnose i sa resornim ministarstvom Srbije i ministrom Jadrankom Joksimovi\u0107.<\/p>\n<p>Ministar Kloki\u0107 je naveo da je saradnja Srpske i Srbije na obostranu korist gra\u0111ana, te podsjetio na infrastrukturne projekte, kao \u0161to je most \u201eBratoljub&#8220; preko Drine izme\u0111u Bratunca i LJubovije, te dionica Bijeljina-Ra\u010da na budu\u0107em auto-putu od Beograda ka Banjaluci, ali i planirani aerodrom u Trebinju, gasna veza izme\u0111u Bijeljine i Isto\u010dnog Sarajeva, kao i zajedni\u010dki rad u oblasti namjenske industrije.<br \/>\n&#8211; O\u010dekujem i dalje jako dobru saradnju sa svima u Srbiji &#8211; rekao je Kloki\u0107, te dodao da zajedni\u010dke sjednice dvije vlade daju smjernice budu\u0107e saradnje i podsjetio da je ministarstvo na \u010dijem je \u010delu donijelo Strate\u0161ki okvir usagla\u0161en sa ciljevima Memoranduma o saradnji matice i srpske dijaspore, koji se odnose na o\u010duvanje srpskog jezika, \u0107irilice, kulture i tradicije, te zahvalio i Ministarstvu prosvjete Srbije koje je u projekat u\u010denja srpskog jezika u dijaspori uklju\u010dilo i djecu iz Republike Srpske. On je napomenuo da se ti projekti realizuju zajedno sa predstavni\u0161tvima Republike Srpske i u Austriji i NJema\u010dkoj.<\/p>\n<p><img title=\"Mla\u0111en Cicovi\u0107, \u0161ef Predstavni\u0161tva R. Srpske u Srbiji u tv emisiji u okviru manifestacije \u201eDani Srpske u Srbiji\u201c\" src=\"\/wp-content\/uploads\/prethodni\/2020\/poceli_dani_srpske3.jpg\" alt=\"Mla\u0111en Cicovi\u0107, \u0161ef Predstavni\u0161tva R. Srpske u Srbiji u tv emisiji u okviru manifestacije \u201eDani Srpske u Srbiji\u201c\" width=\"1200\" border=\"0\" \/><\/p>\n<p><strong>\u0160ef Predstavni\u0161tva Republike Srpske u Srbiji Mla\u0111en Cicovi\u0107<\/strong> rekao je da ovo predstavni\u0161tvo manifestacijom \u201eDani Srpske u Srbiji\u201c, projektima iz kulture, umjetnosti, privrede, obrazovanja, nauke i sporta, \u017eeli da predstavi Srpsku u Srbiji i doprinese saradnji gra\u0111ana, privrednika i institucija u Srbiji i Republici Srpskoj.<\/p>\n<p>&#8211; Ova manifestacija na najbolji na\u010din ja\u010da saradnju Republike Srpske i Srbije i predstavlja potencijale Srpske &#8211; rekao je Cicovi\u0107 i podsjetio na projekte koje realizuje Predstavni\u0161tvo, kao \u0161to su predstavljanje privrede i turizma na sajmovima u Srbiji, institucionalni nastup Republike Srpske na Sajamu knjiga, organizacija gostovanja pozori\u0161ta iz Srpske u Srbiji, pa etno-grupa, u\u010de\u0161\u0107e Srpske u dje\u010dijoj manifestaciji &#8222;Licidersko srce&#8220;, a posebna pa\u017enja posve\u0107ena je projektima za\u0161tite srpskog jezika, kulture i tradicije, jer je to garancija opstanka srpskog naroda na ovim prostorima.<br \/>\n&#8211; Najva\u017enije je da razumijemo da saradnja nas sa obje strane Drine mora da bude dobra, jer je to garancija za na\u0161u budu\u0107nost, ali i ovog regiona. Sve \u0161to rade Srbija i Srpska usmjereno je na ostvarivanje vlastitih ciljeva, ali i regionalne stabilnosti i razvoja regiona &#8211; poru\u010dio je Cicovi\u0107 i dodao: &#8211; Mi sebe u Predstavni\u0161tvu Srpske u Srbiji do\u017eivljavao i kao predstavni\u0161tvo Srbije, jer mi smo zadu\u017eeni za ja\u010danje odnosa Srpske i Srbije. Sve projekte predstavljamo tako da budu na dobrobit gra\u0111ana i Srpske, i Srbije.<\/p>\n<p>Tema ve\u010dera\u0161nje, druge emisije \u0107e biti privredna saradnja Srpske i Srbije.<\/p>\n","protected":false},"excerpt":{"rendered":"<p>Po\u0161tuju\u0107i sve preporuke i ograni\u010denja zbog pandemije virusa korona, Predstavni\u0161tvo Republike Srpske u Srbiji svoju osmu manifestaciju \u201eDani Srpske u Srbiji\u201c organizuje i realizuje kao \u0161est kola\u017enih tv emisija na RTRS-u, RTS-u i 44 regionalne i lokalne televizije. U prvoj emisiji koja je bila posve\u0107ena institucijalnoj saradnji Srbije i Srpske, gosti u studiju RTRS-a u&#8230;<\/p>\n","protected":false},"author":1,"featured_media":3370,"comment_status":"closed","ping_status":"closed","sticky":false,"template":"","format":"standard","meta":[],"categories":[56],"tags":[71],"_links":{"self":[{"href":"https:\/\/predstavnistvorsbg.rs\/sr-Latn\/wp-json\/wp\/v2\/posts\/4250"}],"collection":[{"href":"https:\/\/predstavnistvorsbg.rs\/sr-Latn\/wp-json\/wp\/v2\/posts"}],"about":[{"href":"https:\/\/predstavnistvorsbg.rs\/sr-Latn\/wp-json\/wp\/v2\/types\/post"}],"author":[{"embeddable":true,"href":"https:\/\/predstavnistvorsbg.rs\/sr-Latn\/wp-json\/wp\/v2\/users\/1"}],"replies":[{"embeddable":true,"href":"https:\/\/predstavnistvorsbg.rs\/sr-Latn\/wp-json\/wp\/v2\/comments?post=4250"}],"version-history":[{"count":0,"href":"https:\/\/predstavnistvorsbg.rs\/sr-Latn\/wp-json\/wp\/v2\/posts\/4250\/revisions"}],"wp:featuredmedia":[{"embeddable":true,"href":"https:\/\/predstavnistvorsbg.rs\/sr-Latn\/wp-json\/wp\/v2\/media\/3370"}],"wp:attachment":[{"href":"https:\/\/predstavnistvorsbg.rs\/sr-Latn\/wp-json\/wp\/v2\/media?parent=4250"}],"wp:term":[{"taxonomy":"category","embeddable":true,"href":"https:\/\/predstavnistvorsbg.rs\/sr-Latn\/wp-json\/wp\/v2\/categories?post=4250"},{"taxonomy":"post_tag","embeddable":true,"href":"https:\/\/predstavnistvorsbg.rs\/sr-Latn\/wp-json\/wp\/v2\/tags?post=4250"}],"curies":[{"name":"wp","href":"https:\/\/api.w.org\/{rel}","templated":true}]}}