{"id":4253,"date":"2020-10-11T10:00:01","date_gmt":"2020-10-11T08:00:01","guid":{"rendered":"https:\/\/prs2.profimediagroup.com\/uncategorized-sr-latn\/premijeri-i-ministri-srpske-i-srbije-u-drugoj-tv-emisiji-manifestacije-dani-srpske-u-srbiji\/"},"modified":"2023-04-06T22:42:17","modified_gmt":"2023-04-06T20:42:17","slug":"premijeri-i-ministri-srpske-i-srbije-u-drugoj-tv-emisiji-manifestacije-dani-srpske-u-srbiji-ltn","status":"publish","type":"post","link":"https:\/\/predstavnistvorsbg.rs\/sr-Latn\/prethodni-dogadjaji-sr-latn\/premijeri-i-ministri-srpske-i-srbije-u-drugoj-tv-emisiji-manifestacije-dani-srpske-u-srbiji-ltn\/","title":{"rendered":"Premijeri i ministri Srpske i Srbije u drugoj tv emisiji manifestacije &#8222;Dani Srpske u Srbiji&#8220;"},"content":{"rendered":"<p>Druga kola\u017ena tv emisija manifestacije \u201eDani Srpske u Srbiji\u201c koju Predstavni\u0161tvo Republike Srpske u Srbiji ove godine organizuje i realizuje na RTRS-u, RTS-u i 44 regionalne i lokalne televizije Srbije bila je posve\u0107ena privrednoj saradnji Srbije i Srpske. Specijalno snimljene video izjave dali su Ana Brnabi\u0107, predsednica Vlade Republike Srbije i Radovan Vi\u0161kovi\u0107, predsjednik Vlade Republike Srpske, a u studiju su gostovali ministri poljoprivrede, \u0161umarstva i vodoprivrede\u00a0 \u00a0Republike Srpske i Srbije, Boris Pa\u0161ali\u0107 i Branislav Nedimovi\u0107, a potom predsjednik Podru\u010dne privredne komore Banjaluke Goran Ra\u010di\u0107.<\/p>\n<p><strong>Predsednica Vlade Srbije Ana Brnabi\u0107<\/strong> poru\u010dila je da \u0107e budu\u0107a Vlada Srbije, koja \u0107e uskoro biti formirana, nastaviti da radi na ekonomskoj, politi\u010dkoj i svakoj drugoj podr\u0161ci Republici Srpskoj i srpskom narodu, po\u0161tuju\u0107i teritorijalni integritet i suverenitet BiH.<\/p>\n<p>\u201e\u017delim vam svu sre\u0107u, ra\u010dunajte na dalju podr\u0161ku Vlade Srbije. To se ne\u0107e promeniti bez obzira na to \u0161to \u0107e se neki ljudi svakako ovde menjati. To su na\u0161e posebne, paralelne veze, to je ne\u0161to \u0161to Srbija duguje Republici Srpskoj i na\u0161em narodu sa one strane Drine i \u0161to se u budu\u0107nosti nikako ne\u0107e menjati&#8220;, izjavila je Ana Brnabi\u0107, dodaju\u0107i da o\u010dekuje i da \u0107e prva posjeta novog premijera Srbije biti upravo posjeta Banjaluci.<\/p>\n<p>\u201eTokom mandata ove vlade trudili smo se da odr\u017eimo kontinuitet koji je postavio Aleksandar Vu\u010di\u0107 jo\u0161 kao predsednik Vlade 2014. godine &#8211; saradnje posebnih, paralelnih veza sa Republikom Srpskom i na\u0161im narodom u Republici Srpskoj i BiH\u201c, rekla je predsednica Brnabi\u0107.<\/p>\n<p>Ona je ukazala da je Srbija nastojala da upu\u0107uje i finansijsku pomo\u0107 i podr\u0161ku u vidu novih investicija, kao i da jo\u0161 ne\u0161to dodatno uradi sa rukovodstvom Republike Srpske, koje je i samo mnogo u\u010dinilo za pobolj\u0161anje kvaliteta \u017eivota u Republici Srpskoj.<\/p>\n<p>\u201eMeni je od projekata posebno va\u017eno 500 digitalnih u\u010dionica, ne\u0161to na \u010demu jo\u0161 radimo i \u0161to nam ostaje da zavr\u0161imo u bliskoj budu\u0107nosti, a onda i da nastavimo taj projekat&#8220;, rekla je Brnabi\u0107eva i ukazala da je to va\u017ean projekat, jer pokazuje da Srbija i Republika Srpska prate trendove u svijetu i da po mnogo \u010demu mogu da budu ispred mnogih zemalja EU, a rije\u010d je o projektu za mlade, koji su budu\u0107nost Srbije, Republike Srpske i cjelokupnog srpskog naroda.<\/p>\n<p><strong>Predsjednik Vlade Republike Srpske Radovan Vi\u0161kovi\u0107<\/strong> je istakao zna\u010daj specijalnih i paralelnih veza sa Srbijom, \u0161to se posebno ogleda u ulaganjima u bolje uslove \u017eivota gra\u0111ana Srpske i da je od 2017. godine do danas bud\u017eetu Republike Srpske od Srbije dozna\u010deno oko 53 miliona evra, a taj novac je i\u0161ao i za srpske op\u0161tine u Federaciji BiH i za Distrikt Br\u010dko.<\/p>\n<p>Drugog dana manifestacije \u201eDani Srpske u Srbiji\u201c, Vi\u0161kovi\u0107 je ukazao da skoro da nema nijedne lokalne zajednice u Republici Srpskoj koja od ovog novca nije dobila neki od projekata, a istakao je i zna\u010daj zajedni\u010dkih projekata. Jedan od njih, dodao je, jeste najava izgradnje dijela auto-puta od Ra\u010de do Bijeljine, za \u0161ta je predsjednik Srbije Aleksandar Vu\u010di\u0107 obe\u0107ao da \u0107e Srbija donirati Srpskoj 100 miliona evra za izgradnju 17 kilometara te dionice i podsjetio da se ve\u0107 gradi most na Ra\u010di, koji je kompletno investicija Srbije, kao i da su na posljednjem sastanku rukovodstva Republike Srpske sa rukovodstvom Srbije u Beogradu dogovarani i neki drugi projekti saradnje me\u0111u kojima i industrijske zone u pograni\u010dnom dijelu.<\/p>\n<p>Vi\u0161kovi\u0107 je napomenuo da je obilje\u017een i zajedni\u010dki praznik Srpskog jedinstva, slobode i nacionalne zastave, i dogovoreno podizanje spomenika u Donjoj Gradini, koji \u0107e trajno svjedo\u010diti zlo\u010din NDH nad srpskim stanovni\u0161tvom i gdje \u0107e se budu\u0107e generacije na jednom mjestu mo\u0107i informisati o tim doga\u0111ajima.<\/p>\n<p>Premijer Srpske podsjetio je i da Srbija u potpunosti finansira projekat izgradnje novog aerodroma u Trebinju, koji \u0107e biti veoma zna\u010dajan za Republiku Srpsku.<\/p>\n<p>\u201eDa li je ovo prevazi\u0161lo specijalne i paralelne veze? Ja bih rekao \u2013 jeste, i to na dobrobit i zadovoljstvo i jedne i druge strane. Mi smo se prvi put odmakli od onog `mi smo bra\u0107a i na tome se to i zavr\u0161i`. Sad imamo konkretnu saradnju koja se de\u0161ava od kada je predsjednik Vu\u010di\u0107 bio i premijer&#8220;, zaklju\u010dio je Vi\u0161kovi\u0107.<\/p>\n<p><img title=\"Boris Pa\u0161ali\u0107, ministar poljoprivrede, \u0161umarstva i vodoprivrede u Vladi R. Srpske u tv emisiji u okviru manifestacije \u201eDani Srpske u Srbiji\u201c\" src=\"\/wp-content\/uploads\/prethodni\/2020\/drugi_dan_rs3.jpg\" alt=\"Boris Pa\u0161ali\u0107, ministar poljoprivrede, \u0161umarstva i vodoprivrede u Vladi R. Srpske u tv emisiji u okviru manifestacije \u201eDani Srpske u Srbiji\u201c\" width=\"1200\" border=\"0\" \/><\/p>\n<p><strong>Ministri poljoprivrede, \u0161umarstva i vodoprivrede Republike Srpske i Srbije\u00a0 Nedimovi\u0107 i Pa\u0161ali\u0107<\/strong> ocijenili su da je saradnja dva ministarstva jedna od najintenzivnijih u vladama Srbije i Srpske, te su istakli potencijale koje pru\u017ea saradnja u agroturizmu i proizvodnji organske hrane.<\/p>\n<p><strong>Ministar poljoprivrede, \u0161umarstva i vodoprivrede u Vladi Republike Srpske Boris Pa\u0161ali\u0107<\/strong> je naveo da su Nedimovi\u0107 i Vlada Srbije obezbijedili odre\u0111ene koli\u010dine i zalihe za Srpsku, \u0161to je pomoglo da se prevazi\u0111u problemi u pandemiji.<\/p>\n<p>\u201eZahvaljuju\u0107i uspje\u0161noj proizvodnoj sezoni sada taj problem nemamo, ali va\u017eno je da imamo stalnu komunikaciju i veoma dobru saradnju\u201c, rekao je Pa\u0161ali\u0107 i ukazao da Republika Srpska ima preduslove za razvoj proizvodnje organske hrane, te naveo podatak da je izvoz organskih proizvoda dostigao oko pet miliona KM, a postoji i trend rasta.<\/p>\n<p>Pa\u0161ali\u0107 je napomenuo da je pove\u0107anjem podsticaja za organsku proizvodnju u pro\u0161loj i ovoj godini Srpska obezbijedila da ve\u0107 sada ima 100 proizvo\u0111a\u010da u sistemu organske proizvodnje i oko 600 hektara, \u0161to je duplo vi\u0161e nego pro\u0161le godine i zahvalio je Nedimovi\u0107u, jer je na njegovu intervenciju jedna sertifikaciona ku\u0107a iz Subotice prvi put otvorila predstavni\u0161tvo u Republici Srpskoj, pa sada Srpska ima svoju takvu ku\u0107u.<\/p>\n<p>Ministar Pa\u0161ali\u0107 je iznio podatak da je Srpska od januara do septembra izvezla u Srbiju oko 2.500 tona smrznutih malina u vrijednosti od oko pet miliona evra, kao i \u0161ljive i jabuke vrijednosti ve\u0107e od 10 miliona evra i ukazao na podr\u0161ku Ministarstva poljoprivrede, \u0161umarstva i vodoprivrede Srbije kada je rije\u010d o dokumentaciji, a kao primjer je naveo da Srpska sada priprema dosije za izvoz sadnica u EU, pri \u010demu mo\u017ee da se koristi materijalima koje je Srbija ve\u0107 prirpemila pro\u0161le godine i samo ih prilagodi svojim uslovima.<\/p>\n<p>Pa\u0161ali\u0107 je naveo da je pandemija usporila rad na realizaciji memoranduma dva ministarstva o saradnji u protivgradnoj preventivi i naveo da je ura\u0111en elaborat o 30 protivgradnih stanica na prostoru izme\u0111u Zvornika i Fo\u010de.<\/p>\n<p>\u201eOdredili smo lokacije, uredili imovinsko-pravne odnose, izuzeli to zemlji\u0161te i \u010dekamo da krene monta\u017ea. Radi se o 30 stanica i \u0161est antenskih stubova koji omogu\u0107avaju komunikaciju izme\u0111u tih stanica, i tih stanica sa na\u0161im centrom u Novoj Topoli, tako da \u0107e to biti dio integralnog sistema za\u0161tite koji \u0107e \u0161tititi od grada podru\u010dje uz rijeku Drinu i u Srpskoj i u Srbiji&#8220;, rekao je Pa\u0161ali\u0107.<\/p>\n<p><img title=\"Branislav Nedimovi\u0107, ministar poljoprivrede, \u0161umarstva i vodoprivrede u Vladi R. Srbije u tv emisiji u okviru manifestacije \u201eDani Srpske u Srbiji\u201c\" src=\"\/wp-content\/uploads\/prethodni\/2020\/drugi_dan_rs2.jpg\" alt=\"Branislav Nedimovi\u0107, ministar poljoprivrede, \u0161umarstva i vodoprivrede u Vladi R. Srbije u tv emisiji u okviru manifestacije \u201eDani Srpske u Srbiji\u201c\" width=\"1200\" border=\"0\" \/><\/p>\n<p><strong>Ministar poljoprivrede, \u0161umarstva i vodoprivrede \u00a0u Vladi Republike Srbije Branislav Nedimovi\u0107<\/strong> je ukazao da Srpsku i Srbiju mu\u010de iste muke i u sektoru prehrambene industrije i primarne poljoprivredne proizvodnje. On je ocijenio da \u0107e infrastrukturni projekat &#8211; dionica auto-puta od Kuzmina preko Ra\u010de do Bijeljine i most preko Save, donijeti dramati\u010dne promjene u pozitivnom smislu, kada je rije\u010d o protoku ljudi, roba i kapitala i da \u0107e agroturizam, koji je u ekspanziji, biti novi kanal za rast poljoprivredne proizvodnje, odnosno prera\u0111iva\u010dke industrije.<\/p>\n<p>\u201eTo je veliki potencijal koji mo\u017eemo da razvijemo zajedno, a ako bude volje, spreman sam da sa Pa\u0161ali\u0107em radim na projektu razvoja agro-turizma Republike Srpske i Srbije, jer to je platforma koja vu\u010de sve ono \u0161to radimo svaki dan u poljoprivredi&#8220;, zaklju\u010dio je Nedimovi\u0107.<\/p>\n<p><img title=\"Goran Ra\u010di\u0107, predsjednik Podru\u010dne privredne komore Banjaluke u tv emisiji u okviru manifestacije \u201eDani Srpske u Srbiji\u201c\" src=\"\/wp-content\/uploads\/prethodni\/2020\/drugi_dan_rs4.jpg\" alt=\"Goran Ra\u010di\u0107, predsjednik Podru\u010dne privredne komore Banjaluke u tv emisiji u okviru manifestacije \u201eDani Srpske u Srbiji\u201c\" width=\"1200\" border=\"0\" \/><\/p>\n<p><strong>Predsjednik Podru\u010dne privredne komore Banjaluke Goran Ra\u010di\u0107<\/strong> ukazao je da je Srbija daleko najve\u0107i spoljnotrgovinski partner Republike Srpske i da u ukupnoj razmjeni Srpske u\u010destvuje sa oko 16,5 odsto, pri \u010demu gra\u0111ani Srpske tretiraju proizvode iz Srbije kao doma\u0107e proizvode.<\/p>\n<p>\u201eOsim \u0161to je nave\u0107i spoljnotrgovinski partner Republike Srpske, Srbija je i najve\u0107i investitor. U proteklih 10 godina, od ukupnog obima stranih investicija, koje iznose oko 5,3 milijarde KM, Srbija je u ukupnoj strukturi u\u010destvovala sa 36 odsto\u201c, rekao je Ra\u010di\u0107.<\/p>\n<p>Tema ve\u010dera\u0161nje, tre\u0107e emisije \u0107e biti saradnja u oblasti nauke, informacionih tehnologija i visokog obrazovanja; gost u studiju je Sr\u0111an Raj\u010devi\u0107 &#8211; ministar za nau\u010dno-tehnolo\u0161ki razvoj, visoko obrazovanje i informaciono dru\u0161tvo.<\/p>\n","protected":false},"excerpt":{"rendered":"<p>Druga kola\u017ena tv emisija manifestacije \u201eDani Srpske u Srbiji\u201c koju Predstavni\u0161tvo Republike Srpske u Srbiji ove godine organizuje i realizuje na RTRS-u, RTS-u i 44 regionalne i lokalne televizije Srbije bila je posve\u0107ena privrednoj saradnji Srbije i Srpske. Specijalno snimljene video izjave dali su Ana Brnabi\u0107, predsednica Vlade Republike Srbije i Radovan Vi\u0161kovi\u0107, predsjednik Vlade&#8230;<\/p>\n","protected":false},"author":1,"featured_media":3372,"comment_status":"closed","ping_status":"closed","sticky":false,"template":"","format":"standard","meta":[],"categories":[56],"tags":[71],"_links":{"self":[{"href":"https:\/\/predstavnistvorsbg.rs\/sr-Latn\/wp-json\/wp\/v2\/posts\/4253"}],"collection":[{"href":"https:\/\/predstavnistvorsbg.rs\/sr-Latn\/wp-json\/wp\/v2\/posts"}],"about":[{"href":"https:\/\/predstavnistvorsbg.rs\/sr-Latn\/wp-json\/wp\/v2\/types\/post"}],"author":[{"embeddable":true,"href":"https:\/\/predstavnistvorsbg.rs\/sr-Latn\/wp-json\/wp\/v2\/users\/1"}],"replies":[{"embeddable":true,"href":"https:\/\/predstavnistvorsbg.rs\/sr-Latn\/wp-json\/wp\/v2\/comments?post=4253"}],"version-history":[{"count":0,"href":"https:\/\/predstavnistvorsbg.rs\/sr-Latn\/wp-json\/wp\/v2\/posts\/4253\/revisions"}],"wp:featuredmedia":[{"embeddable":true,"href":"https:\/\/predstavnistvorsbg.rs\/sr-Latn\/wp-json\/wp\/v2\/media\/3372"}],"wp:attachment":[{"href":"https:\/\/predstavnistvorsbg.rs\/sr-Latn\/wp-json\/wp\/v2\/media?parent=4253"}],"wp:term":[{"taxonomy":"category","embeddable":true,"href":"https:\/\/predstavnistvorsbg.rs\/sr-Latn\/wp-json\/wp\/v2\/categories?post=4253"},{"taxonomy":"post_tag","embeddable":true,"href":"https:\/\/predstavnistvorsbg.rs\/sr-Latn\/wp-json\/wp\/v2\/tags?post=4253"}],"curies":[{"name":"wp","href":"https:\/\/api.w.org\/{rel}","templated":true}]}}