{"id":4260,"date":"2020-10-12T10:00:00","date_gmt":"2020-10-12T08:00:00","guid":{"rendered":"https:\/\/prs2.profimediagroup.com\/uncategorized-sr-latn\/bratska-ministarstva-bratskih-drzava-bratski-i-rade\/"},"modified":"2023-04-07T21:14:44","modified_gmt":"2023-04-07T19:14:44","slug":"bratska-ministarstva-bratskih-drzava-bratski-i-rade-ltn","status":"publish","type":"post","link":"https:\/\/predstavnistvorsbg.rs\/sr-Latn\/prethodni-dogadjaji-sr-latn\/bratska-ministarstva-bratskih-drzava-bratski-i-rade-ltn\/","title":{"rendered":"Bratska ministarstva bratskih dr\u017eava \u2013 bratski i rade"},"content":{"rendered":"<p>Manifestacija \u201eDani Srpske u Srbiji\u201c koju Predstavni\u0161tvo Republike Srpske u Srbiji ove (osme) godine organizuje i realizuje na RTRS-u, RTS-u i 44 regionalne i lokalne televizije u Srbiji, podarila je sino\u0107 tv gledaocima tre\u0107u kola\u017enu tv emisiju u izvr\u0161noj produkciji RTRS-a, uz kreativnu podr\u0161ku ETM produkcije.<\/p>\n<p>Uz redovne rubrike. \u201eSaradnja Srpske i Srbije\u201c, \u201eS jedne na drugu stranu Drine\u201c, \u201eDo\u017eivi Srpsku\u201c, \u201e&#8220;Na\u0161e je bolje&#8220;,\u00a0 \u201eVrijeme je za pozori\u0161te&#8220;, \u201eMladi heroji&#8220; i \u201eDa li ste znali o Srpskoj\u201c, u kojim su zanimljivo predstavljeni <em>Zmijanjski vez<\/em>, pra\u0161uma Peru\u0107ica i talentovani osnovac Aleksa Peru\u0161inovi\u0107, najve\u0107i i najva\u017eniji dio emisije bio je posve\u0107en nauci, tehnolo\u0161kom razvoju i prosvjeti u Srbiji i Republici Srpskoj sa naglaskom na zajedni\u010dke planove i aktivnosti.<\/p>\n<p>Gost u studiju bio je ministar za nau\u010dnotehnolo\u0161ki razvoj, visoko obrazovanje i informaciono dru\u0161tvo Republike Srpske Sr\u0111an Raj\u010devi\u0107, video izjavu dao je ministar prosvete, nauke i tehnolo\u0161kog razvoja Republike Srbije Mladen \u0160ar\u010devi\u0107, a lijepa poruka je da radne grupe zavoda za unapre\u0111ivanje obrazovanja Srbije i Republike Srpske rade na sinhronizovanju nastavnih planova i programa za nastavu istorije, geografije, muzi\u010dke kulture, jezika i knji\u017eevnosti.<\/p>\n<p><strong>Ministar prosvete, nauke i tehnolo\u0161kog razvoja Republike Srbije Mladen \u0160ar\u010devi\u0107<\/strong> je rekao da &#8222;oni ve\u0107 sinhronizuju sve na\u0161e nastavne planove i programe, koji su jedinstveni i imaju za cilj da se svugde gde \u017eive Srbi kroz obrazovne sisteme radi bar nacionalni paket gradiva na istovetan na\u010din&#8220; i precizirao da se ve\u0107 po\u010delo sa usagla\u0161avanjem nastavnih planova i programa sa &#8222;reformom kurikuluma&#8220; i da se ve\u0107 stiglo do sedmog razreda.<\/p>\n<p>\u201eTo su grupe od po pet ljudi u svakom zavodu, profesori i pedagozi koji sinhronizuju da ono \u0161to deca u\u010de u Srbiji iz takozvanih nacionalnih predmeta u\u010de i u Srpskoj. Cilj je da se to desi i na drugim teritorijama u okru\u017eenju gde \u017eive Srbi&#8220;, dodao je \u0160ar\u010devi\u0107.<\/p>\n<p>Govore\u0107i o dopunskim \u0161kolama za srpsku dijasporu, \u0160ar\u010devi\u0107 je rekao da je pove\u0107an broj tih \u0161kola i da Srbija \u0161alje nastavnike, pla\u0107a njihov boravak i rad, naro\u010dito u NJema\u010dkoj, \u0160vajcarskoj, Francuskoj i Italiji.<\/p>\n<p>\u201eSada smo sa Austrijom u prilici da iza\u0111emo iz tog `be-ha-es` hibridnog sistema, da se odvoji srpski jezik i kultura, da na\u0161a djeca imaju priliku da jedinstveno poha\u0111aju odjeljenja, kao i da neke obaveze kada su u pitanju nastavnici, koje za sada ima samo Srbija, podijelimo sa bra\u0107om iz Banjaluke i da mo\u017eemo toga imati vi\u0161e&#8220;, rekao je \u0160ar\u010devi\u0107.<\/p>\n<p>On je istakao da predstavnici ministarstava prosvjete Srbije i Srpske imaju \u010deste susrete, radne sastanke u Beogradu i Banjaluci, a da se vrlo \u010desto nalaze na pola puta u Tr\u0161i\u0107u, koji je baza za izu\u010davanje dru\u0161tvenih i humanisti\u010dkih nauka sa te\u017ei\u0161tem na lingvistici, prije svega, srpskom jeziku.<\/p>\n<p>\u201ePo\u0161to je to rodno mesto Vuka Stefanovi\u0107a Karad\u017ei\u0107a, tu imamo vrlo \u010desto sastanke, radne grupe, kao i priliku da u\u010denici i studenti dolaze, da se njeguje srpski jezik, prevodila\u0161tvo i niz drugih vje\u0161tina&#8220;, rekao je \u0160ar\u010devi\u0107 i ocijenio da su Ministarstvo prosvete, nauke i tehnolo\u0161kog razvoja Srbije i Ministarstvo za nau\u010dno-tehnolo\u0161ki razvoj, visoko obrazovanje i informaciono dru\u0161tvo Republike Srpske \u201ebratska ministarstva bratske dr\u017eave, \u0161to daje poseban senzibilitet svim vidovim saradnje na svim nivoima obrazovanja i nauke&#8220;.<\/p>\n<p>\u0160ar\u010devi\u0107 je podsjetio da se saradnja dva ministarstva, osim na krovnom Sporazumu o specijalnim paralelnim vezama Srbije i Republike Srpske, bazira i na sporazumu me\u0111u ministarstvima u kojem je regulisano i pitanje me\u0111unarodne akreditacije visoko\u0161kolskih ustanova.<\/p>\n<p>\u201eTo je nastalo naro\u010dito zbog odre\u0111ene opstrukcije koja se de\u0161avala u Sarajevu za na\u0161e fakultete, koji se nalaze u Srpskoj, tako da smo \u010dak i to prevazi\u0161li tim na\u0161im dobrim vezama&#8220;, rekao je \u0160ar\u010devi\u0107.<\/p>\n<p>On je podsjetio da sporazum podrazumijeva i razmjenu istra\u017eiva\u010da, rad na zajedni\u010dkim projektima i razmjenu profesora.<\/p>\n<p>\u201eMislimo da kolege u Republici Srpskoj to rade veoma kvalitetno i da smo tako bez granica, bar kad su obrazovanje i nauka u pitanju, u prilici da to prevazilazimo i da imamo sve bolje planove&#8220;, rekao je \u0160ar\u010devi\u0107 i podsjetio i da je Srbija donijela zakon o dualnim studijama, budu\u0107i da se u praksi dobro primenjuje ovakvo obrazovanje na nivou srednje \u0161kole, i napomenuo da \u0107e on biti implementiran uskoro. Kako je naveo, u toku je izrada standarda u Nacionalnom centru za akreditaciju, a interes kompanija je veliki.<\/p>\n<p>\u201ePostoje kompanije koje su prisutne i u Republici Srpskoj i u Srbiji, ali i one druge koje bi mogle da dobro praktikuju ovaj vid razmjene kroz praksu. Mislim da je to veoma dobra prilika za mlade ljude\u201c, rekao je ministar \u0160ar\u010devi\u0107.<\/p>\n<p><img title=\"Sr\u0111an Raj\u010devi\u0107, ministar za nau\u010dnotehnolo\u0161ki razvoj, visoko obrazovanje i informaciono dru\u0161tvo u Vladi R. Srpske u tv emisiji u okviru manifestacije \u201eDani Srpske u Srbiji\u201c\" src=\"\/wp-content\/uploads\/prethodni\/2020\/treci_dan_rs2.jpg\" alt=\"Sr\u0111an Raj\u010devi\u0107, ministar ministar za nau\u010dnotehnolo\u0161ki razvoj, visoko obrazovanje i informaciono dru\u0161tvo u Vladi R. Srpske u tv emisiji u okviru manifestacije \u201eDani Srpske u Srbiji\u201c\" width=\"1200\" border=\"0\" \/><\/p>\n<p><strong>Ministar za nau\u010dnotehnolo\u0161ki razvoj, visoko obrazovanje i informaciono dru\u0161tvo Republike Srpske Sr\u0111an Raj\u010devi\u0107<\/strong> najavio je da \u0107e Srbija i Republika Srpska i ove godine zajedni\u010dki organizovati takmi\u010denje za najbolju tehnolo\u0161ku inovaciju.<\/p>\n<p>\u201eI ove godine, bez obzira na situaciju uzrokovanu epidemijom virusa korona, organizova\u0107emo ovu manifestaciju s tim \u0161to \u0107e biti organizovana u druga\u010dijem formatu&#8220;, rekao je Raj\u010devi\u0107 i pojasnio da je takmi\u010denje vid podr\u0161ke resornih ministarstava Srbije i Srpske talentovanim ljudima, a tokom 13 godina nagra\u0111eno je vi\u0161e od 40 timova i za to izdvojen fond od skoro pola miliona KM.<\/p>\n<p>Ministar Raj\u010devi\u0107 je istakao da je program \u201eSrbija digitalizuje\u201c sveobuhvatan program koji je namijenjen, ne samo gra\u0111anima Srbije nego i Republike Srpske, te podsjetio na pro\u0161le godine potpisani memorandum o saradnji sa Kancelarijom za elektronsku upravu Vlade Srbije i da je u okviru toga i saradnja na razvoju informati\u010dke infrastrukture &#8211; uspostavljanje nacionalnog <em>dejta centra<\/em>, kao i tehni\u010dka pomo\u0107 Vlade Srbije u definiciji klju\u010dnih dr\u017eavnih informati\u010dkih projekata u Srpskoj, u razvoju elektronskih usluga, odnosno elektronskih servisa.<\/p>\n<p>\u201eU toku je realizacija nekih klju\u010dnih elektronskih usluga koje su ve\u0107 realizovane u Srbiji, a njihovu implementaciju o\u010dekujemo ubrzo i ovdje&#8220;, rekao je Raj\u010devi\u0107 i, uz ocjenu da saradnja sa institucijama u Srbiji nikad nije bolja nego sada, ocijenio da srpski narod i sa lijeve i sa desne strane Drine treba \u0161to vi\u0161e da radi na ujedna\u010davanju prakse, prije svega u oblasti obrazovanja, ali i u oblasti kulture.<\/p>\n<p>\u201eVeoma mi je drago \u0161to i Vlada Srbije nas iz Republike Srpske ne posmatra kao nekakvu dijasporu, jer mi smo dio jednog, istog kulturolo\u0161kog identitetskog prostora&#8220;, rekao je Raj\u010devi\u0107 i pozdravio dugogodi\u0161nju praksu Srbije da po pravima izjedna\u010di status studenata iz Srbije i Republike Srpske, te ukazao da studentska razmjena doprinosi boljem povezivanju istog naroda koji dijeli administrativna granica i jedna rijeka.<\/p>\n<p>Raj\u010devi\u0107 se osvrnuo i na saradnju Srbije i Srpske u uspostavljanju inovacionog i nau\u010dno-istra\u017eiva\u010dkog centra za mlade u op\u0161tini Osmaci po uzoru na Istra\u017eiva\u010dku stanicu Petnica u Srbiji, \u010diju je realizaciju usporila epidemija virusa korona.<\/p>\n<p>\u201eOptimista sam i vjerujem da \u0107emo u\u0107i u operativnu realizaciju projekta i da \u0107emo do okon\u010danja mandata ove vlade imati bar konture projekta koji \u0107e biti implementiran u Osmacima\u201c, rekao je Raj\u010devi\u0107.<\/p>\n<p>Ministar Raj\u010devi\u0107 je istakao va\u017enost rada Predstavni\u0161tva Republike Srpske u Srbiji, isti\u010du\u0107i da realizacija brojnih zajedni\u010dkih projekata, inicijativa, obilje\u017eavanju zajedni\u010dkih datuma za srpski narod, izme\u0111u vlada Srbije i Republike Srpske ne bi bila mogu\u0107a bez operativnih ta\u010dki spajanja kakve su Predstavni\u0161tvo Srpske u Srbiji i Ambasada Srbije i njen konzulat u Banjaluci.<\/p>\n<p>\u201ePredstavni\u0161tvo Republike Srpske u Srbiji je jedno od reprezentativnijih privrednih predstavni\u0161tava koje imamo u svijetu, a gospodin Mladen Cicovi\u0107 i njegov tim zaista rade fantasti\u010dan posao&#8220;, rekao je Raj\u010devi\u0107.<\/p>\n<p><strong>Ve\u010deras je na programu<\/strong> \u010detvrta emisija ovogodi\u0161nje manifestacije \u201eDani Srpske u Srbiji; gledaoci \u0107e \u010duti i vidjeti: Milo\u0161a Vu\u010devi\u0107a, gradona\u010delnika Novog Sada; Igora Radoji\u010di\u0107a, gradona\u010delnika Banjaluke; Gorana Vesi\u0107a, zamenika gradona\u010delnika Beograda i LJubi\u0161u \u0106osi\u0107a, predsjednika Saveza op\u0161tina i gradova Republike Srpske. <strong>Ve\u010deras <\/strong>po\u010dinje emitovanje emisija manivestacije \u201eDani Srpske u Srbiji\u201c<strong> i na Drugom programu RTS-a u 20 sati.<\/strong><\/p>\n","protected":false},"excerpt":{"rendered":"<p>Manifestacija \u201eDani Srpske u Srbiji\u201c koju Predstavni\u0161tvo Republike Srpske u Srbiji ove (osme) godine organizuje i realizuje na RTRS-u, RTS-u i 44 regionalne i lokalne televizije u Srbiji, podarila je sino\u0107 tv gledaocima tre\u0107u kola\u017enu tv emisiju u izvr\u0161noj produkciji RTRS-a, uz kreativnu podr\u0161ku ETM produkcije. Uz redovne rubrike. \u201eSaradnja Srpske i Srbije\u201c, \u201eS jedne&#8230;<\/p>\n","protected":false},"author":1,"featured_media":3374,"comment_status":"closed","ping_status":"closed","sticky":false,"template":"","format":"standard","meta":[],"categories":[56],"tags":[71],"_links":{"self":[{"href":"https:\/\/predstavnistvorsbg.rs\/sr-Latn\/wp-json\/wp\/v2\/posts\/4260"}],"collection":[{"href":"https:\/\/predstavnistvorsbg.rs\/sr-Latn\/wp-json\/wp\/v2\/posts"}],"about":[{"href":"https:\/\/predstavnistvorsbg.rs\/sr-Latn\/wp-json\/wp\/v2\/types\/post"}],"author":[{"embeddable":true,"href":"https:\/\/predstavnistvorsbg.rs\/sr-Latn\/wp-json\/wp\/v2\/users\/1"}],"replies":[{"embeddable":true,"href":"https:\/\/predstavnistvorsbg.rs\/sr-Latn\/wp-json\/wp\/v2\/comments?post=4260"}],"version-history":[{"count":0,"href":"https:\/\/predstavnistvorsbg.rs\/sr-Latn\/wp-json\/wp\/v2\/posts\/4260\/revisions"}],"wp:featuredmedia":[{"embeddable":true,"href":"https:\/\/predstavnistvorsbg.rs\/sr-Latn\/wp-json\/wp\/v2\/media\/3374"}],"wp:attachment":[{"href":"https:\/\/predstavnistvorsbg.rs\/sr-Latn\/wp-json\/wp\/v2\/media?parent=4260"}],"wp:term":[{"taxonomy":"category","embeddable":true,"href":"https:\/\/predstavnistvorsbg.rs\/sr-Latn\/wp-json\/wp\/v2\/categories?post=4260"},{"taxonomy":"post_tag","embeddable":true,"href":"https:\/\/predstavnistvorsbg.rs\/sr-Latn\/wp-json\/wp\/v2\/tags?post=4260"}],"curies":[{"name":"wp","href":"https:\/\/api.w.org\/{rel}","templated":true}]}}