{"id":4261,"date":"2020-10-13T10:00:40","date_gmt":"2020-10-13T08:00:40","guid":{"rendered":"https:\/\/prs2.profimediagroup.com\/uncategorized-sr-latn\/banjaluka-beograd-i-novi-sad-imaju-neraskidive-veze-istaknuto-u-cetvrtoj-emisiji-manifestacije-dani-srpske-u-srbiji\/"},"modified":"2023-04-07T21:15:29","modified_gmt":"2023-04-07T19:15:29","slug":"banjaluka-beograd-i-novi-sad-imaju-neraskidive-veze-istaknuto-u-cetvrtoj-emisiji-manifestacije-dani-srpske-u-srbiji-ltn","status":"publish","type":"post","link":"https:\/\/predstavnistvorsbg.rs\/sr-Latn\/prethodni-dogadjaji-sr-latn\/banjaluka-beograd-i-novi-sad-imaju-neraskidive-veze-istaknuto-u-cetvrtoj-emisiji-manifestacije-dani-srpske-u-srbiji-ltn\/","title":{"rendered":"Banjaluka, Beograd i Novi Sad imaju neraskidive veze \u2013 istaknuto u \u010detvrtoj emisiji manifestacije &#8222;Dani Srpske u Srbiji&#8220;"},"content":{"rendered":"<p>U \u010detvrtoj emisiji osme manifestacije \u201eDani Srpske u Srbiji\u201c, koju Predstavni\u0161tvo Republike Srpske u Srbiji organizuje i realizuje kao \u0161est kola\u017enih tv emisija na RTRS-u, RTS-u i 44 regionalne i lokalne televizije, predstavljen je grad Banjaluka, kao i grupa \u201eMiro i vite\u0161ki ples\u201c, Nacionalni teniski centar, pa proizvo\u0111a\u010di kraft piva Mikola Gaji\u0107 i LJubomir Mari\u0107, glumac Aleksandar Stojkovi\u0107 kazivao je pjesmu Branka \u0106opi\u0107a \u201eMala moja iz Bosanske Krupe\u201c, a kao mladi heroj predstavljena je Anastasija Tomi\u0107, mlada slikarka. Gosti u studiju RTRS-a u Banjaluci bili su: Milo\u0161 Vu\u010devi\u0107, gradona\u010delnik Novog Sada, Igor Radoji\u010di\u0107, gradona\u010delnik Banjaluke, Goran Vesi\u0107, zamjenik gradona\u010delnika Beograda i LJubi\u0161a \u0106osi\u0107, predsjednik Saveza op\u0161tina i gradova Republike Srpske.<\/p>\n<div>Gradovi Banjaluka, Beograd i Novi Sad imaju neraskidive veze i odli\u010dnu saradnju u svim oblastima, a tom saradnjom i stvaranjem jedinstvenog kulturnog prostora ne ugro\u017eavaju dejtonsku BiH, niti bilo koga, nego samo poma\u017eu jedni drugima, ocijenili su gradona\u010delnici: Banjaluke Igor Radoji\u010di\u0107 i Novog Sada Milo\u0161 Vu\u010devi\u0107, i zamjenik gradona\u010delnika Beograda Goran Vesi\u0107.<\/div>\n<p><img title=\"Milo\u0161 Vu\u010devi\u0107, gradona\u010delnik Novog Sada u tv emisiji u okviru manifestacije \u201eDani Srpske u Srbiji\u201c\" src=\"\/wp-content\/uploads\/prethodni\/2020\/cetvrti_dan_rs2.jpg\" alt=\"Milo\u0161 Vu\u010devi\u0107, gradona\u010delnik Novog Sada u tv emisiji u okviru manifestacije \u201eDani Srpske u Srbiji\u201c\" width=\"1200\" border=\"0\" \/><\/p>\n<p><strong>Gradona\u010delnik Novog Sada Milo\u0161 Vu\u010devi\u0107 <\/strong>izjavio je da je Banjaluka uradila mnogo na svojoj prepoznatljivosti i urbanizaciji, ali da, osim infrastrukture, mora da se gradi i kao grad, ne samo formalno-pravno, nego i sadr\u017eajno, po svom karakteru.<\/p>\n<p>&#8211; Verujem da \u0107e ova ekipa oko Igora \/Radoji\u010di\u0107a\/, kao i svi u Banjaluci nastaviti i dalje da rade. \u010cestitam na ovome \u0161to je Banjaluka uradila kao kandidat za Evropsku prestonicu kulture, ali ne sme odustati, ima jo\u0161 mnogo prostora da se radi &#8211; rekao je Vu\u010devi\u0107 i dodao da se Banjaluka, na ponos svih, razvija ne samo infrastrukturno, nego i kulturno, duhovno i identitetski.<\/p>\n<p>&#8211; Mi smo svi sre\u0107ni kada se Banjaluka razvija i do\u017eivljavamo to kao da se razvija deo nas. Ne \u017eelimo da Banjaluka, Bijeljina, Trebinje ili bilo koji drugi grad ili op\u0161tina u Srpskoj ostanu nerazvijeni, jer to nije dobro ni za Srbiju. \u017delimo da Banjaluka bude jedna sna\u017ena zapadna prestonica na\u0161eg naroda i da bude centar okupljanja &#8211; istakao je Vu\u010devi\u0107.<\/p>\n<p>On je rekao da je veoma va\u017eno \u0161to Republika Srpska ima svoje predstavni\u0161tvo u Srbiji, kao i da postoji manifestacija \u201eDani Srpske u Srbiji&#8220;, te podsjetio da se u Srbiji obilje\u017eava Dan Republike Srpske i drugi va\u017eni datumi, a da je na inicijativu predsjednika Srbije Aleksandra Vu\u010di\u0107a i srpskog \u010dlana Predsjedni\u0161tva BiH Milorada Dodika uveden i novi zajedni\u010dki praznik &#8211; Dan srpskog jedinstva koji se praznuje 15. septembra.<\/p>\n<p>&#8211; To je datum proboja Solunskog fronta, kada je juri\u0161em biblijskih razmera srpske vojske do\u0161la sloboda i za ono \u0161to zovemo danas Vojvodinom, ali ono \u0161to zovemo Republikom Srpskom, koje su do tada pripadale drugim imperijama. Zahvaljuju\u0107i tome mi smo dobili slobodu i mogu\u0107nost da pri\u010damo na svom jeziku, ispoljavamo svoju veru i kulturu &#8211; rekao je Vu\u010devi\u0107.<\/p>\n<p>On je naglasio da Predstavni\u0161tvo Republike Srpske u Beogradu ima i politi\u010dku konotaciju i narativ, \u0161to se ne mo\u017ee isklju\u010diti, kao ni gra\u0111enje politi\u010dkog subjektiviteta Republike Srpske, ali da se time se ne naru\u0161ava dejtonski koncept BiH.<\/p>\n<p>&#8211; Mi prosto moramo jedni druge \u010duvati i pomagati, ne ugro\u017eavaju\u0107i bilo koga. Za\u0161to bi uop\u0161te bilo potrebno da naglasimo kada sara\u0111uju Banjaluka-Beograd-Novi Sad da to nije ni protiv koga? Stvarno nije ni protiv koga &#8211; \u00a0istakao je Vu\u010devi\u0107.<\/p>\n<p>On je naveo da ovi gradovi gledaju kako da se pobijedi kovid 19, kako da Novi Sad pomogne Banjaluci za Evropsku prestonicu mladih, kako da se imaju bolji auto-putevi, kako da lak\u0161e putuju jedni ka drugima.<\/p>\n<p>&#8211; Toliko smo pro\u017eeti svakodnevnim kontaktima da je to prosto neraskidivo. Ne treba to nikoga da pla\u0161i, ni kada pri\u010damo srpskim jezikom, ni kada pi\u0161emo \u0107irilicom, ni kada isti\u010demo na\u0161u kulturu. Na\u0161a kultura nije ni protiv koga, ona je deo sveukupnog evropskog ili balkanskog kulturnog potencijala. Treba da budemo ponosni, po\u0161tujemo tu\u0111e, ali iznad svega volimo svoje &#8211; istakao je Vu\u010devi\u0107.<\/p>\n<p><img title=\"Igor Radoji\u010di\u0107, gradona\u010delnik Banjaluke u tv emisiji u okviru manifestacije \u201eDani Srpske u Srbiji\u201c\" src=\"\/wp-content\/uploads\/prethodni\/2020\/cetvrti_dan_rs3.jpg\" alt=\"Igor Radoji\u010di\u0107, gradona\u010delnik Banjaluke u tv emisiji u okviru manifestacije \u201eDani Srpske u Srbiji\u201c\" width=\"1200\" border=\"0\" \/><\/p>\n<p><strong>Gradona\u010delnik Banjaluke Igor Radoji\u010di\u0107<\/strong> je podsjetio da su Banjaluka i Novi Sad ve\u0107 gradovi pobratimi, a da predstoji u narednom periodu potpisivanje i Povelja o bratimljenju Banjaluke i Beograda.<\/p>\n<p>Radoji\u010di\u0107 je istakao da je Srbija Republici Srpskoj najve\u0107i ekonomski partner i najve\u0107a politi\u010dka podr\u0161ka, te da puno sara\u0111uju gra\u0111ani, \u0161koluju se i na jednoj i na drugoj strani, a postoje i porodi\u010dne i prijateljske veze.<\/p>\n<p>On je rekao da je Beograd, kao srpska i regionalna metropola, ponudio Banjaluci, koja je 10 puta manja, da budu pobratimi, partneri, prijatelji, saradnici, te dodao da je on predlo\u017eio da se otvori Kraji\u0161ka i Hercegova\u010dka ku\u0107a i u Beogradu i Novom Sadu, da se ponude autenti\u010dni kraji\u0161ki i hercegova\u010dki brendovi i proizvodi.<\/p>\n<p>Radoji\u010di\u0107 je rekao da grad Banjaluka razmi\u0161lja da u narednom periodu konkuri\u0161e za Evropsku prestonicu mladih, u \u010demu o\u010dekuje i pomo\u0107 Novog Sada, koji joj je ve\u0107 ranije davao podr\u0161ku da do\u0111e do finala za Evropsku prestonicu kulture.<\/p>\n<p>\u201e\u017delimo da pove\u017eemo omladinski sektor, omladinske organizacije, univerzitete, sport, da u narednih nekoliko godina radimo na toj ideji da Banjaluka konkuri\u0161e za Evropsku prestonicu mladih&#8220;, dodao je Radoji\u010di\u0107.<\/p>\n<p>On je najavio da Banjaluka ulazi i u koncept nau\u010dno-tehnolo\u0161kih parkova, koje imaju i Beograd i Novi Sad, \u0161to bi bilo razvojna \u0161ansa da se zaposle i zadr\u017ee mladi ljudi u Srpskoj da rade kvalitetne i dobro pla\u0107ene poslove za kompanije u svijetu, upravo iz Srpske.<\/p>\n<p>\u201eSada u Banjaluci razmatramo lokaciju, radimo sa Ministarstvom nauke o prvom nau\u010dno-tehnolo\u0161kom parku u Banjaluci\u201c, naveo je Radoji\u010di\u0107 i dodao da sa gradona\u010delnicima Beograda i Novog Sada razgovara i o komunalnim pitanjima, jer Banjaluka ulazi u velike projekte kao \u0161to su vodosnabdijevanje i prerada otpadnih voda, u \u010demu Beograd i Novi Sad imaju velika iskustva.<\/p>\n<p><img title=\"Goran Vesi\u0107, zamjenik gradona\u010delnika Beograda u tv emisiji u okviru manifestacije \u201eDani Srpske u Srbiji\u201c\" src=\"\/wp-content\/uploads\/prethodni\/2020\/cetvrti_dan_rs4.jpg\" alt=\"Goran Vesi\u0107, zamjenik gradona\u010delnika Beograda u tv emisiji u okviru manifestacije \u201eDani Srpske u Srbiji\u201c\" width=\"1200\" border=\"0\" \/><\/p>\n<p><strong>Zamjenik gradona\u010delnika Beograda Goran Vesi\u0107<\/strong> \u010destitao je Banjaluci na odluci da se i formalno pobratimi sa Beogradom, te istakao da je to za Beograd va\u017enije nego pobratimstvo sa Moskvom, kao i da \u0107e potpisivanje Povelje o bratimljenju biti va\u017ean sve\u010dani i formalni \u010din, ali da je va\u017eno da se zaista sara\u0111uje i da ta saradnja bude sadr\u017eajna.<\/p>\n<p>On je napomenuo da je sa gradskim vlastima Banjaluke ve\u0107 razgovarano da neki od poznatih beogradskih festivala &#8211; FEST, BITEF, BEMUS, d\u017eez festival, imaju i neka svoja skra\u0107ena izdanja i u Banjaluci, da nekoliko koncerata bude organizovano i u Banjaluci kada je d\u017eez festival, kao i da beogradska pozori\u0161ta Atelje 212 i Beogradsko dramsko pozori\u0161te odigraju predstave u Banjaluci.<\/p>\n<p>&#8211; Ako ve\u0107 dolazi neko iz inostranstva u Srbiju, onda gostovanje treba da vide i gra\u0111ani vi\u0161e gradova, izme\u0111u ostalog i Banjaluke, jer tako stvaramo jedinstven kulturni prostor. Ako ve\u0107 nismo jedna dr\u017eava, onda da imamo jedinstven kulturni prostor, da poka\u017eemo da smo jedan narod i to je ne\u0161to \u0161to \u0107emo raditi u budu\u0107nosti &#8211;\u00a0rekao je Vesi\u0107.<\/p>\n<p>On je ponovio da \u0107e, u saradnji sa Banjalukom, u Beogradu biti otvorena Kraji\u0161ka ku\u0107a, koja ne\u0107e biti samo mjesto gdje \u0107e se kupovati autenti\u010dni kraji\u0161ki proizvodi, nego i neka vrsta mini kulturnog centra.<\/p>\n<p>Vesi\u0107 je rekao da \u0107e nastojati da u Banjaluci bude otvorena Beogradska ili \u0160umadijska ku\u0107a, ali i da se razmijene spomenici kao Petru Ko\u010di\u0107u, te da \u0107e Beograd podi\u0107i spomenik Trebinjcu Luki \u0106elovi\u0107u koji je vi\u0161e zadu\u017eio Beograd nego Trebinje, a bio je jedan od najbogatijih Beogra\u0111ana i svoje zadu\u017ebine vrijednosti ve\u0107e nego Nobelova nagrada ostavio Beogradskom univerzitetu.<\/p>\n<p>Vesi\u0107 je naveo da, generalno, Beogra\u0111ani i Beogra\u0111anke malo znaju o Republici Srpskoj, te da to treba promijeniti i da gra\u0111ani Srbije treba da u poznaju Republiku Srpsku, njene turisti\u010dke destinacije, ali i da osnovci iz Srbije idu na ekskurzije u Srpsku.<\/p>\n<p>On je napomenuo da je razgovarao sa ljudima iz Vlade Republike Srpske da se u Beogradu uredi jedan park koji \u0107e nositi naziv park Republike Srpske i koji \u0107e biti promocija same Srpske, odnosno ideja je da bude ure\u0111en tako da svaki njegov dio bude posve\u0107en jednom kraju Republike Srpske.<\/p>\n<div>&#8211; Da tu bude maketa nekog manastira, planine, da se zasade karakteristi\u010dne biljne vrste. To \u0107e biti dobra prilika za na\u0161u decu da nau\u010de geografiju Republike Srpske. A \u0161to se ti\u010de ekskurzija, ne\u0107e se vi\u0161e tako lako i\u0107i u inostranstvo, pa eto prilike za mla\u0111e da malo putuju po Srbiji i Republici Srpskoj &#8211; rekao je Vesi\u0107.<\/div>\n<p><img title=\"LJubi\u0161a \u0106osi\u0107, predsjednik Saveza op\u0161tina i gradova R. Srpske u tv emisiji u okviru manifestacije \u201eDani Srpske u Srbiji\u201c\" src=\"\/wp-content\/uploads\/prethodni\/2020\/cetvrti_dan_rs5.jpg\" alt=\"LJubi\u0161a \u0106osi\u0107, predsjednik Saveza op\u0161tina i gradova R. Srpske u tv emisiji u okviru manifestacije \u201eDani Srpske u Srbiji\u201c\" width=\"1200\" border=\"0\" \/><\/p>\n<p><strong>Predsjednik Saveza op\u0161tina i gradova Republike Srpske LJubi\u0161a \u0106osi\u0107<\/strong> je rekao da ve\u0107ina lokalnih zajednica u Republici Srpskoj kao svoje pobratime ima gradove i op\u0161tine u Srbiji, te ocijenio da je bitno da se \u0161to vi\u0161e pove\u017ee <em>mali biznis<\/em>.<\/p>\n<p>&#8211; Saradnja je prvenstveno na polju kulture, sporta, nevladinih organizacija, uzajamnih posjeta, saradnje lokalnih samouprava. Me\u0111utim, saradnju u oblasti privrede je najte\u017ee ostvariti &#8211;\u00a0rekao je \u0106osi\u0107 i dodao da postoje ljudi iz Srbije koji investiraju u op\u0161tine i gradove u Srpskoj, pokre\u0107u svoje vlastite biznise, izvoze svoje proizvode, nezavisno od toga da li je rije\u010d o velikim preduze\u0107ima koja su ve\u0107 tradicionalno prisutna.<\/p>\n<p>&#8211; Srbija je ve\u0107a od Srpske i sasvim je logi\u010dno da ve\u0107i broj investicija i prozivoda dolazi iz Srbije u Srpsku. Ali, siguran sam da \u0107e do\u0107i vrijeme da, uz posredovanje lokalnih samouprava, mo\u017eemo o\u010dekivati da \u0107e neki ljudi sa kapitalom iz Republike Srpske investirati u Srbiju, odnosno da \u0107e se neki od proizvoda na\u0107i u Srbiji &#8211; istakao je \u0106osi\u0107.<\/p>\n<p>On je naveo da veliki broj ljudi iz Srbije posje\u0107uje gradove i op\u0161tine u Srpskoj i u\u017eiva u turizmu, navode\u0107i kao primjer Jahorinu, koja je i ovog ljeta bila preplavljena turistima iz Srbije.<\/p>\n<p>\u0106osi\u0107 je rekao da bi lokalne smaouprave i na\u010delnici i gradona\u010delnici u Srpskoj trebalo da naprave iskorak u pravcu saradnje u oblasti privrede, te ocijenio da bi otvaranje Kraji\u0161ke ili Hercegova\u010dke ku\u0107e po gradovima u Srbiji bio jedan od prvih koraka za male privrednike Srpske da na\u0111u svoje mjesto na tr\u017ei\u0161tu ve\u0107ih gradova i op\u0161tina Srbije.<\/p>\n<p>&#8211; Na\u0161a najve\u0107a veza je \u0161to smo jedan narod i kao takvi imamo sna\u017ene rodbinske veze. One su se mo\u017eda poja\u010dale zbog prethodnih negativnih de\u0161avanja, gdje su iz samog Sarajeva bile ozbiljne migracije prema Srbiji. Mnogo ljudi je u Beogradu i Novom Sadu koji svoje korijene imaju u Sarajevu, odnosno Isto\u010dnom Sarajevu &#8211; naveo je \u0106osi\u0107 i ocijenio da ta rodbinska povezanost poma\u017ee da se ljudi odlu\u010de za odre\u0111ene investicije.<\/p>\n<p>&#8211; Pobolj\u0161anje privrednog ambijenta u Srpskoj dovodi do toga da ljudi koji su nekada oti\u0161li, danas se vra\u0107aju sa zna\u010dajnim kapitalom i vrlo rado pokre\u0107u neke biznise. Neko ko je uspio u Beogradu, Novom Sadu, Ni\u0161u odlu\u010di se da vrati dug svojoj matici. Ubije\u0111en sam da \u0107e ova saradnja da bude jo\u0161 ja\u010da i sna\u017enija &#8211;\u00a0rekao je \u0106osi\u0107.<\/p>\n<p>On je podsjetio da je op\u0161tina Isto\u010dno Sarajevo dugo pobratim sa beogradskom op\u0161tinom \u010cukarica, te dodao da \u0107e se idu\u0107e godine poku\u0161ati da se neki privredni subjekti iz \u010cukarice predstave u Isto\u010dnom Sarajevu.<\/p>\n<p>&#8211; Pobratimi smo i sa Krupnjom, Ubom, Blacama, Novim Sadom. Dosta je investitora iz Srbije koji investiraju u turizam, ali ima i drugih koji se interesuju za neke druge sektore drvoprerade i usluga &#8211; ka\u017ee \u0106osi\u0107 i dodaje da je uvjeren da i velike kompanije iz Srbije mogu na\u0107i svoja predstavni\u0161tva i proizvodne pogone u Isto\u010dnom Sarajevu kako bi se njihova roba plasirala, a i tu otvorila nova radna mjesta.<\/p>\n<p><strong>Ve\u010deras je na redu peta emisija<\/strong>, tema je turizam, a gosti u studiju su: Suzana Ga\u0161i\u0107, ministar trgovine i turizma u Vladi Republike Srpske, Nada Jovanovi\u0107, direktor Turisti\u010dke organizacije Republike Srpske i Branislav Kne\u017eevi\u0107, predstavnik Turisti\u010dke organizacije Novog Sada, a video izjavu iz Beograde \u0161alje Miroslav Kne\u017eevi\u0107, dr\u017eavni sekretar u Ministarstvu trgovine, turizma i telekomunikacija u Vladi Republike Srbije.<\/p>\n","protected":false},"excerpt":{"rendered":"<p>U \u010detvrtoj emisiji osme manifestacije \u201eDani Srpske u Srbiji\u201c, koju Predstavni\u0161tvo Republike Srpske u Srbiji organizuje i realizuje kao \u0161est kola\u017enih tv emisija na RTRS-u, RTS-u i 44 regionalne i lokalne televizije, predstavljen je grad Banjaluka, kao i grupa \u201eMiro i vite\u0161ki ples\u201c, Nacionalni teniski centar, pa proizvo\u0111a\u010di kraft piva Mikola Gaji\u0107 i LJubomir Mari\u0107,&#8230;<\/p>\n","protected":false},"author":1,"featured_media":3376,"comment_status":"closed","ping_status":"closed","sticky":false,"template":"","format":"standard","meta":[],"categories":[56],"tags":[71],"_links":{"self":[{"href":"https:\/\/predstavnistvorsbg.rs\/sr-Latn\/wp-json\/wp\/v2\/posts\/4261"}],"collection":[{"href":"https:\/\/predstavnistvorsbg.rs\/sr-Latn\/wp-json\/wp\/v2\/posts"}],"about":[{"href":"https:\/\/predstavnistvorsbg.rs\/sr-Latn\/wp-json\/wp\/v2\/types\/post"}],"author":[{"embeddable":true,"href":"https:\/\/predstavnistvorsbg.rs\/sr-Latn\/wp-json\/wp\/v2\/users\/1"}],"replies":[{"embeddable":true,"href":"https:\/\/predstavnistvorsbg.rs\/sr-Latn\/wp-json\/wp\/v2\/comments?post=4261"}],"version-history":[{"count":0,"href":"https:\/\/predstavnistvorsbg.rs\/sr-Latn\/wp-json\/wp\/v2\/posts\/4261\/revisions"}],"wp:featuredmedia":[{"embeddable":true,"href":"https:\/\/predstavnistvorsbg.rs\/sr-Latn\/wp-json\/wp\/v2\/media\/3376"}],"wp:attachment":[{"href":"https:\/\/predstavnistvorsbg.rs\/sr-Latn\/wp-json\/wp\/v2\/media?parent=4261"}],"wp:term":[{"taxonomy":"category","embeddable":true,"href":"https:\/\/predstavnistvorsbg.rs\/sr-Latn\/wp-json\/wp\/v2\/categories?post=4261"},{"taxonomy":"post_tag","embeddable":true,"href":"https:\/\/predstavnistvorsbg.rs\/sr-Latn\/wp-json\/wp\/v2\/tags?post=4261"}],"curies":[{"name":"wp","href":"https:\/\/api.w.org\/{rel}","templated":true}]}}