{"id":4283,"date":"2020-10-28T10:00:25","date_gmt":"2020-10-28T09:00:25","guid":{"rendered":"https:\/\/prs2.profimediagroup.com\/uncategorized-sr-latn\/odrzana-konferencija-za-medije-lokalni-izbori-u-bih-srebrenica-2020\/"},"modified":"2023-04-07T21:34:11","modified_gmt":"2023-04-07T19:34:11","slug":"odrzana-konferencija-za-medije-lokalni-izbori-u-bih-srebrenica-2020-ltn","status":"publish","type":"post","link":"https:\/\/predstavnistvorsbg.rs\/sr-Latn\/prethodni-dogadjaji-sr-latn\/odrzana-konferencija-za-medije-lokalni-izbori-u-bih-srebrenica-2020-ltn\/","title":{"rendered":"Odr\u017eana konferencija za medije: Lokalni izbori u BiH &#8211; Srebrenica 2020."},"content":{"rendered":"<p>U srijedu, 28.10.2020. godine, u Medija centru je odr\u017eana konferencija za medije, na kojoj su, na temu \u201eLokalni izbori u BiH &#8211; Srebrenica 2020. godine\u201c, govorili:<\/p>\n<div>\u2022 Mladen Gruji\u010di\u0107, kandidat koalicije Zajedno za Srebrenicu,<\/div>\n<div>\u2022 dr Radomir Pavlovi\u0107, predsjednik OO SNSD Srebrenica,<\/div>\n<div>\u2022 Mom\u010dilo Cvjetinovi\u0107, predsjednik OO SDS Srebrenica,<\/div>\n<div>\u2022 Velibor Ranki\u0107, predsjednik OO DNS Srebrenica,<\/div>\n<div>\u2022 Milorad Stanojevi\u0107, predsjednik OO SRS dr Vojislav \u0160e\u0161elj,<\/div>\n<div>\u2022 Goran Ko\u010devi\u0107, predstavnik koalicije SPS-NDP-PUPS Srebrenica,<\/div>\n<div>\u2022 Radovan Petkovi\u0107, predstavnik koalicije SPS-NDP-PUPS Srebrenica,<\/div>\n<div>\u2022 Dragan Jovanovi\u0107, predstavnik koalicije SPS-NDP-PUPS Srebrenica.<\/div>\n<p>U\u010desnici konferencije pozvali su sve gra\u0111ane iz Srebrenice koji su upisani u bira\u010dke spiskove, da 15. novembra iza\u0111u na lokalne izbore i podr\u017ee zajedni\u010dkog kandidata svih srpskih partija za na\u010delnika op\u0161tine Srebrenica, Mladena Gruji\u010di\u0107a.<\/p>\n<p>Sa konferencije je poru\u010deno da je na\u0161 istorijski zadatak da 15. novembra dobijemo bitku za Srebrenicu, jer je Srebrenica vi\u0161e od lokalne zajednice, to je jedno regionalno pitanje gdje se preklapaju interesi mnogih na Balkanu, zbog \u010dega je od klju\u010dnog zna\u010daja obezbijediti njenu stabilnost i za\u0161tititi interese i polo\u017eaj srpskog naroda u BiH.<\/p>\n<p>Predstavnici koalicije Zajedno za Srebrenicu naveli su i da \u0107e za sve gra\u0111ane koji \u017eele da tog dana iskoriste svoje bira\u010dko pravo i glasaju, biti organizovan prevoz.<\/p>\n","protected":false},"excerpt":{"rendered":"<p>U srijedu, 28.10.2020. godine, u Medija centru je odr\u017eana konferencija za medije, na kojoj su, na temu \u201eLokalni izbori u BiH &#8211; Srebrenica 2020. godine\u201c, govorili: \u2022 Mladen Gruji\u010di\u0107, kandidat koalicije Zajedno za Srebrenicu, \u2022 dr Radomir Pavlovi\u0107, predsjednik OO SNSD Srebrenica, \u2022 Mom\u010dilo Cvjetinovi\u0107, predsjednik OO SDS Srebrenica, \u2022 Velibor Ranki\u0107, predsjednik OO DNS&#8230;<\/p>\n","protected":false},"author":1,"featured_media":3384,"comment_status":"closed","ping_status":"closed","sticky":false,"template":"","format":"standard","meta":[],"categories":[56],"tags":[71],"_links":{"self":[{"href":"https:\/\/predstavnistvorsbg.rs\/sr-Latn\/wp-json\/wp\/v2\/posts\/4283"}],"collection":[{"href":"https:\/\/predstavnistvorsbg.rs\/sr-Latn\/wp-json\/wp\/v2\/posts"}],"about":[{"href":"https:\/\/predstavnistvorsbg.rs\/sr-Latn\/wp-json\/wp\/v2\/types\/post"}],"author":[{"embeddable":true,"href":"https:\/\/predstavnistvorsbg.rs\/sr-Latn\/wp-json\/wp\/v2\/users\/1"}],"replies":[{"embeddable":true,"href":"https:\/\/predstavnistvorsbg.rs\/sr-Latn\/wp-json\/wp\/v2\/comments?post=4283"}],"version-history":[{"count":0,"href":"https:\/\/predstavnistvorsbg.rs\/sr-Latn\/wp-json\/wp\/v2\/posts\/4283\/revisions"}],"wp:featuredmedia":[{"embeddable":true,"href":"https:\/\/predstavnistvorsbg.rs\/sr-Latn\/wp-json\/wp\/v2\/media\/3384"}],"wp:attachment":[{"href":"https:\/\/predstavnistvorsbg.rs\/sr-Latn\/wp-json\/wp\/v2\/media?parent=4283"}],"wp:term":[{"taxonomy":"category","embeddable":true,"href":"https:\/\/predstavnistvorsbg.rs\/sr-Latn\/wp-json\/wp\/v2\/categories?post=4283"},{"taxonomy":"post_tag","embeddable":true,"href":"https:\/\/predstavnistvorsbg.rs\/sr-Latn\/wp-json\/wp\/v2\/tags?post=4283"}],"curies":[{"name":"wp","href":"https:\/\/api.w.org\/{rel}","templated":true}]}}