{"id":4284,"date":"2020-11-06T10:00:55","date_gmt":"2020-11-06T09:00:55","guid":{"rendered":"https:\/\/prs2.profimediagroup.com\/uncategorized-sr-latn\/svecano-otvorene-nove-prostorije-zavicajne-zajednice-republika-srpska\/"},"modified":"2023-04-07T21:34:53","modified_gmt":"2023-04-07T19:34:53","slug":"svecano-otvorene-nove-prostorije-zavicajne-zajednice-republika-srpska-ltn","status":"publish","type":"post","link":"https:\/\/predstavnistvorsbg.rs\/sr-Latn\/prethodni-dogadjaji-sr-latn\/svecano-otvorene-nove-prostorije-zavicajne-zajednice-republika-srpska-ltn\/","title":{"rendered":"Sve\u010dano otvorene nove prostorije Zavi\u010dajne zajednice &#8222;Republika Srpska&#8220;"},"content":{"rendered":"<p>Ju\u010de su u Subotici, na adresi Zrinjskog i Frankopana 27, otvorene nove prostorije Zavi\u010dajne zajednice \u201eRepublika Srpska\u201c. Na po\u010detku ceremonije, prostorije su osvje\u0161tali Ilija An\u0111eli\u0107 i Dragan Stokin sve\u0161tenici Srpske pravoslavne crkve iz Subotice.<\/p>\n<p>&nbsp;<\/p>\n<p>Sve\u010danom otvaranju prisustvovali su Sr\u0111an Samard\u017ei\u0107, \u010dlan Gradskog vije\u0107a zadu\u017een za oblast privrede i Borislav Maksimovi\u0107, saradnik za kulturu u Predstavni\u0161tvu Republike Srpske u Srbiji, koji je otvorio prostorije za budu\u0107i rad Zajednice.<\/p>\n<p>Pozdravljaju\u0107i prisutne, Miroslav Karan, predsjednik Zavi\u010dajne zajednice \u201eRepublika Srpska\u201c je istakao da, iako smo daleko od na\u0161ih ognji\u0161ta, njihova toplina nas grije i obavezuje da nikad ne zaboravimo gdje smo ro\u0111eni ili odakle su na\u0161i korjeni.<\/p>\n<p>\u201eTrudimo se da se na\u0161e veze sa zavi\u010dajem ne prekidaju, ve\u0107 da ja\u010daju i da nam ne dozvole da zaboravimo \u010dinjenicu da su ljudi iz Republike Srpske i Srbije jedan narod. Kao \u0161to vidite, uspjeli smo da napravimo savr\u0161en spoj mladosti i iskustva i na taj na\u010din dali trajnu garanciju da \u0107e na\u0161e udru\u017eenje samo da napreduje i da se veli\u010da.\u201c rekao je Karan.<\/p>\n<p><img title=\"Otvaranje novih prostorija Zavi\u010dajne zajednice \u201eRepublika Srpska\u201c\" src=\"\/wp-content\/uploads\/prethodni\/2020\/zavicajna_zajednica_rs_nove_prostorije1.jpg\" alt=\"Otvaranje novih prostorija Zavi\u010dajne zajednice \u201eRepublika Srpska\u201c\" width=\"1200\" border=\"0\" \/><\/p>\n<p>Sr\u0111an Samard\u017ei\u0107 je rekao da suboti\u010dka lokalna samouprava \u010dini sve da doprinese pobolj\u0161anju polo\u017eaja na\u0161ih sunarodnika koje su burni doga\u0111aji izmjestili sa njihovih vijekovnih ognji\u0161ta i primorali da nova ognji\u0161ta grade u Subotici, dodaju\u0107i da mu je posebno drago \u0161to su adaptirane prostorije u kojima \u0107e se organizovati besplatna nastava za djecu \u010dlanova zajednice \u201eRepublika Srpska\u201c.<\/p>\n<p>\u201eGrad Subotica \u0107e, izvjesno je, u granicama mogu\u0107nosti pru\u017eati podr\u0161ku zajednicama i udru\u017eenjima koja istrajno i posve\u0107eno \u010duvaju svoj, jezik pismo i tradiciju\u201c istakao je Samard\u017ei\u0107.<\/p>\n<p>Otvaraju\u0107i prostorije, Borislav Maksimovi\u0107 je istakao dosada\u0161nju dobru saradnju sa Zavi\u010dajnom zajednicom na brojnim projektima uz nadnje da \u0107e se ona nastaviti, a sve u cilju podsticanja i ja\u010danja veza i saradnje RepublikeSrpske i Republike Srbije.<\/p>\n<p>\u201eVi ste udru\u017eenje koje na najbolji na\u010din dr\u017ei vezu sa zavi\u010dajem, njeguje i \u010duva obi\u010daje i tradiciju svog zavi\u010daja i na najbolji na\u010din predstavljate svoj zavi\u010daj u sredinama u kojima ste se stalno opredijelili da \u017eivite\u201c rekao je Maksimovi\u0107.<\/p>\n<p><img title=\"Nove prostorije Zavi\u010dajne zajednice \u201eRepublika Srpska\u201c iz Subotice\" src=\"\/wp-content\/uploads\/prethodni\/2020\/zavicajna_zajednica_rs_nove_prostorije2.jpg\" alt=\"Nove prostorije Zavi\u010dajne zajednice \u201eRepublika Srpska\u201c iz Subotice\" width=\"1200\" border=\"0\" \/><\/p>\n<p>Zavi\u010dajna zajednica \u201eRepublika Srpska\u201c iz Subotice jedobrovoljno, nestrana\u010dko i neprofitno udru\u017eenje, koje radi na o\u010duvanju kulturno-istorijskih tekovina, tradicije, obi\u010daja i za\u0161tite prava i interesa stanovnika Subotice porijeklom sa prostora Republike Srpske.<\/p>\n<p>Foto: Predstavni\u0161tvo i suboticadanas.rs<\/p>\n","protected":false},"excerpt":{"rendered":"<p>Ju\u010de su u Subotici, na adresi Zrinjskog i Frankopana 27, otvorene nove prostorije Zavi\u010dajne zajednice \u201eRepublika Srpska\u201c. Na po\u010detku ceremonije, prostorije su osvje\u0161tali Ilija An\u0111eli\u0107 i Dragan Stokin sve\u0161tenici Srpske pravoslavne crkve iz Subotice. &nbsp; Sve\u010danom otvaranju prisustvovali su Sr\u0111an Samard\u017ei\u0107, \u010dlan Gradskog vije\u0107a zadu\u017een za oblast privrede i Borislav Maksimovi\u0107, saradnik za kulturu u&#8230;<\/p>\n","protected":false},"author":1,"featured_media":3386,"comment_status":"closed","ping_status":"closed","sticky":false,"template":"","format":"standard","meta":[],"categories":[56],"tags":[71],"_links":{"self":[{"href":"https:\/\/predstavnistvorsbg.rs\/sr-Latn\/wp-json\/wp\/v2\/posts\/4284"}],"collection":[{"href":"https:\/\/predstavnistvorsbg.rs\/sr-Latn\/wp-json\/wp\/v2\/posts"}],"about":[{"href":"https:\/\/predstavnistvorsbg.rs\/sr-Latn\/wp-json\/wp\/v2\/types\/post"}],"author":[{"embeddable":true,"href":"https:\/\/predstavnistvorsbg.rs\/sr-Latn\/wp-json\/wp\/v2\/users\/1"}],"replies":[{"embeddable":true,"href":"https:\/\/predstavnistvorsbg.rs\/sr-Latn\/wp-json\/wp\/v2\/comments?post=4284"}],"version-history":[{"count":0,"href":"https:\/\/predstavnistvorsbg.rs\/sr-Latn\/wp-json\/wp\/v2\/posts\/4284\/revisions"}],"wp:featuredmedia":[{"embeddable":true,"href":"https:\/\/predstavnistvorsbg.rs\/sr-Latn\/wp-json\/wp\/v2\/media\/3386"}],"wp:attachment":[{"href":"https:\/\/predstavnistvorsbg.rs\/sr-Latn\/wp-json\/wp\/v2\/media?parent=4284"}],"wp:term":[{"taxonomy":"category","embeddable":true,"href":"https:\/\/predstavnistvorsbg.rs\/sr-Latn\/wp-json\/wp\/v2\/categories?post=4284"},{"taxonomy":"post_tag","embeddable":true,"href":"https:\/\/predstavnistvorsbg.rs\/sr-Latn\/wp-json\/wp\/v2\/tags?post=4284"}],"curies":[{"name":"wp","href":"https:\/\/api.w.org\/{rel}","templated":true}]}}