{"id":4291,"date":"2021-01-29T10:00:21","date_gmt":"2021-01-29T09:00:21","guid":{"rendered":"https:\/\/prs2.profimediagroup.com\/uncategorized-sr-latn\/beckovicu-urucena-prosvjetina-svetosavska-povelja\/"},"modified":"2023-04-07T22:21:07","modified_gmt":"2023-04-07T20:21:07","slug":"beckovicu-urucena-prosvjetina-svetosavska-povelja-ltn","status":"publish","type":"post","link":"https:\/\/predstavnistvorsbg.rs\/sr-Latn\/prethodni-dogadjaji-sr-latn\/beckovicu-urucena-prosvjetina-svetosavska-povelja-ltn\/","title":{"rendered":"Be\u0107kovi\u0107u uru\u010dena Prosvjetina Svetosavska povelja"},"content":{"rendered":"<p>Svetosavska povelja Srpskog prosvjetnog i kulturnog dru\u0161tva \u201eProsvjeta\u201c iz Beograda danas je uru\u010dena akademiku Matiji Be\u0107kovi\u0107u. Povelju laureatu uru\u010dio je predsjednik beogradskog SPKD \u201eProsvjeta\u201c Milimir Mu\u010dibabi\u0107, istakav\u0161i da se Be\u0107kovi\u0107eva poezija u ovim previru\u0107im vremenima javlja kao ohrabrenje i putokaz.<\/p>\n<p>&#8211; U njegovoj rije\u010di i stihu u \u010dudesnoj harmoniji obitavaju ontologija i gnoseologija, etika i estetika &#8211; rekao je Mu\u010dibabi\u0107.<\/p>\n<p>On je podsjetio da je Be\u0107kovi\u0107 od \u0161ezdesetih godina pro\u0161log vijeka u centru pa\u017enje knji\u017eevne javnosti, te da se svrstava u red vode\u0107ih li\u010dnosti srpskog knji\u017eevnog \u017eivota i srpske kulture.<\/p>\n<p>&#8211; Najve\u0107i je \u017eivi srpski pjesnik. Kod njega se mo\u017ee primijeniti ona Andri\u0107eva &#8211; \u201epesniku i njegovom delu vreme ne mo\u017ee ni\u0161ta\u201c &#8211; rekao je Mu\u010dibabi\u0107.<\/p>\n<p>Zahvaliv\u0161i za priznanje, Be\u0107kovi\u0107 je rekao da ga je SPKD \u201eProsvjeta\u201c pre\u010dastilo kada ga je, kako je naveo, pored toliko zaslu\u017enijih, pridru\u017eilo dosada\u0161njim dobitnicima Svetosavske povelje. On je rekao i da je ta povelja najvi\u0161e priznanje koje dodjeljuje slavno srpsko prosvjetno i kulturno dru\u0161tvo.<\/p>\n<p>&#8211; Pridru\u017eili su me listi dugoj 120 godina \u010dlanova dru\u0161tva \u201eProsvjeta\u201c, koje je svoju slavu i slavu na\u0161ega naroda pronijelo po cijelom svijetu &#8211; rekao je Be\u0107kovi\u0107.<\/p>\n<p>On je podsjetio da su prvih 35 \u0161kolovanih Srba osnovali to dru\u0161tvo da brine o \u0111acima koji su se \u0161kolovali po svijetu.<\/p>\n<p>Be\u0107kovi\u0107 je dobitnik mnogih knji\u017eevnih i republi\u010dkih nagrada \/Oktobarske, \u201eMilan Raki\u0107\u201c, Sedmojulske, Zmajeve, \u201eDisovo prole\u0107e\u201c, Vukove, \u201eDu\u0161ko Trifunovi\u0107\u201c, \u201eVinaverovog venca\u201c, NJego\u0161eve, \u201eDimitrije Mitrinovi\u0107\u201c&#8230;\/, a nosilac je i Ordena belog orla.<\/p>\n<p>Predstavni\u0161tvo Republike Srpske u Srbiji u kontinuitetu podr\u017eava Srpsko prosvjetno i kulturno dru\u0161tvo \u201eProsvjeta\u201c, pa je i ovaj put pru\u017eilo podr\u0161ku u organizacionom i finansijskom smislu. Uru\u010denju nagrade prisustvovao je i \u0161ef Predstavni\u0161tva Republike Srpske u Srbiji Mla\u0111en Cicovi\u0107.<\/p>\n","protected":false},"excerpt":{"rendered":"<p>Svetosavska povelja Srpskog prosvjetnog i kulturnog dru\u0161tva \u201eProsvjeta\u201c iz Beograda danas je uru\u010dena akademiku Matiji Be\u0107kovi\u0107u. Povelju laureatu uru\u010dio je predsjednik beogradskog SPKD \u201eProsvjeta\u201c Milimir Mu\u010dibabi\u0107, istakav\u0161i da se Be\u0107kovi\u0107eva poezija u ovim previru\u0107im vremenima javlja kao ohrabrenje i putokaz. &#8211; U njegovoj rije\u010di i stihu u \u010dudesnoj harmoniji obitavaju ontologija i gnoseologija, etika i&#8230;<\/p>\n","protected":false},"author":1,"featured_media":3400,"comment_status":"closed","ping_status":"closed","sticky":false,"template":"","format":"standard","meta":[],"categories":[56],"tags":[73],"_links":{"self":[{"href":"https:\/\/predstavnistvorsbg.rs\/sr-Latn\/wp-json\/wp\/v2\/posts\/4291"}],"collection":[{"href":"https:\/\/predstavnistvorsbg.rs\/sr-Latn\/wp-json\/wp\/v2\/posts"}],"about":[{"href":"https:\/\/predstavnistvorsbg.rs\/sr-Latn\/wp-json\/wp\/v2\/types\/post"}],"author":[{"embeddable":true,"href":"https:\/\/predstavnistvorsbg.rs\/sr-Latn\/wp-json\/wp\/v2\/users\/1"}],"replies":[{"embeddable":true,"href":"https:\/\/predstavnistvorsbg.rs\/sr-Latn\/wp-json\/wp\/v2\/comments?post=4291"}],"version-history":[{"count":0,"href":"https:\/\/predstavnistvorsbg.rs\/sr-Latn\/wp-json\/wp\/v2\/posts\/4291\/revisions"}],"wp:featuredmedia":[{"embeddable":true,"href":"https:\/\/predstavnistvorsbg.rs\/sr-Latn\/wp-json\/wp\/v2\/media\/3400"}],"wp:attachment":[{"href":"https:\/\/predstavnistvorsbg.rs\/sr-Latn\/wp-json\/wp\/v2\/media?parent=4291"}],"wp:term":[{"taxonomy":"category","embeddable":true,"href":"https:\/\/predstavnistvorsbg.rs\/sr-Latn\/wp-json\/wp\/v2\/categories?post=4291"},{"taxonomy":"post_tag","embeddable":true,"href":"https:\/\/predstavnistvorsbg.rs\/sr-Latn\/wp-json\/wp\/v2\/tags?post=4291"}],"curies":[{"name":"wp","href":"https:\/\/api.w.org\/{rel}","templated":true}]}}