{"id":4317,"date":"2021-02-11T11:00:11","date_gmt":"2021-02-11T10:00:11","guid":{"rendered":"https:\/\/prs2.profimediagroup.com\/uncategorized-sr-latn\/potpisan-ugovor-o-saradnji-kulturnog-centra-i-putujuceg-glumca\/"},"modified":"2023-04-07T22:26:34","modified_gmt":"2023-04-07T20:26:34","slug":"potpisan-ugovor-o-saradnji-kulturnog-centra-i-putujuceg-glumca-ltn","status":"publish","type":"post","link":"https:\/\/predstavnistvorsbg.rs\/sr-Latn\/prethodni-dogadjaji-sr-latn\/potpisan-ugovor-o-saradnji-kulturnog-centra-i-putujuceg-glumca-ltn\/","title":{"rendered":"Potpisan ugovor o saradnji Kulturnog centra i &#8222;Putuju\u0107eg glumca&#8220;"},"content":{"rendered":"<p>U Beogradu je ju\u010de, u prostorijama Predstavni\u0161tva Republike Srpske u Srbiji, potpisan ugovor o pozori\u0161noj saradnji \u00a0Kulturnog centra Isto\u010dno Novo Sarajevo i beogradskog Udru\u017eenja \u201ePutuju\u0107i glumac\u201c.<\/p>\n<p>Cilj saradnje je realizacija pozori\u0161ne predstave \u201eSedmi dan&#8220;, po tekstu knji\u017eevnika iz Isto\u010dnog Sarajeva Gorana Vra\u010dara, koja je nastala po njegovom istoimenom romanu.<\/p>\n<p>U predstavi igraju Jelica Kova\u010devi\u0107, Jelena Velkovski, Predrag Vasi\u0107 i Aleksandar Lazi\u0107, dok \u0107e Goran Sultanovi\u0107 imati nasnimljeni monolog.<\/p>\n<p><img title=\"Ugovor potpisuje Mladen Jankovi\u0107, direktor Kulturnog centra Isto\u010dno Novo Sarajevo i Jelica Kova\u010devi\u0107 ispred Udru\u017eenja \u201ePutuju\u0107i glumac\u201c\" src=\"\/wp-content\/uploads\/prethodni\/2021\/ugovor_pozorista2.jpg\" alt=\"Ugovor potpisuje Mladen Jankovi\u0107, direktor Kulturnog centra Isto\u010dno Novo Sarajevo i Jelica Kova\u010devi\u0107 ispred Udru\u017eenja \u201ePutuju\u0107i glumac\u201c\" width=\"1200\" border=\"0\" \/><\/p>\n<p>Potpisnici ugovora su direktor Kulturnog centra Isto\u010dno Novo Sarajevo Mladen Jankovi\u0107 i glumica Jelica Kova\u010devi\u0107 ispred Udru\u017eenja \u201ePutuju\u0107i glumac&#8220;.<\/p>\n<p>Jankovi\u0107 je rekao da je ovo prvo zvani\u010dno potpisivanje ugovora o pozori\u0161noj produkciji Kulturnog centra Isto\u010dno Sarajevo i \u201ePutuju\u0107eg glumca&#8220;, te zahvalio Predstvni\u0161tvu Republike Srpske i gradu Isto\u010dnom Sarajevu na podr\u0161ci.<\/p>\n<p>&#8211; Radi se o prvoj profesionalno pozori\u0161noj sceni koju pripremamo u na\u0161oj produkciji&#8230; Do sada smo imali uspje\u0161nu sradnju sa umjetnicima iz Srbije, mnogi su u\u010destvovali u programima, ali ovo je vrlo zna\u010dajan projekat, jer zajedni\u010dki u\u010destvuju umjetnici iz Srpske i Beograda &#8211; rekao je Jankovi\u0107.<\/p>\n<p>Kova\u010devi\u0107eva je rekla da i ova saradnja predstavlja kulturolo\u0161ki doprinos saradnji Srbije i\u00a0 Republike Srpske, te da je velika \u010dast u\u010destvovati u realizaciji projekta s kolegama iz Isto\u010dnog Sarajeva.<\/p>\n<p><img title=\"Predstavnici Kulturnog centra Isto\u010dno Novo Sarajevo i Udru\u017eenja \u201ePutuju\u0107i glumac\u201c iz Beograda sa \u0160efom Predstavni\u0161tva R. Srpske u Srbiji Mla\u0111enom Cicovi\u0107em\" src=\"\/wp-content\/uploads\/prethodni\/2021\/ugovor_pozorista3.jpg\" alt=\"Predstavnici Kulturnog centra Isto\u010dno Novo Sarajevo i Udru\u017eenja \u201ePutuju\u0107i glumac\u201c iz Beograda sa \u0160efom Predstavni\u0161tva R. Srpske u Srbiji Mla\u0111enom Cicovi\u0107em\" width=\"1200\" border=\"0\" \/><\/p>\n<p>U ime Predstavni\u0161tva\u00a0Republike Srpske u Srbiji, koje je kao doma\u0107in potpisivanja ugovora o pozori\u0161noj saradnji isto\u010dnosarajevskog Centra i Udru\u017eenja \u201ePutuju\u0107i glumac\u201c, tehni\u010dki i organizaociono pomoglo saradnju Kulturnog centra Isto\u010dno Novo Sarajevo i Narodnog pozori\u0161ta u Beogradu, \u0161ef Predstavni\u0161tva Republike Srpske u Srbiji Mla\u0111en Cicovi\u0107 je naglasio zna\u010daj kulturne saradnje izme\u0111u Srpske i Srbije.<\/p>\n<p>&#8211; Ovo je jo\u0161 jedna aktivnost koja doprinosi svemu \u0161to radimo na podsticanju i ja\u010danju saradnje izme\u0111u Srpske i Srbije, posebno saradnje koja se odnosi na kulturu i svega \u0161to je u funkciji o\u010duvanja na\u0161eg nacionalog identiteta, kulture i tradicije &#8211; dodao je Ciciovi\u0107 i izrazio zadovoljstvo \u0161to je rije\u010d o predstavi po tekstu Vra\u010dara, sa kojim Predstavni\u0161tvo ima odli\u010dnu saradnju.<\/p>\n<p>Saradnici na predstavi su Ninoslav Ademovi\u0107 zadu\u017een za muziku, Dragica Lau\u0161evi\u0107 za kostimografiju, Dragana Sud\u017euk i Jana Milenkovi\u0107 za koreografiju, i Borko Mo\u010devi\u0107 za scenografiju.<\/p>\n<p>Premijera predstave je zakazana za 15. mart 2021. godine u Isto\u010dnom Sarajevu, a nakon toga slijede premijere u Narodnom pozori\u0161tu u Beogradu, Srpskom narodnom pozori\u0161tu u Novom Sadu i Narodnom pozori\u0161tu u Banjaluci.<\/p>\n","protected":false},"excerpt":{"rendered":"<p>U Beogradu je ju\u010de, u prostorijama Predstavni\u0161tva Republike Srpske u Srbiji, potpisan ugovor o pozori\u0161noj saradnji \u00a0Kulturnog centra Isto\u010dno Novo Sarajevo i beogradskog Udru\u017eenja \u201ePutuju\u0107i glumac\u201c. Cilj saradnje je realizacija pozori\u0161ne predstave \u201eSedmi dan&#8220;, po tekstu knji\u017eevnika iz Isto\u010dnog Sarajeva Gorana Vra\u010dara, koja je nastala po njegovom istoimenom romanu. U predstavi igraju Jelica Kova\u010devi\u0107, Jelena&#8230;<\/p>\n","protected":false},"author":1,"featured_media":3404,"comment_status":"closed","ping_status":"closed","sticky":false,"template":"","format":"standard","meta":[],"categories":[56],"tags":[73],"_links":{"self":[{"href":"https:\/\/predstavnistvorsbg.rs\/sr-Latn\/wp-json\/wp\/v2\/posts\/4317"}],"collection":[{"href":"https:\/\/predstavnistvorsbg.rs\/sr-Latn\/wp-json\/wp\/v2\/posts"}],"about":[{"href":"https:\/\/predstavnistvorsbg.rs\/sr-Latn\/wp-json\/wp\/v2\/types\/post"}],"author":[{"embeddable":true,"href":"https:\/\/predstavnistvorsbg.rs\/sr-Latn\/wp-json\/wp\/v2\/users\/1"}],"replies":[{"embeddable":true,"href":"https:\/\/predstavnistvorsbg.rs\/sr-Latn\/wp-json\/wp\/v2\/comments?post=4317"}],"version-history":[{"count":0,"href":"https:\/\/predstavnistvorsbg.rs\/sr-Latn\/wp-json\/wp\/v2\/posts\/4317\/revisions"}],"wp:featuredmedia":[{"embeddable":true,"href":"https:\/\/predstavnistvorsbg.rs\/sr-Latn\/wp-json\/wp\/v2\/media\/3404"}],"wp:attachment":[{"href":"https:\/\/predstavnistvorsbg.rs\/sr-Latn\/wp-json\/wp\/v2\/media?parent=4317"}],"wp:term":[{"taxonomy":"category","embeddable":true,"href":"https:\/\/predstavnistvorsbg.rs\/sr-Latn\/wp-json\/wp\/v2\/categories?post=4317"},{"taxonomy":"post_tag","embeddable":true,"href":"https:\/\/predstavnistvorsbg.rs\/sr-Latn\/wp-json\/wp\/v2\/tags?post=4317"}],"curies":[{"name":"wp","href":"https:\/\/api.w.org\/{rel}","templated":true}]}}