{"id":4322,"date":"2021-02-26T10:00:23","date_gmt":"2021-02-26T09:00:23","guid":{"rendered":"https:\/\/prs2.profimediagroup.com\/uncategorized-sr-latn\/odrzana-tribina-republika-srpska-pred-novim-izazovima\/"},"modified":"2023-04-07T22:27:28","modified_gmt":"2023-04-07T20:27:28","slug":"odrzana-tribina-republika-srpska-pred-novim-izazovima-ltn","status":"publish","type":"post","link":"https:\/\/predstavnistvorsbg.rs\/sr-Latn\/prethodni-dogadjaji-sr-latn\/odrzana-tribina-republika-srpska-pred-novim-izazovima-ltn\/","title":{"rendered":"Odr\u017eana tribina &#8222;Republika Srpska pred novim izazovima&#8220;"},"content":{"rendered":"<p>Koji su to izazovi pred kojim se nalazi Republika Srpska? Da li opasniji od onih do sada najte\u017eih s po\u010detka &#8217;90-ih? Na koji na\u010din da im se suprotstavi?\u00a0 Mo\u017ee li i ovoga puta da ih izdr\u017ei? \u2013 To su samo neka od pitanja na koja su poku\u0161ali da odgovore \u0161est uglednih autora iz Srpske, Srbije i inostranstva tokom gotovo tro\u010dasovnog trajanja \u00a0tribine odr\u017eane u Beogradu.<\/p>\n<p>U okviru obilje\u017eavanja 9. januara Dana Republike i \u00a028. februara, dana u kojem je usvojen prvi Ustav Republike Srpske, Predstavni\u0161tvo Republike Srpske u Srbiji je zajedno sa informativno-politi\u010dkim portalom \u201eSve o Srpskoj\u201c u petak, 26. februara, u Pres centru Udru\u017eenja novinara Srbije odr\u017ealo tribinu na temu \u201eRepublika Srpska pred novim izazovima\u201c.<\/p>\n<p>U radu tribine putem video obra\u0107anja u\u010destvovao je predsjedavaju\u0107i i srpski \u010dlan Predsjedni\u0161tva BiH Milorad Dodik.<\/p>\n<div>Na tribini su govorili i Nenad Kecmanovi\u0107, Aleksandar Pavi\u0107, Darko Tanaskovi\u0107 i Sini\u0161a LJepojevi\u0107, a preko konferencijske video veze uklju\u010dili su se srpski \u010dlan Predsjedni\u0161tva BiH Milorad Dodik, Jelena Guskova iz Moskve i Stiven Majer iz Va\u0161ingtona.<\/div>\n<p><img title=\"Mla\u0111en Cicovi\u0107, \u0161ef Predstavni\u0161tva R. Srpske u Srbiji\" src=\"\/wp-content\/uploads\/prethodni\/2021\/tribina_dan_rs2.jpg\" alt=\"Mla\u0111en Cicovi\u0107, \u0161ef Predstavni\u0161tva R. Srpske u Srbiji\" width=\"1200\" border=\"0\" \/><\/p>\n<p>U pozdravnoj rije\u010di doma\u0107ina, \u0161ef Predstavni\u0161tva Republike Srpske u Srbiji <strong>Mla\u0111en Cicovi\u0107<\/strong> istakao je da o\u010dekuje da \u0107e tribina sude\u0107i po uva\u017eenim u\u010desnicima iz Srbije, Srpske i svijeta, biti zaista vrijedan odgovor, ne na zapadnopoliti\u010dke pritiske na Republiku Srpsku, nego na pitanja koja sami sebi postavljamo za vrijeme i poslije svih tih pritisaka.<\/p>\n<p>\u201eVjerujem da \u0107e nau\u010dni pristup u sagledavanju novih izazova, koji pred Republikom Srpskom stoje na vrhu nagomilanih starih pitanja postavljanih poslije govora, pisanja i djelovanja \u010diji je cilj uvijek bio ru\u0161enje ili bar umanjenje zna\u010daja Republike Srpske, u dobroj mjeri pomo\u0107i da i ubudu\u0107e odgovori srpske politike budu dobri i korektni, iako ne uvijek djelotvorni\u201d, istakao je Cicovi\u0107.<\/p>\n<p>Na kraju pozdravne rije\u010di Cicovi\u0107 je svim u\u010desnicima tribine po\u017eelio \u00a0uspje\u0161an rad i najavio obra\u0107anje predsjedavaju\u0107eg i srpskog \u010dlana Predsjedni\u0161tva BiH Milorada Dodika.<\/p>\n<p><img title=\"Milorad Dodik, predsjedavaju\u0107i Predsjedni\u0161tva BiH - uklju\u010denje preko konferencijske video veze\" src=\"\/wp-content\/uploads\/prethodni\/2021\/tribina_dan_rs3.jpg\" alt=\"Milorad Dodik, predsjedavaju\u0107i Predsjedni\u0161tva BiH - uklju\u010denje preko konferencijske video veze\" width=\"1200\" border=\"0\" \/><\/p>\n<p>Predsjedavaju\u0107i i srpski \u010dlan Predsjedni\u0161tva BiH <strong>Milorad Dodik <\/strong>je naglasio da Republika Srpska ima jasne stavove po svakom pitanju, te ocijenio je da situacija u BiH sada izgleda daleko slo\u017eenija nego ranije.<\/p>\n<p>Odgovaraju\u0107i na pitanje kako da Republika Srpska odgovori na izazove kao \u0161to su najava novih pritisaka iz SAD i od visokog predstanika Valentina Incka, kao i to \u0161to Bo\u0161njaci Srbe nazivaju fa\u0161istima, rekao da sve zavisi od Republike Srpske.<\/p>\n<p>\u201eMnogi u BiH sa nestrpljenjem \u010dekaju dolazak nekog novog visokog predstavnika, ali Republika Srpska smatra da on vi\u0161e nije potreban u BiH i da je njegova misija trebala davno da bude ukinuta\u201d, naglasio je Dodik.<\/p>\n<p>On je napomenuo da je tokom ju\u010dera\u0161njeg telefonskog razgovora sa kandidatom NJema\u010dke za novog visokog predstavnika u BiH Kristijanom \u0160mitom jasno naglasio da ono \u0161to je predvi\u0111eno Aneksom 10 Dejtonskog sporazuma mo\u017ee da bude predmet razgovora i dogovora, a sve izvan toga ne mo\u017ee.<\/p>\n<p>Dodik je podsjetio na odluke visokih predstavnika u por\u0161losti, te naveo da Srpska poku\u0161ava da na\u0111e adekvatan pristup da u zemljama iz kojih su ti visoki predstavnici dolazili tu\u017ei te biv\u0161e diplomate za kr\u0161enje me\u0111unarodnog prava i podvaljivanje rje\u0161enja koja nisu zasnovana na me\u0111unarodnom pravu.<\/p>\n<p>\u201eDolazak visokog predstavnika ja ne vidim kao \u0161to mnogi ovdje gledaju. Ovo \u0107e biti prilika, \u0161to sam rekao i \u0160mitu, da, ako ho\u0107e, mo\u017ee rehabilitovati ulogu visokog predstavnika i da se vrati u svoj mandat predvi\u0111en Aneksom 10, a ne da se pona\u0161a kao slon u staklenoj ba\u0161ti\u201d, istakao je Dodik.<\/p>\n<p>On je napomenuo da je veliko prisustvo me\u0111unarodne zajednice u BiH o\u010digledno postalo dosadno, pa se sada poku\u0161ava na\u0107i neki novi sadr\u017eaj rada.<\/p>\n<p>Predsjedavaju\u0107i i srpski \u010dlan Predsjedni\u0161tva BiH Milorad Dodik izjavio je da Republika Srpska nema drugu opciju, osim da ka\u017ee \u201ene&#8220; prijedlozima da se ru\u0161i Dejtonski sporazum, umanji snaga Srpske i oja\u010da BiH u koju Srbi nemaju povjerenje.<\/p>\n<p>Dodik je rekao da je i nekim Srbima to \u201ene&#8220; vi\u0161e dosadilo, ali da Srpska nema drugu opciju ve\u0107 da ide ka tome da afirmi\u0161e pravo na autonomiju.<\/p>\n<p>\u201eDa ka\u017eemo da je potpuno legitimno da ta autonomija predvi\u0111ena Dejtonom, bude nama isporu\u010dena, a ne da bude ukinuta. I da mi ne \u017eelimo unitarnu i centralizovanu BiH jer je to je \u017eelja nekih drugih koji misle da \u0107e pote\u0107i med i mlijeko samo zato \u0161to su oni sada napravili neki koncept. A onda \u0107e se ponovo povu\u0107i i nekoga kriviti za\u0161to to nije uspjelo\u201d, rekao je Dodik.<\/p>\n<p>Dodik je ocijenio da u BiH ni SAD ne mo\u017ee uraditi ne\u0161to, osim radikalno, niti bilo ko drugi, ve\u0107 jedino oni koji tu \u017eive.<\/p>\n<p>\u201eNa\u0161a svijest o tome da smo mi ovdje odlu\u010duju\u0107i faktor i da imamo svoje \u017eivotne, a ne politi\u010dke mandate, odlu\u010duju\u0107a je stvar za na\u0161e pona\u0161anje. Vjerujte, mnogo puta sam rekao `ne` tim koji su dolazili i uvijek sam se osje\u0107ao jo\u0161 bolje. Ni\u0161ta gore nema i podmuklo tinja nezadovoljstvo ako ka\u017eete `da`, a ne \u017eelite\u201d, rekao je Dodik, navode\u0107i da je gledao mnoge koje su to \u010dinili, a nestali su brzo sa politi\u010dke scene.<\/p>\n<p>Dodik je istakao da \u201ene\u201d nije opcija koja je unaprijed zadata, nego se ka\u017ee \u201ene\u201d prijedlozima da se ru\u0161i Dejtonski sporazum, da se umanji snaga Republici Srpskoj, da se oja\u010da BiH u koju Srbi nemaju povjerenje.<\/p>\n<p>\u201e`Ne` njihovim bonskim ovla\u0161\u0107enjima jer to ne postoji! `Ne` njihovoj promjeni zakona, jer to ne mo\u017ee da radi nijedan pojedinac nasiljem! `Ne` njihovim reformama policije, njihovim integracijama u NATO jer mi to ne \u017eelimo! To su stvari koje smo morali da ka\u017eemo, ali to je opcija na koju moramo da ra\u010dunamo\u201d, naglasio je Dodik.<\/p>\n<p>Dodik je rekao da misli da je pristup me\u0111unarodne zajednice bio pogre\u0161an jer nikada nije sprovodila slovo Dejtona, nego je odmah po\u010dela da mijenja Dejton u nastojanju da skr\u0161i otpor, prije svega Srba i ukine Republiku Srpsku.<\/p>\n<p>\u201eRepublika Srpska je manja po snazi nego \u0161to je bila ranije ustavno-pravno, ali isto tako danas ima dovoljno ingerencija da se sama odbrani\u201d, ka\u017ee Dodik.<\/p>\n<p>On je naveo da je svaka pomo\u0107 prijatelja Republike Srpske, odakle god dolazi, dobrodo\u0161la.<\/p>\n<p>Dodik je istakao da kod Bo\u0161njaka postoji frustracija jer su naviknuti da im stalno neko drugi rje\u0161ava probleme, pa su zato pro\u0161irili o\u010dekivanja od aministracije ameri\u010dkog predsjednika D\u017dozefa Bajdena.<\/p>\n<p>On je rekao da Bajden Balkan poznaje samo iz aspekta koji je njemu bio potreban ili promovisan tada u Americi \u2013 da su Srbi lo\u0161i momci i da je apsolutno legalno i legitimno sve \u0161to se u\u010dini lo\u0161e i nezakonito prema njima.<\/p>\n<p>\u201eTa percepcija na koju su nalegli Bo\u0161njaci i njihova o\u010dekivanja da \u0107e Bajden kada do\u0111e bukvalno ovdje sletiti sa svim marincima i svom ameri\u010dkom silom da slomi jednog Dodika, \u010covi\u0107a i uni\u0161ti njihove stranke i ka\u017ee `mora ovako biti`!. Naravno, to je samo sijanje iluzija. Ovih dana smo mogli da vidimo da to nije tako\u201d, rekao je Dodik.<\/p>\n<p>On je istakao da ne vjeruje potpuno Amerikancima kada ka\u017eu da im to nije cilj, te ocijenio da \u0107e oni nastaviti sa svojim robusnim pri\u010dama i poku\u0161avati da pridobiju Evorpljane za tako ne\u0161to.<\/p>\n<p>Dodik je rekao da je kao \u0161argarepa ponu\u0111ena sljede\u0107a faza, a to je EU, od koje se kroz 14 preporuka dobija i uslov za kandidatski BiH, da parlament BiH ima pravo da odlu\u010duje o evropskim pitanjima uvijek kad se entiteti ne dogovore o tome.<\/p>\n<p>\u201eTo je katastrofalno, zna\u010di sve ono \u0161to su poku\u0161avali da urade. Ja im ka\u017eem hvala za to EU, koliko god mislili da je to nama \u0161argarepa. Ali, ima neka linija koju ste davno pre\u0161li u ru\u0161enju na\u0161eg dostojanstva, i ne mo\u017eete dalje i\u0107i. Evo, nekako se kotrljamo na tome bastionu, ali ne \u017eelimo dalje\u201d, rekao je Dodik.<\/p>\n<p>Dodik je ocijenio da \u0107e biti te\u0161ka situacija, te da se nastavlja sa blefiranjem i podvalama. \u201eAko mi ka\u017eemo da to ne \u017eelimo, ka\u017eu da je to evropski standard\u201d, rekao je Dodik i dodao da mu \u010desto zvani\u010dnici iz EU, uz aluziju na BiH, \u010desto navode primjer NJema\u010dke koja je bila podijeljena, a sada integrisana.<\/p>\n<p>Dodik je rekao da u NJema\u010dkoj postoji jedan narod ili dvije religije, a u BiH su tri naroda i tri religije, koje su istorijski suprotstavljene bez mogu\u0107nosti da se ikada pomire u smislu da priznaju istoriju i do\u0111u do zajedi\u010dkog stava \u0161ta se de\u0161avalo u pro\u0161losti.<\/p>\n<p>\u201eSvi imaju svoje istorije i budu\u0107nosti. Mi \u017eelimo da ovladamo sada\u0161njo\u0161\u0107u, jer na taj na\u010din ovladavamo i budu\u0107no\u0161\u0107u. Ako ne vladamo ovim vremenom, onda nemamo nikakvu budu\u0107nost\u201d, istakao je Dodik.<\/p>\n<p>On je rekao da je slovo Dejtona klju\u010dna odrednica pona\u0161anja Republike Srpske, dok su globalisti i neoliberali i drugi stajali iza raznih visokih predstavnika koji su promovisali svoje koncepcije i rekli da je sam naziv okvirni sporazum u stvari poziv da se on mijenja, \u0161to nije ta\u010dno.<\/p>\n<p>Dodik je pojasnio da okvirni op\u0161ti sporazum predvi\u0111a detaljizaciju putem Aneksa 10, od \u010dega je jedan dio tog sporazuma i Ustav, i ne mo\u017ee biti ni\u0161ta konkretnije od toga.<\/p>\n<p>\u201eTo su podvale i blefovi\u201d, rekao je Dodik i podsjetio da je na Bonskoj konferenciji, kada su data bonska ovla\u0161\u0107enja visokom predstavniku, tada\u0161nji visoki predstavnik Karlos Vestendorf rekao da je to suprotno Dejtonu, ali da to nije bilo dovoljno da se zaustave, pa je napravljena podvala koja se zove \u201ebonska ovla\u0161\u0107enja\u201d, koja ne postoje.<\/p>\n<p>On je rekao da se Savjet za sporvo\u0111enje mira, samoorganizovan i samoproklamovan, nametnuo kao odlu\u010duju\u0107e tijelo u sprovo\u0111enju Dejtona, te dodao da to treba odbaciti i samim tim po\u0161to je Bonska konferencija dokaz da visoki predstavnik nema ovla\u0161\u0107enja.<\/p>\n<p>\u201ePa je napravljen blef koji je podruzmijevao neku pri\u010du o podr\u0161ci naporima, ali nigdje nema na svijetu da to zna\u010di da se mo\u017ee donositi zakon, mijenjati Ustav, smjenjivati demokratski izabrani ljudi kao \u0161to su radili u vremenu iza nas visoki predstavnici\u201d, rekao je Dodik.<\/p>\n<p>On ka\u017ee da su mnogi ra\u010dunali da \u0107e jednog dana slomiti politi\u010dku strukturu Republike Srpske i do\u0107i do izmjene Ustava da u njega u\u0111e sve ono \u0161to su oni nepravno uradili, ali i istakao da se to ne\u0107e desiti.<\/p>\n<p>\u201eMi uporno poku\u0161avamo da preispitamo odluke koje nisu u skladu sa me\u0111unarodnim pravom. Ali, ne treba biti naivan, jer iza toga, iza kr\u0161enja me\u0111unarodnog prava stoji ogromna politi\u010dka mo\u0107 oli\u010dena u Stejt deparmentu, EU i nekim zemljama kao \u0161to je Kanada, Japan, Turska, koje su \u010dlanice PIK-a\u201d, ka\u017ee Dodik.<\/p>\n<p>Dodik je rekao da formalno-pravno i su\u0161tinski gledano, oni nemaju pravo na to, te istakao da je to manifestacija gole sile, koja ide za tim da onima koji \u017eive u BiH nametne neke njihove politi\u010dke koncepcije o tome.<\/p>\n<p>On je podsjetio da je Srpska 2006. godine rekla da vi\u0161e nikada ne\u0107e objaviti u Slu\u017ebenom glasniku nijednu odluku visokog predstavnika, te ocijenio da su stvari po\u010dele da se mijenjaju, a visoki predstavnik je polako po\u010deo da gubi snagu.<\/p>\n<p>Dodik je naveo da je 2007. i 2008. godine poku\u0161ano da se promijeni putem odluke visokog predstanvika \u010dak i Poslovnik o radu parlamenta BiH i time ukinu specijalna prava, te da je onda Srpska rekla da ne \u017eeli da njeni predstavnici rade u zajedni\u010dkim institucijama, \u0161to postoji uvijek kao opcija ako se kr\u0161i Dejton.<\/p>\n<p>\u201eRekli smo vi\u0161e da ne\u0107emo da po\u0161tujemo nepravo. Dokaz da smo mi u pravu govori to \u0161to posljednjih deset godina oni nisu znali \u0161ta da rade, nisu mogli da se kre\u0107u dalje sa takozvanim bonskim ovla\u0161\u0107enjima, pa je visoki predstavnik naj\u010de\u0161\u0107e bonska ovla\u0161\u0107enja primjenjivao u FBiH\u201d, naveo je on.<\/p>\n<p>Dodik se izvinio \u0161to nije mogao da fizi\u010dki prisustvuje skupu zbog ranije preuzetih obaveza, navode\u0107i da nedostaju ovakve forme okupljanja i da \u0107e se u nekom narednom periodu morati posvetiti pa\u017enja razmatranju ovih tema.<\/p>\n<div>On je izrazio nadu da \u0107e ovakav skup, sa istim u\u010desnicima, biti odr\u017ean nekad i u Banjaluci i da je spreman da bude doma\u0107in.<\/div>\n<p><img title=\"Prof dr. Darko Tanaskovi\u0107, diplomata i orijentalista\" src=\"\/wp-content\/uploads\/prethodni\/2021\/tribina_dan_rs4.jpg\" alt=\"Prof dr. Darko Tanaskovi\u0107, diplomata i orijentalista\" width=\"1200\" border=\"0\" \/><\/p>\n<p>Srpski diplomata i orijentalista <strong>Darko Tanaskovi\u0107<\/strong> izlaganju na temu \u201eArgumentovano osporavanje bo\u0161nja\u010dkog viktimizacijskog diskursa kao neposredni i trajni prioritet\u201c istakao je zna\u010daj dosada\u0161njeg, a posebno budu\u0107eg organizovanog i planskog rada na utvr\u0111ivanju stradanja srpskog stanovi\u0161ta tokom rata u BiH od 1992. do 1995. godine, da bi se u svijetu promijenila lo\u0161a slika o Srbima.<\/p>\n<p>Tanaskovi\u0107 je istakao da je neposredni i trajni prioritet argumentovano osporavanje bo\u0161nja\u010dkog viktimizacionog diskursa, \u0161to je postalo stalni nastup Bo\u0161njaka, uz pomo\u0107 iz inostranstva.<\/p>\n<p>On je ocijenio izuzetno bitnim argumentovano i dokumentovano utvr\u0111ivanje razmjera stradanja srpskog naroda tokom rata u BiH, te istakao zna\u010daj rada Republi\u010dkog centra za istra\u017eivanje rata, ratnih zlo\u010dina i tra\u017eenje nestalih lica.<\/p>\n<p>Tanaskovi\u0107 je rekao da se tako stvaraju preduslovi za uspostavljanje uravnote\u017eene i realne slike tragi\u010dnog gra\u0111anskog rata i borbe za teritorije, sa elementima vjerskog sukoba koji se desio u BiH, gdje su sve strane imale srazmjerno velike gubitke i bile izlo\u017eene vi\u0161estrukim stradanjima.<\/p>\n<p>On dodaje da se, sa druge strane, samim tim \u010dinom relativizuje i obesna\u017euje bo\u0161nja\u010dki stereotipni viktimizacion diskurs, koji je konstanta njihove politi\u010dke platforme pred me\u0111unarodnom zajednicom, uobli\u010dene i izda\u0161no promovisane u aktivnom sadejstvu sa dijelovima te zajednice.<\/p>\n<p>\u201eStvaranje realne slike o \u017ertvama i stradanjima tokom rata u BiH i kriti\u010dko razobli\u010davanje bo\u0161nja\u010dkog viktimizacionog diskursa doprine\u0107e postepenom udaljavanju od danas na Zapadu jo\u0161 uvek prete\u017eno `politi\u010dki korektne` interpretacije rata kao srpske agresije na BiH\u201d, smatra Tanaskovi\u0107.<\/p>\n<p>Da bi razbijanje ove tendenciozno i metodi\u010dno stvarane predstave bilo uspje\u0161no, neophodno je, ocjenjuje Tanaskovi\u0107, djelovati bar isto onoliko sistemati\u010dno, stru\u010dno i u svakom pogledu kvalitetno koliko je to svojstveno antisrpskom doma\u0107em i me\u0111unarodnom in\u017eenjeringu i propagandi, a po\u017eeljno bi bilo dosti\u0107i i vi\u0161e standarde.<\/p>\n<p>On napominje da iskustvo iz rada dvije nezavisne me\u0111unarodne komisije \u2013 za stradanje Srba u Sarajevu u periodu od 1991. do 1995. godine i za stradanje pripadnika svih naroda u Srebrenici, koje je 2019. godine formirala Vlada Republike Srpske, pokazuje da je, uprkos mnogobrojnim te\u0161ko\u0107ama i preprekama, mogu\u0107e ne\u0161to i ostvariti.<\/p>\n<p>\u201eMogu\u0107e je ostvariti djelotvornu saradnju sa uglednim stranim ekspertima i omogu\u0107iti im da, uz o\u010duvanje pune intelektualne nezavisnosti, dejstvuju kao iznutri homogeni tim\u201d, rekao je on.<\/p>\n<p>Tanaskovi\u0107 nagla\u0161ava da Republi\u010dki centar za istra\u017eivanje rata, ratnih zlo\u010dina i tra\u017eenje nestalih lica, iako bez mnogo iskustva, posjeduje ljudske, stru\u010dne i organizacione potencijale da uspje\u0161no obavi izuzetno kompleksan zadatak institucionalnog, informativnog i tehni\u010dkog pra\u0107enja, kao i logisti\u010dkog obezbje\u0111ivanja uslova za nesmetan rad dvije komisije, uz nedovo\u0111enje u pitanje njihove pune autonomnosti u radu i zaklju\u010divanju.<\/p>\n<p>\u201eRezultati rada ovih komisija koji jo\u0161 nisu predstavljeni ni doma\u0107oj, ni stranoj javnosti, a nadam se da \u0107e uskoro biti, nikako ne bi smeli da bude neki incident\u201c, rekao je Tanaskovi\u0107, te podsjetio da zaklju\u010dci samo komisije o stradanju Srba u Sarajevu, \u010diji je \u010dlan bio, sadr\u017ee 1.200 stranica izuzetno dokumentovanih u kojima je sve \u010dinjeni\u010dno potvr\u0111eno.<\/p>\n<p>On je dodao da je od po\u010detka stav te komisije za Sarajevo bio da su u tom gradu i u BiH stradali pripadnici svih naroda, ali da jedino stradanje Srba nije adekvatno dokumentovano.<\/p>\n<p>Tanaskovi\u0107 je rekao da ove rezultate Komisija treba prezentovati i u zemlji i u inostranstvu, te istakao zna\u010daj uspostavljanja kontakata Republi\u010dkog centra za istra\u017eivanje rata i redovne saradnje sa sli\u010dnim ustanovama i kompetentnim pojedincima u inostranstvu.<\/p>\n<p>On je rekao da ovaj centar, \u010diji su potencijali veliki, pru\u017ea nadu da \u0107e i Banjaluka postati jedan od svjetskih referentnih centara za utvr\u0111ivanje istinske stvarnosti u BiH i stvarne prirode rata i onoga \u0161to se doga\u0111alo.<\/p>\n<p>\u201eBez obzira na sve sra\u010dunato fabrikovane predrasude prema nau\u010dnim i stru\u010dnim institucijama Republike Srpske, zanimanja i spremnosti za takvu saradnju ima. Neki pokazatelji govore da \u0107e ih biti sve vi\u0161e, \u010dak i na stranama gde se to ne bi o\u010dekivalo\u201c, istakao je Tanaskovi\u0107, nekada\u0161nji ambasador Srbije pri Unesku, kao i biv\u0161i ambasador Srbije u Turskoj, Vatikanu i Azerbejd\u017eanu.<\/p>\n<p>Prema njegovim rije\u010dima, u svijetu je oformljena jedna slika o doga\u0111ajima u BiH, koja je dobila oreol \u201epoliti\u010dke korektnosti\u201c, ali kada se to jednostrano vi\u0111enje ponavlja, pojavljuju se oni kojima je dozlogrdilo da njihovo nau\u010dno dostojanstvo bude vrije\u0111ano takvom jednobojnom projekcijom.<\/p>\n<p>On ka\u017ee da svijetu ima sve vi\u0161e samostalnih nau\u010dnika i istra\u017eiva\u010da i isti\u010de da Srpska tim ljudima mora da ponudi adekvatan materijal iz prve ruke, kako bi mogli da u\u0111u u bitku koja \u0107e u budu\u0107nosti imati realniji izgled na uspjeh.<\/p>\n<p>Tanaskovi\u0107 je rekao da ne misli da \u0107e biti mogu\u0107e sprovesti neke metode protiv Republike Srpske kao prije 25 godina, s obzirom na to da su se u svijetu okolnosti promijenile.<\/p>\n<div>On je podsjetio na izvje\u0161taj o krizi u BiH biv\u0161eg visokog predstavnika u BiH Karla Bilta za Evropski savjet za spoljne poslove, gdje je izvukao tezu da su rje\u0161enja za Dejton u BiH bli\u017ee rje\u0161enjima za Belgiju, nego Kipar, \u0161to zna\u010di da je do\u0161lo do unutra\u0161njeg sukoba i da nije rije\u010d o agresiji kao u slu\u010daju Kipra.<\/div>\n<p><img title=\"Stiven Majer, ameri\u010dki stru\u010dnjak za Balkan \u2013 uklju\u010denje preko konferencijske video veze\" src=\"\/wp-content\/uploads\/prethodni\/2021\/tribina_dan_rs5.jpg\" alt=\"Stiven Majer, ameri\u010dki stru\u010dnjak za Balkan \u2013 uklju\u010denje preko konferencijske video veze\" width=\"1200\" border=\"0\" \/><\/p>\n<p>Ameri\u010dki stru\u010dnjak za Balkan <strong>Stiven Majer<\/strong> je u izlaganju na temu \u201eVrijeme je za djelovanje\u201c rekao da je vrijeme da Republika Srpska razmisli o organizovanju referenduma o svojoj budu\u0107nosti i samoopredjeljenju, kao i da BiH i dalje ne\u0107e biti ni\u0161ta drugo do fiktivna dr\u017eava, \u0161to je oduvijek i bila.<\/p>\n<p>\u201eVrijeme je da priznamo realnost. Amerika \u0107e se dr\u017eati mita o BiH, ali vrijeme je za lidere BiH da preuzmu druga\u010diji kurs, posebno za lidere Republike Srpske da porazmisle o organizovanju referenduma u budu\u0107nosti\u201c, rekao je Majer.<\/p>\n<p>On je u video-obra\u0107anju naveo da bi na tom referendumu bile ponu\u0111ene opcije &#8211; da li stanovni\u0161tvo Srpske podr\u017eava nezavisnost, integrisanje sa Srbijom ili opstanak Srpske u okviru BiH.<\/p>\n<p>\u201eTo je pravo na samoopredjeljenje. Vlast u Banjaluci bi trebala da ispita mogu\u0107nost \u0161ta narod \u017eeli. Tako\u0111e, predla\u017eem da zakonodavno tijelo Republike Srpske usvoji zakon kojim \u0107e visokog predstavnika smatrati nepostoje\u0107im. On je dio istorije i nije vi\u0161e neophodan, kao ni Savjet za primjenu mira\u201d, istakao je Majer.<\/p>\n<p>Majer je ocijenio da na Balkanu trenutno vlada najve\u0107a napetost jo\u0161 od vremena ratova devedesetih godina pro\u0161log vijeka, \u0161to je posljedica kombinacije vrlo lo\u0161e zapadne politike, posebno iz SAD, nemogu\u0107nosti da se prevazi\u0111u etni\u010dka pitanja i neuspjeha rukovodstava u velikom dijelu regiona sa izuzetkom\u00a0 Milorada Dodika.<\/p>\n<p>On misli da, osim Dodika, lideri u regionu nisu sna\u017eni, te da nema onih koji \u0107e donijeti neophodne odluke, koje su nekada te\u0161ke.<\/p>\n<p>Majer smatra da politika Dejtona ne uzima u obzir interese regiona, ve\u0107 SAD i Zapadne Evrope, te da Amerika nikada nije razumjela prirodu etni\u010dkog sukoba u regionu.<\/p>\n<p>On je rekao da zemlje u regionu ne treba da razmi\u0161ljaju toliko \u0161ta o njima misli Amerika ili Evropa, ve\u0107 moraju da misle o sopstvenim interesima i po\u010dnu da djeluju u vlastitom interesu.<\/p>\n<p>\u201eMorate da imate sna\u017ene rukovodioce. Trenutno niko ne po\u0161tuje rukovodstva na Balkanu. Dodika se pla\u0161e i ne vole ga zato \u0161to se on vrlo \u010desto protivi. Ne ka\u017eem ovo zato \u0161to dugujem bilo \u0161ta Dodiku, nego zato \u0161to mi se dopada njegov na\u010din rukovo\u0111enja\u201d, naveo je Majer.<\/p>\n<p>Kada je rije\u010d o Srbiji, Majer smatra da \u0107e SAD nastaviti da tra\u017ee priznanje Kosova, kao \u0161to \u0107e nastaviti da se protive Republici Srpskoj i zala\u017eu za jedinstvenu BiH jer za Ameriku nije bitno da li ljudi koji u njoj \u017eive \u017eele jedinstvenu zemlju.<\/p>\n<p>\u201eStav SAD prema BiH je da treba da bude ujedinjena dr\u017eava, zatim da Srbija mora da prizna nezavisnost Kosova i protivi\u0107e se vezama Srbije sa Rusijom i Kinom\u201d, rekao je Majer.<\/p>\n<p>Odgovaraju\u0107i na pitanje kako treba da odgovore Republika Srpska i zemlje Balkana, Majer smatra da bi najve\u0107a gre\u0161ka bila da zemlje regiona i Srpska suvi\u0161e ozbiljno shvate SAD i dodaje da treba da po\u010dnu da djeluju u svom vlastitom interesu.<\/p>\n<p>Majer ocjenjuje da Balkan ne\u0107e biti glavni prioritet tokom mandata nove administracije ameri\u010dkog predsjednika D\u017dozefa Bajdena, ali podsje\u0107a da se glavna ameri\u010dka politika prema regionu ne\u0107e promijeniti i da se uglavnom radi o ameri\u010dkim interesima.<\/p>\n<p>\u201eZato \u0107e Va\u0161ington i dalje forsirati NATO i integracije u EU, insistirati da Balkan bude \u0161to dalje od Rusije, Kine ili Irana i da \u0107e vi\u0161e biti zainteresovan za Rusiju i Kinu\u201d, ka\u017ee Majer.<\/p>\n<div>On navodi da su SAD sada podijeljene vi\u0161e nego ikada, kao i da nikada nisu preboljele kraj Hladnog rata, za razliku od Rusije.<\/div>\n<p><img title=\"Aleksandar Pavi\u0107, politikolog\" src=\"\/wp-content\/uploads\/prethodni\/2021\/tribina_dan_rs6.jpg\" alt=\"Aleksandar Pavi\u0107, politikolog\" width=\"1200\" border=\"0\" \/><\/p>\n<p>Analiti\u010dar <strong>Aleksandar Pavi\u0107<\/strong> je u izlaganju na temu \u201eRepublika Srpska \u2013 od ra\u0111anja u unipolarizmu do punoletstva u multipolarizmu\u201c ocijenio da se naziru poku\u0161aji da Zapad uspostavi novi svjetski poredak, takozvano \u201eveliko resetovanje\u201c, te da \u0107e izazov za Republiku Srpsku, kao i Srbiju, biti da o\u010duvaju svoju slobodu u vremenu koje prijeti da ponovo postane \u201eorvelovsko\u201c i da to postane dio srpske \u201emeke mo\u0107i\u201c jer se sva bitka preselila u virtuelni prostor.<\/p>\n<p>\u201eSrbi su i dalje najnezavisniji faktor, barem u ovom dijelu Evrope\u201d,\u00a0 rekao je Pavi\u0107.<\/p>\n<p>On je ocijenio da Republika Srpska mo\u017ee da bude bastion u samoj BiH za pokazivanje vizije kako \u010dovjek, ipak, mo\u017ee da o\u010duva slobodu u jednom vremenu koje prijeti da postane \u201eorvelovsko\u201c u svakom pogledu.<\/p>\n<p>Pavi\u0107 je napomenuo da je Srbija za vrijeme pandemije kovida 19 postala simbol zato \u0161to nije, kao \u0161to su uradile zemlje EU, ograni\u010davala izbor po pitanju nabavke vakcina, te dodao da se u zapadnim, a pogotovo alternativnim medijima, sve vi\u0161e zna da se u Srbiji mnogo slobodnije \u017eivi i radi, nego na Zapadu, gdje su ljudi izlo\u017eeni karantinima, uni\u0161tavanju malih privrednika.<\/p>\n<p>\u201eTo mo\u017ee da postane deo na\u0161e `meke mo\u0107i`, jer se sva bitka preselila u virtuelni, duhovni, medijski prostor. Novom vremenu tektonskih promjena treba da se prilagodimo \u2013 ne samo vojno i politi\u010dki, nego i duhovno, informativno i medijski\u201d, rekao je Pavi\u0107, te ocijenio da je siguran da je po samom svom karakteru predsjedavaju\u0107i i srpski \u010dlan Predsjedni\u0161tva BiH Milorad Dodik toga vrlo svjestan.<\/p>\n<p>Pavi\u0107 je ocijenio da to mo\u017ee da pomogne Srbiji i Srpskoj u sticanju novih i oja\u010davanju starih savezni\u0161tava, te istakao srpski doprinos u smislu multipolarnog izbora, ali i o\u010duvanja sloboda u tome da ne bude da su se borili protiv virusa, a ubili ljudsku slobodu i demokratiju.<\/p>\n<p>On je ocijenio da je Srbija vrlo mudro, a sa njom i Republika Srpska, uspjela da otvori vektore prema Istoku i ima sve bolje odnose sa Pekingom i Moskvom, \u0161to je zalog slobode i kakve-takve nezavisnosti u ovom vremenu koje dolazi.<\/p>\n<p>\u201eIzazov za Republiku Srpsku kao i Srbiju bi\u0107e ne samo da se o\u010duva politi\u010dki, nego da ponovo stupe u arenu borbe za nove vrijednosti. Ako se poku\u0161ava nametnuti novo doba i neke nove vrijednosti, u tom smislu mo\u017eemo da se vratimo u arenu kao ravnopravni partner\u201d, rekao je Pavi\u0107.<\/p>\n<p>Pavi\u0107 je napomenuo da u Evropi, pa i SAD, postoje sve ve\u0107i otpori korona poretku koji se poku\u0161ava uvesti i preko njega to \u201eveliko resetovanje\u201c i centralizacija svega pod maskom \u2013 ne samo borbe protiv kovida 19, nego i borbe protiv klimatskih promjena.<\/p>\n<p>Prema njegovim rije\u010dima, nije opasnost da \u0107e biti NATO bombardovanja, nego je prijetnja da \u0107e se koristiti vrlo usavr\u0161ene tehnike takozvanog hibridnog ratovanja i obojenih revolucija, koje su ve\u0107 uspjele da sru\u0161e i jednog ameri\u010dkog predsjednika.<\/p>\n<p>\u201eOpasnost koja nama prijeti nije u tome da Zapad mo\u017ee vi\u0161e da nam nametne volju kao devedesetih, ve\u0107 od subverzivnih djelatnosti preko opozicionih li\u010dnosti, partija, nevladinih organizacija, medija\u201d, rekao je Pavi\u0107, navode\u0107i da toj tvrdnji ide u prilog to \u0161to su SAD izdvojile 3,5 miliona dolara za medijske projekte na Balkanu.<\/p>\n<p><img title=\"Prof dr. Jelena Guskova, istori\u010dar - uklju\u010denje preko konferencijske video veze\" src=\"\/wp-content\/uploads\/prethodni\/2021\/tribina_dan_rs7.jpg\" alt=\"Prof dr. Jelena Guskova, istori\u010dar - uklju\u010denje preko konferencijske video veze\" width=\"1200\" border=\"0\" \/><\/p>\n<p>Ruski akademik <strong>Jelena Guskova<\/strong> je u video obra\u0107anju na temu \u201eSrpstvo i zna\u010daj Republike Srpske u sa\u010duvanju mira i jedinstva Srba na Balkanu\u201c\u00a0 rekla da Zapadu ne\u0107e uspjeti da oslabi poziciju Republike Srpske i podijeli dru\u0161tvo jer Rusija podr\u017eava Srpsku.<\/p>\n<p>Guskova je ukazala da je Rusija, zauzev\u0161i jasnu poziciju po pitanju o\u010duvanja Dejtonskog sporazuma, uvijek izra\u017eavala podr\u0161ku Srbima, koje su poku\u0161avali i dalje poku\u0161avaju da prisile na promjenu Ustava.<\/p>\n<p>Ona je podsjetila da se Moskva zala\u017ee za ukidanje nadle\u017enosti visokog predstavnika, kao i za neprikosnovenost Dejtonskog sporazuma.<\/p>\n<p>Guskova je navela da je stvaranje Republike Srpske \u2013 istorijski slo\u017een, dugotrajan i \u201emnogovektorni proces\u201d, koji je bio veoma te\u017eak u uslovima vi\u0161enacionalne biv\u0161e SFRJ i oru\u017eane borbe za o\u010duvanje teritorije zarad sigurne egzistencije srpskog naroda.<\/p>\n<p>\u201e&#8217;Neugodni` lider Srba u BiH smeta onima koji \u017eele da vide BiH kao unitarnu, koji \u010dekaju ustupke kao nagradu za mogu\u0107nost sna o EU\u201c, rekla je Guskova.<\/p>\n<p>Ona je ocijenila da je Republika Srpska pokvarila sve ameri\u010dke planove i da, ne samo da je pre\u017eivjela, nego je i oja\u010dala svoje pozicije u BiH.<\/p>\n<p>\u201eOno \u0161to se \u010dinilo kao poraz u Dejtonu, postalo je pobjeda prema kojoj su Srbi u BiH uporno i\u0161li 25 godina\u201c, poru\u010dila je Guskova.<\/p>\n<p>Ona je navela da je Dejtonski sporazum pisan kao privremeni dokument jer se mislilo da \u0107e se Srbi smiriti kada dobiju svoju autonomiju, a onda \u0107e pod \u010dvrstom kontrolom SAD i visokog predstavnika pristati da predaju nadle\u017enosti kako bi se u\u010dvrstila centralna sarajevska vlast.<\/p>\n<p>\u201eVeoma mi imponuje kako se prema Zapadu pona\u0161a Milorad Dodik i kada je bio predsjednik Republike Srpske i sad, i kada je odbacio takozvane reforme \u010dime je trebalo da se koncentri\u0161e vlast u rukama Sarajeva\u201c, rekla je Guskova.<\/p>\n<p>Ona je istakla da je Republika Srpska protiv nametanja odluka, a za sistem partnerstva, za mir i saradnju me\u0111u narodima u BiH.<\/p>\n<p>\u201eDosljednost rukovodstva Republike Srpske u odbrani interesa srpskog naroda dovela je do toga da je stabilnost Srpske postala osnov stabilnosti \u010ditave BiH\u201c, rekla je Guskova.<\/p>\n<p>Ona je ukazala da predsjedavaju\u0107eg i srpskog \u010dlana Predsjedni\u0161tva BiH Milorada Dodika brine pitanje srpske integracije.<\/p>\n<p>Prema njenim rije\u010dima, rukovodstvu Republike Srpske veoma je stalo do jedinstva srpskog kulturnog i duhovnog prostora na Balkanu mnogo vi\u0161e nego u Srbiji i ocijenila da se na tom putu treba suprotstavljati Zapadu svojim duhovnim vrijednostima i tradicijom.<\/p>\n<p>\u201ePri tome se ne misli na ujedinjenje vojnim putem, ve\u0107 na o\u010duvanje i za\u0161titu duhovnog i kulturnog prostora, obnovu i negovanje srpske tradicije i korijena\u201d, naglasila je Guskova.<\/p>\n<p>Ona je ocijenila da SAD razra\u0111uje i druge scenarije za uni\u0161tavanje Republike Srpske i u tom kontekstu pomenula poku\u0161aj u maju 2016. godine da organizuju obojenu revoluciju, ali da je akcija propala jer je rukovodstvo Srpske bilo promi\u0161ljeno.<\/p>\n<p>\u201eDanas kriterijumu iskrenog prijatelja, stabilnog partnera i iskrenog rusofila odgovara samo malena Republika Srpska\u201c, ka\u017ee Guskova.<\/p>\n<p><img title=\"Sini\u0161a LJepojevi\u0107, novinar\" src=\"\/wp-content\/uploads\/prethodni\/2021\/tribina_dan_rs8.jpg\" alt=\"Sini\u0161a LJepojevi\u0107, novinar\" width=\"1200\" border=\"0\" \/><\/p>\n<p>Novinar <strong>Sini\u0161a LJepojevi\u0107<\/strong> je u izlaganju na temu \u201eGeopoliti\u010dka ravnote\u017ea i Republika Srpska\u201c ocijenio da ni Amerika, ni Zapad u osnovi nemaju neku novu politiku ni prema Republici Srpskoj, ni BiH.<\/p>\n<p>\u201eU tom svjetlu mnogo je vjerovatnije da \u0107e Amerika i Zapad samo obnoviti agresivnu medijsko-politi\u010dku kampanju i uz taj narativ osloniti se na lokalne `agente uticaja`. Uslovi za konkretne politi\u010dke ili neke druge akcije, me\u0111utim, ne postoje\u201d, rekao je LJepojevi\u0107.<\/p>\n<p>On samatra da je vrlo mogu\u0107e da \u0107e EU ucjenjivati Srbiju da ona obavi veliki dio posla oko Republike Srpske i da bi to mogao biti jedan od uslova u ambiciji Srbije da postane \u010dlanica EU.<\/p>\n<p>\u201eUkratko, i Republika Srpska i Srbija \u0107e biti izlo\u017eene obnovljenim pritiscima Zapada, ali u novom vremenu mogu\u0107nosti otpora su daleko ve\u0107e nego ranije. Svijet se promjenio, a ni Srbija, ni Republika Srpska nisu vi\u0161e usamljene na vjetrometini opadaju\u0107e imperije Zapada\u201d, istakao je LJepojevi\u0107.<\/p>\n<p><img title=\"Prof. dr Nenad Kecmanovi\u0107, politikolog\" src=\"\/wp-content\/uploads\/prethodni\/2021\/tribina_dan_rs9.jpg\" alt=\"Prof. dr Nenad Kecmanovi\u0107, politikolog\" width=\"1200\" border=\"0\" \/><\/p>\n<p>Politikolog <strong>Nenad Kecmanovi\u0107<\/strong> je u izlaganju na temu \u201eBo\u0161nja\u010dki apeli imperiji\u201c rekao da Bo\u0161njaci nisu pogodan partner za bilo kakve razgovore sa Srbima i Hrvatima jer u muslimansko-bo\u0161nja\u010dkoj politi\u010dkoj tradiciji postoji takozvani \u201eapel imperiji\u201d, gdje se rje\u0161enje za probleme u BiH uvijek tra\u017ei izvan BiH.<\/p>\n<p>\u201eU po\u010detku je to bilo u Stambolu, zatim pod austrougarskom aneksijom u Be\u010du, za vrijeme NDH u Zagrebu i Berlinu, a sada u Va\u0161ingtonu. Bo\u0161njaci svoju politiku vode kao `apel super sili` i njenim evropskim saveznicima\u201d, ocijenio je Kecmanovi\u0107.<\/p>\n<p>Kecmanovi\u0107 je podsjetio da je tokom Otomanske imperije odbijanje sultanovih reformi u BiH zavr\u0161ilo krvavim gu\u0161enjem pobune muslimana pod komandom Omer-pa\u0161e Latasa.<\/p>\n<p>\u201eTa traumati\u010dna uspomena kao da jo\u0161 \u017eivi u njihovoj kolektivnoj memoriji kao uvjerenje da se sve o njima rje\u0161ava negdje drugdje, i zato nisu pogodan partner za bilo kakve razgovore sa Srbima i Hrvatima\u201d, rekao je Kecmanovi\u0107.<\/p>\n<p>On je ukazao da su dolazak D\u017dozefa Bajdena na mjesto ameri\u010dkog predsjednika i njegove obnove intervencionizma Bo\u0161njaci \u010dekali kao odgovor na njihov \u201eapel imperiji\u201d.<\/p>\n<p>Kecmanovi\u0107 navodi da Bo\u0161njaci poslije prvih Bajdenovih izjava stvaraju atmosferu nalik na onu iz devedesetih godina pro\u0161log vijeka i obja\u0161njava nekoliko promjena diskursa bo\u0161nja\u010dkih politi\u010dara.<\/p>\n<p>On isti\u010de su Bo\u0161njaci upra\u017enjavali trijumfalisti\u010dki diskurs, kada su 1992. godine bahato poni\u017eavali srpske interese u tada\u0161njoj Skup\u0161tini BiH, a da su, kada im se to osvetilo ratom koji su sami izazvali, promijenili diskurs u viktimisti\u010dki.<\/p>\n<p>\u201eSada su pre\u0161li na diskriminatorski diskurs ili `vidi kakvi su ru\u017eni, prljavi i zli Srbi`. Sre\u0107om, ima Bajden mnogo va\u017enijih problema kod ku\u0107e, a i u svijetu sa Rusijom i Kinom koji imaju bolje oru\u017eje i ekonomiju i te\u0161ko da \u0107e se fokusirati ba\u0161 na BiH\u201d, smatra Kecmanovi\u0107.<\/p>\n<p>On je naveo da se postavlja pitanje i \u0161ta bi to takozvana me\u0111unarodna zajednica mogla da u\u010dini protiv, kako to neki u njenim krugovima ka\u017eu, \u201ebosanskih Srba\u201d, odnosno protiv Republike Srpske, a da to ve\u0107 nije isprobano.<\/p>\n<p>Kecmanovi\u0107 napominje da postoji \u201eopasna pukotina\u201c da se preglasavanjem u zajedni\u010dkoj, Parlamentarnoj skup\u0161tini BiH \u201eigrom glasova i procedura\u201c jo\u0161 neke entitetske nadle\u017enosti presele u Sarajevo.<\/p>\n<p>\u201eAli, ni\u0161ta i niko nam ne\u0107e pomo\u0107i, ako Srbi ne budu sami dovoljno jedinstveni i odlu\u010dni. Ako ni\u0161ta drugo, treba izdr\u017eati dok Amerika ne bude dovoljno slaba, a Rusija i Kina ne postanu dovoljno jake, da uspostave globalni balans snaga\u201c, smatra Kecmanovi\u0107.\u00a0 I prognozira: \u201eBo\u0161nja\u010dki apel imperiji ponovo \u0107e se izjaloviti!<\/p>\n<p>\u0160teta je \u0161to zbog za\u0161tite od pandemije, pored aktivnih u\u010desnika i akreditovanih novinara, ovoj aktuelnoj i znimljivoj tribini nije moglo da prisustvuje vi\u0161e publike.<\/p>\n","protected":false},"excerpt":{"rendered":"<p>Koji su to izazovi pred kojim se nalazi Republika Srpska? Da li opasniji od onih do sada najte\u017eih s po\u010detka &#8217;90-ih? Na koji na\u010din da im se suprotstavi?\u00a0 Mo\u017ee li i ovoga puta da ih izdr\u017ei? \u2013 To su samo neka od pitanja na koja su poku\u0161ali da odgovore \u0161est uglednih autora iz Srpske, Srbije&#8230;<\/p>\n","protected":false},"author":1,"featured_media":3406,"comment_status":"closed","ping_status":"closed","sticky":false,"template":"","format":"standard","meta":[],"categories":[56],"tags":[73],"_links":{"self":[{"href":"https:\/\/predstavnistvorsbg.rs\/sr-Latn\/wp-json\/wp\/v2\/posts\/4322"}],"collection":[{"href":"https:\/\/predstavnistvorsbg.rs\/sr-Latn\/wp-json\/wp\/v2\/posts"}],"about":[{"href":"https:\/\/predstavnistvorsbg.rs\/sr-Latn\/wp-json\/wp\/v2\/types\/post"}],"author":[{"embeddable":true,"href":"https:\/\/predstavnistvorsbg.rs\/sr-Latn\/wp-json\/wp\/v2\/users\/1"}],"replies":[{"embeddable":true,"href":"https:\/\/predstavnistvorsbg.rs\/sr-Latn\/wp-json\/wp\/v2\/comments?post=4322"}],"version-history":[{"count":0,"href":"https:\/\/predstavnistvorsbg.rs\/sr-Latn\/wp-json\/wp\/v2\/posts\/4322\/revisions"}],"wp:featuredmedia":[{"embeddable":true,"href":"https:\/\/predstavnistvorsbg.rs\/sr-Latn\/wp-json\/wp\/v2\/media\/3406"}],"wp:attachment":[{"href":"https:\/\/predstavnistvorsbg.rs\/sr-Latn\/wp-json\/wp\/v2\/media?parent=4322"}],"wp:term":[{"taxonomy":"category","embeddable":true,"href":"https:\/\/predstavnistvorsbg.rs\/sr-Latn\/wp-json\/wp\/v2\/categories?post=4322"},{"taxonomy":"post_tag","embeddable":true,"href":"https:\/\/predstavnistvorsbg.rs\/sr-Latn\/wp-json\/wp\/v2\/tags?post=4322"}],"curies":[{"name":"wp","href":"https:\/\/api.w.org\/{rel}","templated":true}]}}