{"id":4323,"date":"2021-02-28T10:00:25","date_gmt":"2021-02-28T09:00:25","guid":{"rendered":"https:\/\/prs2.profimediagroup.com\/uncategorized-sr-latn\/u-srbiji-obiljezen-dan-republike-i-29-godisnjica-od-donosenja-prvog-ustava-republike-srpske\/"},"modified":"2023-04-07T22:28:12","modified_gmt":"2023-04-07T20:28:12","slug":"u-srbiji-obiljezen-dan-republike-i-29-godisnjica-od-donosenja-prvog-ustava-republike-srpske-ltn","status":"publish","type":"post","link":"https:\/\/predstavnistvorsbg.rs\/sr-Latn\/prethodni-dogadjaji-sr-latn\/u-srbiji-obiljezen-dan-republike-i-29-godisnjica-od-donosenja-prvog-ustava-republike-srpske-ltn\/","title":{"rendered":"U Srbiji obilje\u017een Dan Republike i 29 godi\u0161njica od dono\u0161enja prvog Ustava Republike Srpske"},"content":{"rendered":"<p>Sino\u0107 (28.02.2021) obilje\u017een je 9. januar Dan Republike i dan dono\u0161enja prvog Ustava Republike Srpske tradicionalnim prijemom, koji je ove godine prire\u0111en u televizijskom studiju u formi kola\u017ene emisije, u organizaciji Predstavni\u0161tva Republike Srpske u Srbiji.<\/p>\n<p>Emisija pod nazivom \u201eZa sva vremena\u201d, po\u010dela je izvo\u0111enjem himni Republike Srpske i Srbije, emitovana je na prvom programu Radio-televizije Republike Srpske, na drugom programu Radio-televizije Srbije i na jo\u0161 41 lokalnoj i regionalnoj televiziji u Srbiji.<\/p>\n<p>Prigodna obra\u0107anja u formi uklju\u010denja imali su \u017deljka Cvijanovi\u0107 predsjednik Republike Srpske, Milorad Dodik, srpski \u010dlan i predsjedavaju\u0107i Predsjedni\u0161tva BiH, Ana Brnabi\u0107, predsjednik Vlade Srbije, Nikola Selakovi\u0107, ministar spoljnih poslova Srbije, Milo\u0161 Vu\u010devi\u0107, gradona\u010delnik Novog Sada i dramski umjetnik Tihomir Stani\u0107.<\/p>\n<p>Gosti u studiju bili su: ministar za evropske integracije i me\u0111unarodnu saradnju Republike Srpske Zlatan Kloki\u0107 i \u0161ef Predstavni\u0161tva Republike Srpske u Srbiji Mla\u0111en Cicovi\u0107.<\/p>\n<p><img title=\"Nastup Guda\u010dkog sastava Banjalu\u010dke filharmonije sa solistima, sopranom, Minjom \u0160ukalo i baritonom, Sini\u0161om Paji\u0107em\" src=\"\/wp-content\/uploads\/prethodni\/2021\/dan_rs_u_srbiji2.jpg\" alt=\"Nastup Guda\u010dkog sastava Banjalu\u010dke filharmonije sa solistima, sopranom, Minjom \u0160ukalo i baritonom, Sini\u0161om Paji\u0107em\" width=\"1200\" border=\"0\" \/><\/p>\n<p>Gledaoci su mogli da vide i prigodan kulturno-umjetni\u010dki program, kao dio TV-prijema, sa glumcima Narodnog pozori\u0161ta Republike Srpske Nikolinom Friganovi\u0107 i \u017deljkom Erki\u0107em i muzi\u010dki program Guda\u010dkog sastava Banjalu\u010dke filharmonije sa solistima sopranom Minjom \u0160ukalo i baritonom Sini\u0161om Paji\u0107em.<\/p>\n<p>Gosti prijema su bili svi oni koji su kod svojih ku\u0107a na televiziji pratili ovogodi\u0161nju proslavu u Srbiji 9. januara Dana Republike i 28. februara, dana kada je usvojen prvi Ustav Republike Srpske.<\/p>\n<p>Republika Srpska obilje\u017eava 9. januar Dan Republike, jer je tog datuma 1992. godine \u00a0u miru osnovana Republike Srpska pod prvobitnim nazivom Srpska Republika BiH, a prvi Ustav donesen je 28. februara 1992. godine i on je bio temelj pravne mo\u0107i, sigurnosti, legaliteta i legitimiteta Republike Srpske.<\/p>\n<p><img title=\"\u017deljka Cvijanovi\u0107, predsjednica Republike Srpske\" src=\"\/wp-content\/uploads\/prethodni\/2021\/dan_rs_u_srbiji3.jpg\" alt=\"\u017deljka Cvijanovi\u0107, predsjednica Republike Srpske\" width=\"1200\" border=\"0\" \/><\/p>\n<p><strong>Predsjednica Republike Srpske \u017deljka Cvijanovi\u0107<\/strong> je rekla da je izuzetno va\u017ena saradnja Srpske i Srbije i da je to mo\u017eda najprirodnija veza u politi\u010dkom, ekonomskom i uop\u0161te dru\u0161tvenom smislu, te da je ugodno znati da je uvijek mogu\u0107e osloniti se na Srbiju.<\/p>\n<p>Cvijanovi\u0107 je navela da je, u okviru cijelog niza konkretnih projekata i vidova saradnje, posebno va\u017ena \u010dinjenica da Srpska i Srbija ve\u0107 nekoliko godina zajedni\u010dki obilje\u017eavaju odre\u0111ene zna\u010dajne datume njihove pro\u0161losti.<\/p>\n<p>&#8211; Mislim da je to samo dodatni na\u010din da se vi\u0161e zbli\u017eimo, ali isto tako i da poka\u017eemo koliko postoji i funkcioni\u0161e to na\u0161e zajedni\u010dko i djelovanje i jedinstvo &#8211; rekla je Predsjednica i naglasila da je za Republiku Srpsku va\u017eno da se Srbija razvija, jer su njeni snaga i mo\u0107 uvijek garancija i za Republiku Srpsku da \u017eivi u miru i da mo\u017ee da se razvija i da ima nekoga na koga mo\u017ee da se osloni, te dodala i da je isto tako sigurna da je za Srbiju va\u017ena, jaka i stabilna Republika Srpska.<\/p>\n<p>&#8211; I zbog toga mi zajedno radimo i opredijeljeni smo da ja\u010damo na\u0161u stabilnost, ali i da sve na\u0161e generacije koje \u0107e do\u0107i u budu\u0107nosti, i mi sami, razvijamo i stvaramo pretpostavke da se one razvijaju u miru i stabilnosti &#8211; rekla je Cvijanovi\u0107.<\/p>\n<p><img title=\"Milorad Dodik, srpski \u010dlan i predsjedavaju\u0107i Predsjedni\u0161tva BiH\" src=\"\/wp-content\/uploads\/prethodni\/2021\/dan_rs_u_srbiji4.jpg\" alt=\"Milorad Dodik, srpski \u010dlan i predsjedavaju\u0107i Predsjedni\u0161tva BiH\" width=\"1200\" border=\"0\" \/><\/p>\n<p><strong>Srpski \u010dlan i predsjedavaju\u0107i Predsjedni\u0161tva BiH Milorad Dodik<\/strong> je rekao da je prvi Ustav Republike Srpske donesen u trenutku kada u BiH jo\u0161 nije bilo oru\u017eanih sukoba i da je odra\u017eavao politi\u010dku volju srpskog naroda i \u017eelju da ima nezavisnu Republiku Srpsku i da je to odra\u017eavalo politi\u010dku volju srpskog naroda, predstavljenu preko njegovih politi\u010dkih predstavnika iz razli\u010ditih politi\u010dkih partija koji su se okupili i usvojili taj ustav.<\/p>\n<p>&#8211; Poslije odluke o osnivanju Republike Srpske, dono\u0161enje Ustava je najzna\u010dajniji i politi\u010dki i pravni akt koji jedna dr\u017eava u nastajanju mo\u017ee i treba da ima &#8211; rekao je Dodik i dodao: &#8211; Dono\u0161enje Ustava je pokazalo da se zna \u0161ta se radi i da je u tom pogledu formiranje Republike Srpske imalo svoj kontinuitet: od odluke o njenom osnivanju, preko Ustava, pa do zakonske regulative koja je trebalo da reguli\u0161e sve druge odnose.<\/p>\n<p>Dodik je ocijenio da bi, posmatrano iz sada\u0161nje perspektive, bez toga demokratski kapacitet Republike Srpske bio sna\u017eno ugro\u017een i da dono\u0161enje Ustava kao najdemokratskiji \u010din jedne zemlje, niko ne mo\u017ee da ugrozi, pogotovo \u0161to su u tome u\u010destvovali razli\u010diti predstavnici politi\u010dkih partija, tada\u0161nje i vlasti i opozicije.<\/p>\n<p>Dodik je istakao da je tada, iako opozicionar, bio dio ukupnih srpskih napora da se konstitui\u0161e Republika Srpska i da Republika Srpska egzistira u dr\u017eavno-pravnom i teritorijalnom smislu.<\/p>\n<div>&#8211; Danas kada pogledam, te\u0161ko bi mogli bez toga da pro\u0111emo kroz mnogo stvari. Vjerovatno u ratu i pregovorima koji je trebalo da se vode na uspostavljanju mira, legitimitet ne bi bio sna\u017ean, kao \u0161to je bio, da nije bilo takvih akata. Sve to je dio kontinuiteta i nastanka Republike Srpske &#8211; naveo je Dodik.<\/div>\n<p><img title=\"Ana Brnabi\u0107, predsjednica Vlade Republike Srbije\" src=\"\/wp-content\/uploads\/prethodni\/2021\/dan_rs_u_srbiji5.jpg\" alt=\"Ana Brnabi\u0107, predsjednica Vlade Republike Srbije\" width=\"1200\" border=\"0\" \/><\/p>\n<p><strong>Predsjednica Vlade Republike Srbije Ana Brnabi\u0107<\/strong> \u010destitala je svima u Republici Srpskoj dan kada svi zajedno, sa Srbijom, obilje\u017eavaju 29 godina od dono\u0161enja prvog Ustava Republike Srpske, te ocijenila da jedinstvo Srbije i Srpske nikada nije bilo upitno.<\/p>\n<p>&#8211; Izuzetno je va\u017eno i zna\u010dajno \u0161to smo po\u010deli zajedno da obilje\u017eavamo na\u0161e nacionalne praznike &#8211; rekla je Ana Brnabi\u0107 i dodala da je to jedinstvo institucionalizovano od 2014. godine kada je Aleksandar Vu\u010di\u0107 postao prvo premijer Srbije, a onda se nastavilo kada je postao i predsjednik Srbije.<\/p>\n<p>Prema njenim rije\u010dima, Srbija i Srpska zajedno obilje\u017eavaju va\u017ene datume, imaju saradnju na djelu u okviru razli\u010ditih zajedni\u010dkih projekata.<\/p>\n<div>&#8211; Kona\u010dno imamo i jedan zajedni\u010dki praznik, ne samo Srbije i Srpske, nego i svih Srba gde god \u017eivjeli, a to je 15. septembar, Dan nacionalnog jedinstva, slobode i nacionalne zastave. I ove godine \u0107emo ga adekvatno obilje\u017eiti. Vidje\u0107emo kako \u0107e to mo\u0107i zbog epidemije virusa korona &#8211; dodala je Brnabi\u0107eva i naglasila &#8211; Jedino svi mi, jaki, zadovoljni i stabilni, mo\u017eemo da obezbijedimo druga\u010diju i bolju budu\u0107nost za sve gra\u0111ane na ovom podru\u010dju.<\/div>\n<p><img title=\"Nikola Selakovi\u0107, ministar spoljnih poslova Republike Srbije\" src=\"\/wp-content\/uploads\/prethodni\/2021\/dan_rs_u_srbiji6.jpg\" alt=\"Nikola Selakovi\u0107, ministar spoljnih poslova Republike Srbije\" width=\"1200\" border=\"0\" \/><\/p>\n<p><strong>Ministar spoljnih poslova Republike Srbije Nikola Selakovi\u0107<\/strong> je rekao da Srbija po\u0161tuje teritorijalni integritet BiH, sa kojom gradi najbolje mogu\u0107e odnose, ali Republiku Srpsku iskreno voli i nastavi\u0107e da poma\u017ee svoj narod zapadno od Drine, ne nanose\u0107i bilo kome drugom \u0161tetu.<\/p>\n<p>&#8211; Politi\u010dka situacija je takva da mi \u017eivimo u dve razli\u010dite dr\u017eave, ali i u Republici Srpskoj i u Srbiji ve\u0107inski \u017eivi na\u0161 srpski narod. Kada me pitate koliko je va\u017ena saradnja, to je kao da ste me pitali da li je dobro da bra\u0107a sara\u0111uju, da bra\u0107a govore i da li je dobro da \u017eive u bratskoj ljubavi. Naravno da jeste &#8211; rekao je Selakovi\u0107 i istakao da Srbija i Srpska, kao \u0161to su zajedni\u010dki obilje\u017eile Sretenje, Dan dr\u017eavnosti Srbije, tako obilje\u017eavaju i Dan ustavnosti Republike Srpske, jer je na takav na\u010din Republika Srpska nastavila da ba\u0161tini dr\u017eavotvornu svijest o zna\u010daju prava i pravnog ustrojstva koju je utemeljio jo\u0161 Milo\u0161 Veliki 1835. godine, ali i svi potonji srpski vladari koji su donosili va\u017ene Ustave za srpsku dr\u017eavu i istoriju.<\/p>\n<p>Ministar Selakovi\u0107 je posebno naglasio: &#8211; Od velikog je zna\u010daja to \u0161to su svojevremeno predsjednik tada Vlade, danas predsjednik Republike Aleksandar Vu\u010di\u0107 i tada predsjednik Republike Srpske, a danas srpski \u010dlan i predsjedavaju\u0107i Predsjedni\u0161tva BiH Milorad Dodik pokrenuli zajedni\u010dko obilje\u017eavanje onih datuma koji ukazuju na doga\u0111aje i li\u010dnosti iz na\u0161e istorije koji su zaista va\u017ean element na\u0161eg nacionalnog identiteta, nacionalne svijesti i kulture sje\u0107anja, koja izuzetno va\u017eno i ozbiljno sudjeluje u izgradnji modernog srpskog identiteta i patriotizma.<\/p>\n<p><img title=\"Zlatan Kloki\u0107, ministar za evropske integracije i me\u0111unarodnu saradnju Republike Srpske\" src=\"\/wp-content\/uploads\/prethodni\/2021\/dan_rs_u_srbiji7.jpg\" alt=\"Zlatan Kloki\u0107, ministar za evropske integracije i me\u0111unarodnu saradnju Republike Srpske\" width=\"1200\" border=\"0\" \/><\/p>\n<p><strong>Ministar za evropske integracije i me\u0111unarodnu saradnju Republike Srpske Zlatan Kloki\u0107<\/strong> je istakao zna\u010daj da Srbija bude lider u regionu, jer to zna\u010di stabilnost za cijeli region, a samim tim i za Republiku Srpsku i BiH.<\/p>\n<p>On je rekao da su gra\u0111ani Srpske zahvalni Srbiji za sve \u0161to za njih radi i raduje ga svaki njen uspjeh na bilo kom planu &#8211; privrednom, ekonomskom, sportskom, kulturnom.<\/p>\n<p>Kloki\u0107 je rekao da je Sporazum o specijalnim i paralelnim vezama Srpske i Srbije iz 2007. godine bio osnova za dalju razradu saradnje dvije republike.<\/p>\n<div>Podr\u0161ka Srbije je uvijek bila, ali unazad \u010detiri do pet godina nikada nije bila zna\u010dajnija i konkretnija, o \u010demu govore \u010dinjenice da je Srbija donirala Srpskoj vi\u0161e od 70 miliona evra \u0161to kroz podr\u0161ku bud\u017eetu, \u0161to kroz razne projekte u svim gradovima i op\u0161tinama Srpske i \u0161est u FBiH, sa ve\u0107inskim srpskim stanovni\u0161tvom.<\/div>\n<p><img title=\"Milo\u0161 Vu\u010devi\u0107, gradona\u010delnik Novog Sada\" src=\"\/wp-content\/uploads\/prethodni\/2021\/dan_rs_u_srbiji7_1.jpg\" alt=\"Milo\u0161 Vu\u010devi\u0107, gradona\u010delnik Novog Sada\" width=\"1200\" border=\"0\" \/><\/p>\n<p><strong>Gradona\u010delnik Novog Sada Milo\u0161 Vu\u010devi\u0107<\/strong> je, \u010destitaju\u0107i svim gra\u0111anima Republike Srpske i rukovodstvu dan kada je donijet prvi ustav Republike Srpske 28. februar, Milo\u0161 Vu\u010devi\u0107, istakao zna\u010daj saradnje Republike Srbije i Republike Srpske u okvirima Dejtonskog sporazuma, kao i u kontekstu vjekovnih, porodi\u010dnih, kulturnih i duhovnih veza, za koje je rekao da su neraskidive i da su pre\u017eivjele razne sisteme i dr\u017eave, i ratne i mirnodopske periode, kao ne\u0161to \u0161to je nadja\u010dalo sve prijetnje i sile.<\/p>\n<p>&#8211; Danas smo suo\u010deni sa novim izazovima, sa izazovima vezanim za borbu protiv\u00a0 nevidljivog neprijatelja kovid 19 i mo\u017eemo biti ponosni kakav je danas odnos Republike Srbije prema svom narodu i svojim sunarodnicima &#8211; kazao je Vu\u010devi\u0107 isti\u010du\u0107i da je Srbija garant postojanja Republike Srpske u skladu sa Dejtonskim sporazumom, te da je spremna da pomogne Republici Srpskoj, prije svega njenim gra\u0111anima i zdravstvenom sistemu.<\/p>\n<p>Gradona\u010delnik Vu\u010devi\u0107 je rekao da su u Srbiji \u017eivotno zainteresovani da gra\u0111ani Republike Srpske budu zadovoljni \u017eivotom i da je zato Republika Srbija prethodnih godina sna\u017eno investirala u obrazovni i zdravstveni sistem Republike Srpske ali i na velikim infrastrukturnim projektima, i da su u toku radovi na autoputu ka Republici Srpskoj, a projektuju se i budu\u0107i putevi.<\/p>\n<p>&#8211; Raduje nas ulaganje u sve centre Republike Srpske, od Hercegovine pa do Krajine i vjerujemo da \u0107e se to nastaviti na interesu i na boljitak svih gra\u0111ana Republike Srpske. Siguran sam da \u0107emo nastaviti da se borimo za bolji \u017eivot na\u0161ih gra\u0111ana &#8211; kazao je Vu\u010devi\u0107.<\/p>\n<p><img title=\"Tihomir Stani\u0107a, glumac\" src=\"\/wp-content\/uploads\/prethodni\/2021\/dan_rs_u_srbiji8.jpg\" alt=\"Tihomir Stani\u0107a, glumac\" width=\"1200\" border=\"0\" \/><\/p>\n<p><strong>Glumac Tihomir Stani\u0107<\/strong> je \u010destitao gra\u0111anima Srpske ove, ali i sve budu\u0107e praznike, te poru\u010dio da su u Beogradu ponosni na ono \u0161to stvaraju glumci iz Republike Srpske.<\/p>\n<p>Stani\u0107 je podsjetio da je kao afirmisan glumac u Beogradu do\u0161ao da igra u Narodnom pozori\u0161tu Republike Srpske, gdje je potom bio i umjetni\u010dki direktor, te da je znao da \u0107e za mlade glumce u Banjaluci jako zna\u010diti da im dovede Svetlanu Bojkovi\u0107, Petra Kralja, Mi\u0161u Janketi\u0107a, Vlastimira \u0110uzu Stojiljkovi\u0107a, da zajedno sa njima rade predstave.<\/p>\n<p>\u2013 Oni su sa takvom rado\u0161\u0107u putovali u Banjaluku, osje\u0107ali su da rade ne\u0161to va\u017eno, da je to dio neke njihove \u017eivotne misije i uspjeli su. Uz njih su glumci Narodnog pozori\u0161ta Srpske izrasli u ozbiljne umjetnike i sada mo\u017eemo na televiziji, filmu, u pozori\u0161tu da u\u017eivamo u njihovim dometima \u2013 rekao je Stani\u0107.<\/p>\n<p>On je dodao da sa ponosom gleda serije u kojima u\u010destvuju glumci Republike Srpske i da je toliko sre\u0107an \u0161to su glumili u filmu \u201eDara iz Jasenovca\u201d, navode\u0107i da su mu re\u017eiser tog filma Predrag Gaga Antonijevi\u0107 i scenarista Nata\u0161a Drakuli\u0107 rekli da nikada ne bi uspjeli da snime tako kvalitetan film bez glumaca kao \u0161to su Sandra LJubojevi\u0107, Zlatan Vidovi\u0107, Anja Stani\u0107, Nikolina Friganovi\u0107.<\/p>\n<p>\u2013 NJihov doprinos u tom filmu je ogroman, da ne pri\u010dam o djeci, o Biljani \u010ceki\u0107 iz Kozarske Dubice koja igra glavnu ulogu \u2013 rekao je Stani\u0107.<\/p>\n<p>Stani\u0107 je poru\u010dio svojim kolegama u Srpskoj da ne moraju da \u010dekaju nikakve nove impulse iz Beograda i da dovoljno znaju i mogu i ve\u0107 polako postaju ono \u0161to je bila njegova ogromna \u017eelja i ideja: da ljudi iz Republike Srpske ponude na\u010din i put i ideje koje \u0107e biti prihva\u0107ene u Beogradu.<\/p>\n<p>\u2013 Ne samo da tako srda\u010dno i s ljubavlju i pa\u017enjom prate sve \u0161to sti\u017ee iz Beograda, nego da znaju da ono \u0161to oni u Srpskoj stvaraju je u Beogradu prepoznato kao veliki kvalitet i ne\u0161to na \u0161ta su svi ponosni \u2013 rekao je Stani\u0107.<\/p>\n<p><img title=\"Mla\u0111en Cicovi\u0107, \u0161ef Predstavni\u0161tva Republike Srpske u Srbiji\" src=\"\/wp-content\/uploads\/prethodni\/2021\/dan_rs_u_srbiji9.jpg\" alt=\"Mla\u0111en Cicovi\u0107, \u0161ef Predstavni\u0161tva Republike Srpske u Srbiji\" width=\"1200\" border=\"0\" \/><\/p>\n<p><strong>\u0160ef Predstavni\u0161tva Republike Srpske u Srbiji Mla\u0111en Cicovi\u0107<\/strong> je rekao da je ovo sedmi prijem koji povodom 9. januara Dana Republike i 28. februara dana u kojem je usvojen prvi Ustav Republike Srpske prire\u0111uje Predstavni\u0161tvo u Srbiji, i da je zbog uslova propisanih za\u0161titom gra\u0111ana od pandemije virusa korona, prijem organizovan u formi kola\u017ene tv emisije.<\/p>\n<p>Cicovi\u0107 je rekao da se posebno zahvaljuje visokim zvanicama koji su svojim izjavama doprinijeli da ovaj tv prijem bude na visini svih dosada\u0161njih, pa i djelotvorniji, jer su gosti prijema bili svi koji su emisiju gledali: na prvom programu RTRS-a, drugom pogramu RTS-a i na programima 41 lokalne i regionalne tv stanice u Srbiji.<\/p>\n<p>\u0160ef Predstavni\u0161tva Republike Srpske u Srbiji je rekao da se svojevrsnim TV-prijemom Predstavni\u0161tva na RTRS-u i RTS-u vidjelo da je saradnja Srpske i Srbije ne\u0161to \u0161to vrijedi pokazati: da Srbija i Srpska zajedno defini\u0161u sve strate\u0161ke projekte i da je srpski narod jedinstven.<\/p>\n<p>&#8211; Imamo \u0161ta re\u0107i, jer od najvi\u0161ih zvani\u010dnika i Srpske i Srbije uvijek \u010dujete da je najva\u017enije da mi u regionu dobro sara\u0111ujemo, da mi svoju budu\u0107nost vidimo u izuzetno uspje\u0161noj regionalnoj saradnji, jer svi trenutni projekti koji su regionalnog tipa i koji se razmatraju, kao \u0161to je `mini-\u0160engen`, su do\u0161li iz na\u0161eg naroda &#8211; naglasio je Cicovi\u0107.<\/p>\n<p>Cicovi\u0107 je naglasio da je izuzetno va\u017ena saradnja Srpske i Srbije koja je proteklih sedam godina na izuzetno visokom nivou.<\/p>\n<p>&#8211; Imaju\u0107i u vidu da budu\u0107nost na\u0161eg naroda zavisi od toga koliko \u0107emo kvalitetno uspjeti da uradimo sve \u0161to je na\u0161a obaveza, prije svega na o\u010duvanju na\u0161eg nacionalnog identiteta, jezika, kulture, pisma, vjere, i koliko \u0107emo uspje\u0161no na najbolji na\u010din da predstavimo jedinstvo kulturnog, etni\u010dkog i jezi\u010dkog prostora, toliko \u0107e i na\u0161a budu\u0107nost na ovim prostorima biti izvjesna &#8211; istakao je Cicovi\u0107.<\/p>\n<p><strong>Povodom 9. januara Dana Republike i 29 godina od dono\u0161enja prvog Ustava Srpske u Beogradu<\/strong> je u petak, 26. februara u pres centru UNS-a, odr\u017eana tribina na temu \u201eRepublika Srpska pred novim izazovima\u201d koju je Predstavni\u0161tvo Republike Srpske u Srbiji organizovalo zajedno sa Informativno-politi\u010dkim portalom \u201eSve o Srpskoj\u201d.<\/p>\n","protected":false},"excerpt":{"rendered":"<p>Sino\u0107 (28.02.2021) obilje\u017een je 9. januar Dan Republike i dan dono\u0161enja prvog Ustava Republike Srpske tradicionalnim prijemom, koji je ove godine prire\u0111en u televizijskom studiju u formi kola\u017ene emisije, u organizaciji Predstavni\u0161tva Republike Srpske u Srbiji. Emisija pod nazivom \u201eZa sva vremena\u201d, po\u010dela je izvo\u0111enjem himni Republike Srpske i Srbije, emitovana je na prvom programu&#8230;<\/p>\n","protected":false},"author":1,"featured_media":3408,"comment_status":"closed","ping_status":"closed","sticky":false,"template":"","format":"standard","meta":[],"categories":[56],"tags":[73],"_links":{"self":[{"href":"https:\/\/predstavnistvorsbg.rs\/sr-Latn\/wp-json\/wp\/v2\/posts\/4323"}],"collection":[{"href":"https:\/\/predstavnistvorsbg.rs\/sr-Latn\/wp-json\/wp\/v2\/posts"}],"about":[{"href":"https:\/\/predstavnistvorsbg.rs\/sr-Latn\/wp-json\/wp\/v2\/types\/post"}],"author":[{"embeddable":true,"href":"https:\/\/predstavnistvorsbg.rs\/sr-Latn\/wp-json\/wp\/v2\/users\/1"}],"replies":[{"embeddable":true,"href":"https:\/\/predstavnistvorsbg.rs\/sr-Latn\/wp-json\/wp\/v2\/comments?post=4323"}],"version-history":[{"count":0,"href":"https:\/\/predstavnistvorsbg.rs\/sr-Latn\/wp-json\/wp\/v2\/posts\/4323\/revisions"}],"wp:featuredmedia":[{"embeddable":true,"href":"https:\/\/predstavnistvorsbg.rs\/sr-Latn\/wp-json\/wp\/v2\/media\/3408"}],"wp:attachment":[{"href":"https:\/\/predstavnistvorsbg.rs\/sr-Latn\/wp-json\/wp\/v2\/media?parent=4323"}],"wp:term":[{"taxonomy":"category","embeddable":true,"href":"https:\/\/predstavnistvorsbg.rs\/sr-Latn\/wp-json\/wp\/v2\/categories?post=4323"},{"taxonomy":"post_tag","embeddable":true,"href":"https:\/\/predstavnistvorsbg.rs\/sr-Latn\/wp-json\/wp\/v2\/tags?post=4323"}],"curies":[{"name":"wp","href":"https:\/\/api.w.org\/{rel}","templated":true}]}}