{"id":4324,"date":"2021-03-16T11:00:04","date_gmt":"2021-03-16T10:00:04","guid":{"rendered":"https:\/\/prs2.profimediagroup.com\/uncategorized-sr-latn\/ministar-klokic-se-sastao-sa-arno-gujonom\/"},"modified":"2023-04-07T22:28:57","modified_gmt":"2023-04-07T20:28:57","slug":"ministar-klokic-se-sastao-sa-arno-gujonom-ltn","status":"publish","type":"post","link":"https:\/\/predstavnistvorsbg.rs\/sr-Latn\/prethodni-dogadjaji-sr-latn\/ministar-klokic-se-sastao-sa-arno-gujonom-ltn\/","title":{"rendered":"Ministar Kloki\u0107 se sastao sa Arno Gujonom"},"content":{"rendered":"<p>Ministar za evropske integracije i me\u0111unarodnu saradnju Republike Srpske Zlatan Kloki\u0107 i \u0161ef Predstavni\u0161tva Republike Srpske u Srbiji Mla\u0111en Cicovi\u0107, razgovarali su u Beogradu sa v.d. direktorom Uprave za saradnju sa dijasporom i Srbima u regionu Arno Gujonom.<\/p>\n<p>&nbsp;<\/p>\n<p>Ministar Kloki\u0107 je istakao opredjeljenje Vlade Republike Srpske da iza\u0111e u susret potrebama na\u0161ih ljudi koji \u017eive u inostranstvu i pomogne im u o\u010duvanju njihovog nacionalnog identiteta, da u narednom periodu obezbijedi neophodne uslove za dublju saradnju sa dijasporom, ali i osna\u017ei poslovne veze sa maticom. Ministar je upoznao Gujona o nedavnom formiranju Odsjeka za saradnju sa dijasporom u okviru Ministarstva za evropske integracije i me\u0111unarodnu saradnju, zajedno sa prvim koracima koji su u\u010dinjeni u tom smjeru kroz izradu Strate\u0161kog a uskoro i Akcionog plana za saradnju sa dijasporom koji \u0107e definisati operativne zadatke i mjere za realizaciju planiranih ciljeva.<\/p>\n<p>Na sastanku se razgovaralo o razmjeni iskustava ali i budu\u0107oj saradnji na zajedni\u010dkim aktivnostima Republike Srpske i Srbije sa dijasporom, naro\u010dito na o\u010duvanju i razvoju duhovne, nacionalne i kulturne samostalnosti srpskog naroda izvan matice, te na ekonomskom i kulturnom umre\u017eavanju, kao i na o\u010duvanju srpskog jezika i \u0107irili\u010dnog pisma. Istaknuta je potreba za dopunskim obrazovanjem u dijaspori i posebno nagla\u0161en zna\u010daj jedinstva dijaspore kao prvog i najva\u017enijeg uslova za o\u010duvanje nacionalnog identiteta, jezika, pisma, vjere i tradicije.<\/p>\n<p><img title=\"Ministar Zlatan Kloki\u0107 i \u0161ef Predstavni\u0161tva Mla\u0111en Cicovi\u0107 na sastanku u Upravi za saradnju sa dijasporom i Srbima u regionu\" src=\"\/wp-content\/uploads\/prethodni\/2021\/sastanak_klokic_gujon1.jpg\" alt=\"Ministar Zlatan Kloki\u0107 i \u0161ef Predstavni\u0161tva Mla\u0111en Cicovi\u0107 na sastanku u Upravi za saradnju sa dijasporom i Srbima u regionu\" width=\"1200\" border=\"0\" \/><\/p>\n<p>Sagovornici su se dogovorili da \u0107e pokrenuti inicijativu za potpisivanjem novog Memoranduma o saradnji izme\u0111u Vlade Republike Srpske i Vlade Republike Srbije radi ja\u010danja veza matice i pripadnika dijaspore sa teritorije Republike Srbije i Republike Srpske, kao i inicijativu za izradu zajedni\u010dkih ud\u017ebenika za djecu dijaspore. Tako\u0111e, nagla\u0161ena je potreba da se razmotri mogu\u0107nost zajedni\u010dkog organizovanja doga\u0111aja i susreta sa dijasporom naizmjeni\u010dno u Republici Srpskoj i Srbiji u cilju podsticanja boljeg privrednog povezivanja Srpske i Srbije sa dijasporom.<\/p>\n","protected":false},"excerpt":{"rendered":"<p>Ministar za evropske integracije i me\u0111unarodnu saradnju Republike Srpske Zlatan Kloki\u0107 i \u0161ef Predstavni\u0161tva Republike Srpske u Srbiji Mla\u0111en Cicovi\u0107, razgovarali su u Beogradu sa v.d. direktorom Uprave za saradnju sa dijasporom i Srbima u regionu Arno Gujonom. &nbsp; Ministar Kloki\u0107 je istakao opredjeljenje Vlade Republike Srpske da iza\u0111e u susret potrebama na\u0161ih ljudi koji&#8230;<\/p>\n","protected":false},"author":1,"featured_media":3410,"comment_status":"closed","ping_status":"closed","sticky":false,"template":"","format":"standard","meta":[],"categories":[56],"tags":[73],"_links":{"self":[{"href":"https:\/\/predstavnistvorsbg.rs\/sr-Latn\/wp-json\/wp\/v2\/posts\/4324"}],"collection":[{"href":"https:\/\/predstavnistvorsbg.rs\/sr-Latn\/wp-json\/wp\/v2\/posts"}],"about":[{"href":"https:\/\/predstavnistvorsbg.rs\/sr-Latn\/wp-json\/wp\/v2\/types\/post"}],"author":[{"embeddable":true,"href":"https:\/\/predstavnistvorsbg.rs\/sr-Latn\/wp-json\/wp\/v2\/users\/1"}],"replies":[{"embeddable":true,"href":"https:\/\/predstavnistvorsbg.rs\/sr-Latn\/wp-json\/wp\/v2\/comments?post=4324"}],"version-history":[{"count":0,"href":"https:\/\/predstavnistvorsbg.rs\/sr-Latn\/wp-json\/wp\/v2\/posts\/4324\/revisions"}],"wp:featuredmedia":[{"embeddable":true,"href":"https:\/\/predstavnistvorsbg.rs\/sr-Latn\/wp-json\/wp\/v2\/media\/3410"}],"wp:attachment":[{"href":"https:\/\/predstavnistvorsbg.rs\/sr-Latn\/wp-json\/wp\/v2\/media?parent=4324"}],"wp:term":[{"taxonomy":"category","embeddable":true,"href":"https:\/\/predstavnistvorsbg.rs\/sr-Latn\/wp-json\/wp\/v2\/categories?post=4324"},{"taxonomy":"post_tag","embeddable":true,"href":"https:\/\/predstavnistvorsbg.rs\/sr-Latn\/wp-json\/wp\/v2\/tags?post=4324"}],"curies":[{"name":"wp","href":"https:\/\/api.w.org\/{rel}","templated":true}]}}