{"id":4346,"date":"2021-03-17T10:00:05","date_gmt":"2021-03-17T09:00:05","guid":{"rendered":"https:\/\/prs2.profimediagroup.com\/uncategorized-sr-latn\/ministar-klokic-sa-saradnicima-u-posjeti-vladi-ap-vojvodine\/"},"modified":"2023-04-11T01:27:58","modified_gmt":"2023-04-10T23:27:58","slug":"ministar-klokic-sa-saradnicima-u-posjeti-vladi-ap-vojvodine-ltn","status":"publish","type":"post","link":"https:\/\/predstavnistvorsbg.rs\/sr-Latn\/prethodni-dogadjaji-sr-latn\/ministar-klokic-sa-saradnicima-u-posjeti-vladi-ap-vojvodine-ltn\/","title":{"rendered":"Ministar Kloki\u0107 sa saradnicima u posjeti Vladi AP Vojvodine"},"content":{"rendered":"<p>Ministra u Vladi Republike Srpske Zlatana Kloki\u0107a sa saradnicima primio je danas u Novom Sadu, Pokrajinski sekretar za regionalni razvoj, me\u0111uregionalnu saradnju i lokalnu samoupravu Aleksandar Sofi\u0107.<\/p>\n<p>Na sastanku se razgovaralo o nastavku i osna\u017eivanju saradnje izme\u0111u Pokrajine Vojvodine i Republike Srpske na institucionalnom nivou, kao i o definisanju konkretnih aran\u017emana na osnovu kojih \u0107e resorni pokrajinski sekretarijati utvrditi pravce povezivanja sa partnerima iz Republike Srpske u razli\u010ditim tematskim oblastima.<\/p>\n<p>&nbsp;<\/p>\n<p>Sofi\u0107 i Kloki\u0107 su se saglasili da su se Republika Srbija i AP Vojvodina u proteklih nekoliko godina pozicionirale kao lideri u regionu kada je re\u010d o stranim investicijama i kori\u0161\u0107enju kapaciteta za efikasno povla\u010denje sredstava iz evropskih, pretpristupnih i drugih fondova, kako u prekograni\u010dnoj saradnji, tako i u drugim razvojnim programima.<\/p>\n<p>\u201eU svemu tome nezaobilazna je razmena stru\u010dne i tehni\u010dke pomo\u0107i u izgradnji institucionalnih kapaciteta u procesu evrointegracija i implementaciji pravnih tekovina Evropske unije\u201c, poru\u010dio je resorni sekretar Sofi\u0107 i istakao da va\u017enu ulogu u tome mo\u017ee imati pokrajinski Fond \u201eEvropski poslovi\u201c, koji je osnovan jo\u0161 2010. godine, a danas raspola\u017ee zna\u010dajnim i bogatim iskustvom i stru\u010dnim znanjem u evrointegracijama.<\/p>\n<p>S tim u vezi, tokom sastanka se diskutovalo o mogu\u0107nostima za osnivanje institucije koja bi po uzoru na Fond \u201eEvropski poslovi\u201c AP Vojvodine bila formirana i u Republici Srpskoj.<\/p>\n<p><img title=\"Sastanak ministra Kloki\u0107a sa saradnicima i \u0161efom Predstavni\u0161tva Mla\u0111ena Cicovi\u0107a u u Vladi AP Vojvodine\" src=\"\/wp-content\/uploads\/prethodni\/2021\/sastanak_ap_vojvodina1.jpg\" alt=\"Sastanak ministra Kloki\u0107a sa saradnicima i \u0161efom Predstavni\u0161tva Mla\u0111ena Cicovi\u0107a u Vladi AP Vojvodine\" width=\"1200\" border=\"0\" \/><\/p>\n<p>Ministar za evropske integracije i me\u0111unarodnu saradnju Zlatan Kloki\u0107 zahvalio je na kontinuiranoj podr\u0161ci koju Pokrajinska vlada putem svojih institucija pru\u017ea Republici Srpskoj u svim strate\u0161kim pitanjima, posebno u realizaciji va\u017enih regionalnih projekata koji doprinose boljem \u017eivotu gra\u0111ana.<\/p>\n<p>Sastanku u Pokrajinskoj vladi, osim prvih saradnika resornog sekretara i ministra za evropske integracije i me\u0111unarodnu saradnju, prisustvovali su generalni sekretar Skup\u0161tine AP Vojvodine Nikola Banjac, direktor Fonda \u201eEvropski poslovi\u201c AP Vojvodine Aleksandar Simurdi\u0107, direktor Razvojne agencije Vojvodine Nikola \u017de\u017eelj, direktor Fonda za izbegla, raseljena lica i za saradnju sa Srbima u regionu Du\u0161ko \u0106utilo i \u0161ef Predstavni\u0161tva Republike Srpske u Srbiji Mla\u0111en Cicovi\u0107.<\/p>\n<p>Dana\u0161nji sastanak u Novom Sadu i ju\u010dera\u0161nje sastanke u Beogradu u Upravi za saradnju sa dijasporom i Srbima u regionu i Fondu za razvoj Republike Srbije organizovalo je Predstavni\u0161tvo Republike Srpske u Srbiji.<\/p>\n","protected":false},"excerpt":{"rendered":"<p>Ministra u Vladi Republike Srpske Zlatana Kloki\u0107a sa saradnicima primio je danas u Novom Sadu, Pokrajinski sekretar za regionalni razvoj, me\u0111uregionalnu saradnju i lokalnu samoupravu Aleksandar Sofi\u0107. Na sastanku se razgovaralo o nastavku i osna\u017eivanju saradnje izme\u0111u Pokrajine Vojvodine i Republike Srpske na institucionalnom nivou, kao i o definisanju konkretnih aran\u017emana na osnovu kojih \u0107e&#8230;<\/p>\n","protected":false},"author":1,"featured_media":3414,"comment_status":"closed","ping_status":"closed","sticky":false,"template":"","format":"standard","meta":[],"categories":[56],"tags":[73],"_links":{"self":[{"href":"https:\/\/predstavnistvorsbg.rs\/sr-Latn\/wp-json\/wp\/v2\/posts\/4346"}],"collection":[{"href":"https:\/\/predstavnistvorsbg.rs\/sr-Latn\/wp-json\/wp\/v2\/posts"}],"about":[{"href":"https:\/\/predstavnistvorsbg.rs\/sr-Latn\/wp-json\/wp\/v2\/types\/post"}],"author":[{"embeddable":true,"href":"https:\/\/predstavnistvorsbg.rs\/sr-Latn\/wp-json\/wp\/v2\/users\/1"}],"replies":[{"embeddable":true,"href":"https:\/\/predstavnistvorsbg.rs\/sr-Latn\/wp-json\/wp\/v2\/comments?post=4346"}],"version-history":[{"count":0,"href":"https:\/\/predstavnistvorsbg.rs\/sr-Latn\/wp-json\/wp\/v2\/posts\/4346\/revisions"}],"wp:featuredmedia":[{"embeddable":true,"href":"https:\/\/predstavnistvorsbg.rs\/sr-Latn\/wp-json\/wp\/v2\/media\/3414"}],"wp:attachment":[{"href":"https:\/\/predstavnistvorsbg.rs\/sr-Latn\/wp-json\/wp\/v2\/media?parent=4346"}],"wp:term":[{"taxonomy":"category","embeddable":true,"href":"https:\/\/predstavnistvorsbg.rs\/sr-Latn\/wp-json\/wp\/v2\/categories?post=4346"},{"taxonomy":"post_tag","embeddable":true,"href":"https:\/\/predstavnistvorsbg.rs\/sr-Latn\/wp-json\/wp\/v2\/tags?post=4346"}],"curies":[{"name":"wp","href":"https:\/\/api.w.org\/{rel}","templated":true}]}}