{"id":4351,"date":"2021-04-22T10:00:58","date_gmt":"2021-04-22T08:00:58","guid":{"rendered":"https:\/\/prs2.profimediagroup.com\/uncategorized-sr-latn\/startovala-medjunarodna-biciklisticka-trka-beograd-banja-luka\/"},"modified":"2023-04-11T01:31:42","modified_gmt":"2023-04-10T23:31:42","slug":"startovala-medjunarodna-biciklisticka-trka-beograd-banja-luka-ltn","status":"publish","type":"post","link":"https:\/\/predstavnistvorsbg.rs\/sr-Latn\/prethodni-dogadjaji-sr-latn\/startovala-medjunarodna-biciklisticka-trka-beograd-banja-luka-ltn\/","title":{"rendered":"Startovala Me\u0111unarodna biciklisti\u010dka trka Beograd \u2013 Banja Luka"},"content":{"rendered":"<p>Me\u0111unarodna biciklisti\u010dka trka Beograd\u2013Banjaluka, na kojoj u\u010destvuje 175 biciklista iz 35 zemalja, startovala je danas sa Trga Republike u Beogradu.<br \/>\nOva, 15. po redu, me\u0111unarodna trka traja\u0107e \u010detiri dana, do 25. aprila, a podijeljena je u \u010detiri etape: Beograd\u2013\u0160abac, Obrenovac-Bijeljina, Bijeljina\u2013Vlasenica i Prijedor-Banjaluka.<\/p>\n<p><img title=\"Na startu Me\u0111unarodne biciklisti\u010dke trke Beograd\u2013Banjaluka prisustvovali su Zamenik gradona\u010delnika Beograda Goran Vesi\u0107, \u0161ef Predstavni\u0161tva R. Srpske u Srbiji Mla\u0111en Cicovi\u0107, ambasador BiH u Makedoniji Dragan Ja\u0107imovi\u0107, direktor trke Beograd\u2013Banjaluka Vladimir Kuvalja i mnoge druge ugledne li\u010dnosti\" src=\"\/wp-content\/uploads\/prethodni\/2021\/start_bic_trka2.jpg\" alt=\"Na startu Me\u0111unarodne biciklisti\u010dke trke Beograd\u2013Banjaluka prisustvovali su Zamenik gradona\u010delnika Beograda Goran Vesi\u0107, \u0161ef Predstavni\u0161tva R. Srpske u Srbiji Mla\u0111en Cicovi\u0107, ambasador BiH u Makedoniji Dragan Ja\u0107imovi\u0107, direktor trke Beograd\u2013Banjaluka Vladimir Kuvalja i mnoge druge ugledne li\u010dnosti\" width=\"1200\" border=\"0\" \/><\/p>\n<div>Na Trgu Republike startu Me\u0111unarodne biciklisti\u010dke trke Beograd\u2013Banjaluka prisustvovali su zamjenik gradona\u010delnika Beograda Goran Vesi\u0107, \u0161ef Predstavni\u0161tva Republike Srpske u Srbiji Mla\u0111en Cicovi\u0107, ambasador BiH u Makedoniji Dragan Ja\u0107imovi\u0107, direktor trke Beograd\u2013Banjaluka Vladimir Kuvalja, gradona\u010delnik Prijedora Dalibor Pavlovi\u0107, gradona\u010delnik Bijeljine LJubi\u0161a Petrovi\u0107, osniva\u010d trke Beograd\u2013Banjaluka Tihomir Kuvalja i predsjednik Biciklisti\u010dkog saveza Srbije Radomir Pavlovi\u0107.<\/div>\n<p><img title=\"Direktor Me\u0111unarodne biciklisti\u010dke trke Beograd\u2013Banjaluka Vladimir Kuvalja\" src=\"\/wp-content\/uploads\/prethodni\/2021\/start_bic_trka3.jpg\" alt=\"Direktor Me\u0111unarodne biciklisti\u010dke trke Beograd\u2013Banjaluka Vladimir Kuvalja\" width=\"1200\" border=\"0\" \/><\/p>\n<p>Direktor trke Vladimir Kuvalja rekao je da o\u010dekuje odli\u010dnu trku. \u201cU\u010destvuje mnogo velikih ekipa i o\u010dekujemo \u017eestoku borbu i brzu trku\u201d, rekao je Kuvalja.<\/p>\n<p>On je u izjavi novinarima zahvalio gradu Beogradu i Srbiji \u0161to podr\u017eavaju ovu sportsku manifestaciju, a posebno zamjeniku gradona\u010delnika Beograda Goranu Vesi\u0107u koji je omogu\u0107io i da u\u010desnici trke budu vakcinisani protiv virusa korona.<\/p>\n<p><img title=\"Zamenik gradona\u010delnika Beograda Goran Vesi\u0107\" src=\"\/wp-content\/uploads\/prethodni\/2021\/start_bic_trka4.jpg\" alt=\"Zamenik gradona\u010delnika Beograda Goran Vesi\u0107\" width=\"1200\" border=\"0\" \/><\/p>\n<p>Vesi\u0107 je ovom prilikom istakao da Beograd godi\u0161nje organizuje mnogo sportskih doga\u0111aja, ali da je trka izme\u0111u Beograda i Banjaluke najdra\u017ei sportski doga\u0111aj.<\/p>\n<p>\u2013 Najdra\u017ei je jer spaja jedan narod koji \u017eivi u dve dr\u017eave i dva bratska grada, ali i zato \u0161to\u00a0ujedinjuje sportiste \u010ditavog Balkana, a ne samo iz Srbije i Republike Srpske. Zadovoljan sam \u0161to 15. put imamo Me\u0111unarodnu trku Beograd\u2013Banjaluka i time pokazujemo da smo zajedno i u sportu i \u017eivotu, kao i u svim drugim oblastima \u2013 rekao je Vesi\u0107.<\/p>\n<p><img title=\"\u0160ef Predstavni\u0161tva Republike Srspke u Srbiji Mla\u0111en Cicovi\u0107\" src=\"\/wp-content\/uploads\/prethodni\/2021\/start_bic_trka5.jpg\" alt=\"\u0160ef Predstavni\u0161tva Republike Srspke u Srbiji Mla\u0111en Cicovi\u0107\" width=\"1200\" border=\"0\" \/><\/p>\n<p>\u0160ef Predstavni\u0161tva Republike Srspke u Srbiji Mla\u0111en Cicovi\u0107 rekao je da Predstavni\u0161tvo i ove godine podr\u017eava ovu manifestaciju.<\/p>\n<p>\u201cZa nas u Predstavni\u0161tvu ova trka predstavlja ne\u0161to posebno, prije svega jer je jedna od najve\u0107ih i svjetskog je ranga, a na\u0161a je. Kao takva na najbolji na\u010din predstavlja i povezuje Republiku Srpsku i Srbiju, predstavlja privredne, kulturne i turisti\u010dke potencijale Republike Srpske i Srbije i sve ono \u0161to je va\u017eno za razvoj i Srpske i Srbije\u201d, rekao je Cicovi\u0107.<\/p>\n<p>Gradona\u010delnici Bjeljine i Prijedora, LJubi\u0161a Petrovi\u0107 i Dalibor Pavlovi\u0107, izrazili su zadovoljstvo \u0161to \u0107e ta dva grada do\u010dekati bicikliste, kao i uvjerenje da \u0107e biti odli\u010dni doma\u0107ini.<\/p>\n<p>Pavlovi\u0107 je rekao da je ponosan \u0161to \u0107e Prijedor biti doma\u0107in jedne od etapa na trci.<\/p>\n<p>Petrovi\u0107 je ocijenio da trka povezuje Srbiju i Republiku Srpsku na najbolji mogu\u0107i na\u010din, te svim u\u010desnicima po\u017eelio uspjeh i bezbjednu vo\u017enju.<\/p>\n<p><img title=\"Prva etapa Me\u0111unarodne biciklisti\u010dke trke vozila se od Beograda do \u0160apca\" src=\"\/wp-content\/uploads\/prethodni\/2021\/start_bic_trka6.jpg\" alt=\"Prva etapa Me\u0111unarodne biciklisti\u010dke trke vozila se od Beograda do \u0160apca\" width=\"1200\" border=\"0\" \/><\/p>\n<p>Prva etapa se vozila od Beogradu do \u0160apca, pobjednik je biciklista njema\u010dkog Bajk eida Justin Volf, koji je najbr\u017ee prevezao dionicu od Beograda do \u0160apca dugu 96 kilometara.<\/p>\n<p>Iza njega je na cilj je stigla grupa voza\u010da, a drugu poziciju zauzeo je Patrik \u0160tos iz poljskog Vostera, dok je tre\u0107e mjesto pripalo Filipu Fjoreliju iz Bardijanija.<\/p>\n<p><img title=\"Pobjednik biciklista njema\u010dkog Bajk eida Justin Volf\" src=\"\/wp-content\/uploads\/prethodni\/2021\/start_bic_trka7.jpg\" alt=\"Pobjednik biciklista njema\u010dkog Bajk eida Justin Volf\" width=\"1200\" border=\"0\" \/><\/p>\n<p>Prva etapa ujedno je i najbr\u017ea jer su biciklisti vozili prosje\u010dnom brzinom od 50 kilometara na \u010das, a Volf je uspio da sa\u010duva prednost koju je stekao prije ulaska u \u0160abac. Iako ga je grupa pritisnula u posljednjem krugu, sa\u010duvao je prednost i zaslu\u017eeno obukao \u017eutu majicu.<\/p>\n<p>Sutra je na programu druga etapa od Obrenovca do Bijeljine.<\/p>\n<p>Pokrovitelji ovogodi\u0161nje trke su Ministarstvo omladine i sporta Srbije, Ministarstvo porodice, omladine i sporta Republike Srpske i Predstavni\u0161tvo Republike Srpske u Srbiji.<\/p>\n","protected":false},"excerpt":{"rendered":"<p>Me\u0111unarodna biciklisti\u010dka trka Beograd\u2013Banjaluka, na kojoj u\u010destvuje 175 biciklista iz 35 zemalja, startovala je danas sa Trga Republike u Beogradu. Ova, 15. po redu, me\u0111unarodna trka traja\u0107e \u010detiri dana, do 25. aprila, a podijeljena je u \u010detiri etape: Beograd\u2013\u0160abac, Obrenovac-Bijeljina, Bijeljina\u2013Vlasenica i Prijedor-Banjaluka. Na Trgu Republike startu Me\u0111unarodne biciklisti\u010dke trke Beograd\u2013Banjaluka prisustvovali su zamjenik gradona\u010delnika&#8230;<\/p>\n","protected":false},"author":1,"featured_media":3428,"comment_status":"closed","ping_status":"closed","sticky":false,"template":"","format":"standard","meta":[],"categories":[56],"tags":[73],"_links":{"self":[{"href":"https:\/\/predstavnistvorsbg.rs\/sr-Latn\/wp-json\/wp\/v2\/posts\/4351"}],"collection":[{"href":"https:\/\/predstavnistvorsbg.rs\/sr-Latn\/wp-json\/wp\/v2\/posts"}],"about":[{"href":"https:\/\/predstavnistvorsbg.rs\/sr-Latn\/wp-json\/wp\/v2\/types\/post"}],"author":[{"embeddable":true,"href":"https:\/\/predstavnistvorsbg.rs\/sr-Latn\/wp-json\/wp\/v2\/users\/1"}],"replies":[{"embeddable":true,"href":"https:\/\/predstavnistvorsbg.rs\/sr-Latn\/wp-json\/wp\/v2\/comments?post=4351"}],"version-history":[{"count":0,"href":"https:\/\/predstavnistvorsbg.rs\/sr-Latn\/wp-json\/wp\/v2\/posts\/4351\/revisions"}],"wp:featuredmedia":[{"embeddable":true,"href":"https:\/\/predstavnistvorsbg.rs\/sr-Latn\/wp-json\/wp\/v2\/media\/3428"}],"wp:attachment":[{"href":"https:\/\/predstavnistvorsbg.rs\/sr-Latn\/wp-json\/wp\/v2\/media?parent=4351"}],"wp:term":[{"taxonomy":"category","embeddable":true,"href":"https:\/\/predstavnistvorsbg.rs\/sr-Latn\/wp-json\/wp\/v2\/categories?post=4351"},{"taxonomy":"post_tag","embeddable":true,"href":"https:\/\/predstavnistvorsbg.rs\/sr-Latn\/wp-json\/wp\/v2\/tags?post=4351"}],"curies":[{"name":"wp","href":"https:\/\/api.w.org\/{rel}","templated":true}]}}