{"id":4377,"date":"2021-04-28T10:00:13","date_gmt":"2021-04-28T08:00:13","guid":{"rendered":"https:\/\/prs2.profimediagroup.com\/uncategorized-sr-latn\/atanaskovic-petricevic-intenzivirati-realizaciju-ranije-dogovorenih-projekata\/"},"modified":"2023-04-11T19:01:35","modified_gmt":"2023-04-11T17:01:35","slug":"atanaskovic-petricevic-intenzivirati-realizaciju-ranije-dogovorenih-projekata-ltn","status":"publish","type":"post","link":"https:\/\/predstavnistvorsbg.rs\/sr-Latn\/prethodni-dogadjaji-sr-latn\/atanaskovic-petricevic-intenzivirati-realizaciju-ranije-dogovorenih-projekata-ltn\/","title":{"rendered":"Atanaskovi\u0107, Petri\u010devi\u0107: Intenzivirati realizaciju ranije dogovorenih projekata"},"content":{"rendered":"<p>Ministar privrede Srbije An\u0111elka Atanaskovi\u0107 i ministar privrede i preduzet-ni\u0161tva Republike Srpske Vjekoslav Petri\u010devi\u0107 dogovorili su danas (28.04.2021.) u Beogradu da se u narednom periodu intenzivno radi na tome da ranije dogovoreni projekti budu realizovani.<\/p>\n<p><img title=\"Ministar privrede i preduzetni\u0161tva R. Srpske Vjekoslav Petri\u010devi\u0107 sa ministarkom privrede u Vladi R. Srbije An\u0111elkom Atanaskovi\u0107\" src=\"\/wp-content\/uploads\/prethodni\/2021\/sastanak_u_min_privrede2.jpg\" alt=\"Ministar privrede i preduzetni\u0161tva R. Srpske Vjekoslav Petri\u010devi\u0107 sa ministarkom privrede u Vladi R. Srbije An\u0111elkom Atanaskovi\u0107\" width=\"1200\" border=\"0\" \/><\/p>\n<p>Petri\u010devi\u0107 je naglasio da je razgovarano i o projektima koji su se odnosili na Pod-rinje i formiranje industrijskih zona, te dodao da \u0107e Vlada Republike Srpske na zajedni\u010dkoj sjednici, koja je planirana za drugu polovinu maja delegirati odre\u0111ene teme i predlo\u017eiti konkretne predloge zajedni\u010dke realizacije prije svega infra-strukturnih projekata u vezi sa uspostavljanjem industrijskih zona u Podrinju.<\/p>\n<p>&#8222;Potrebno je, prije svega, da iskoristimo dobra iskustva koja su (Srbija) imali u prethodnom periodu i, sa druge strane, ono \u0161to mo\u017eemo mi kroz na\u0161a zakonska rje\u0161enja da primjenimo na privrednike iz Srbije&#8220;, rekao je Petri\u010devi\u0107.<\/p>\n<p>On je podsjetio da Zakon o podsticaju Republike Srpske omogu\u0107ava da Vlada svojom posebnom odlukom mo\u017ee da podr\u017ei one privredne subjekte koji investiraju i \u010dije \u0107e investicije omogu\u0107iti zapo\u0161ljavanje vi\u0161e od 100 radnika.<\/p>\n<p>&#8222;Na neki na\u010din \u017eeljeli smo da upoznamo privrednike ovdje u Srbiji o tim mogu\u0107no-stima na\u0161e me\u0111usobne saranje i, sa druge strane, model koji je na neki na\u010din najav-ljen da \u0107e svi privrednici koji iz Srbije pokrenu neke investicije u Srpskoj biti podr\u017eani i od Vlade Srbije, a, sa druge strane, mo\u0107i \u0107e i da koriste sve benefite koji imaju privrednici u Republici Srpskoj&#8220;, rekao je Petri\u010devi\u0107.<\/p>\n<p>Ministar privrede Srbije An\u0111elka Atanaskovi\u0107 rekla je da joj je drago \u0161to je danas bila u poziciji da razgovara sa gostima iz bratske Republike Srpske, navode\u0107i da \u0107e s ciljem realizacije ranijih dogovora pojedina\u010dni razgovori biti nastavljeni nakon vaskr\u0161njih praznika.<\/p>\n<p>&#8222;Ujedno smo pokrenuli mogu\u0107nost na\u0161e pomo\u0107i u obuci, u projektima i infrastruktur-nim sistemima, tako da \u0107e i to oni iskoristiti kod nas. Mi \u0107emo poku\u0161ati da preko Privredne komore, Razvojne agencije i na\u0161ih mre\u017ea vidimo mogu\u0107nost na\u0161ih firmi koje bi bile zainteresovane da investiraju&#8220;, rekla je Atanaskovi\u0107eva.<\/p>\n<p>Ona je navela da ne bi ograni\u010davala podsticaje na 100 radnika, jer je, kako je rekla nekada mo\u017eda i to bude prepreka za aktiviranje nekih inesticija.<\/p>\n<p>Atanaskovi\u0107eva je naglasila da \u0107e Srbija poku\u0161ati da i strane investitore usmjeri ka Srpskoj. Dana\u0161njem sastanku ministara Srbije i Srpske prisustvovao je i \u0161ef Predstavni\u0161tva Republike Srpske u Beogradu Mla\u0111en Cicovi\u0107.<\/p>\n","protected":false},"excerpt":{"rendered":"<p>Ministar privrede Srbije An\u0111elka Atanaskovi\u0107 i ministar privrede i preduzet-ni\u0161tva Republike Srpske Vjekoslav Petri\u010devi\u0107 dogovorili su danas (28.04.2021.) u Beogradu da se u narednom periodu intenzivno radi na tome da ranije dogovoreni projekti budu realizovani. Petri\u010devi\u0107 je naglasio da je razgovarano i o projektima koji su se odnosili na Pod-rinje i formiranje industrijskih zona, te&#8230;<\/p>\n","protected":false},"author":1,"featured_media":3436,"comment_status":"closed","ping_status":"closed","sticky":false,"template":"","format":"standard","meta":[],"categories":[56],"tags":[73],"_links":{"self":[{"href":"https:\/\/predstavnistvorsbg.rs\/sr-Latn\/wp-json\/wp\/v2\/posts\/4377"}],"collection":[{"href":"https:\/\/predstavnistvorsbg.rs\/sr-Latn\/wp-json\/wp\/v2\/posts"}],"about":[{"href":"https:\/\/predstavnistvorsbg.rs\/sr-Latn\/wp-json\/wp\/v2\/types\/post"}],"author":[{"embeddable":true,"href":"https:\/\/predstavnistvorsbg.rs\/sr-Latn\/wp-json\/wp\/v2\/users\/1"}],"replies":[{"embeddable":true,"href":"https:\/\/predstavnistvorsbg.rs\/sr-Latn\/wp-json\/wp\/v2\/comments?post=4377"}],"version-history":[{"count":0,"href":"https:\/\/predstavnistvorsbg.rs\/sr-Latn\/wp-json\/wp\/v2\/posts\/4377\/revisions"}],"wp:featuredmedia":[{"embeddable":true,"href":"https:\/\/predstavnistvorsbg.rs\/sr-Latn\/wp-json\/wp\/v2\/media\/3436"}],"wp:attachment":[{"href":"https:\/\/predstavnistvorsbg.rs\/sr-Latn\/wp-json\/wp\/v2\/media?parent=4377"}],"wp:term":[{"taxonomy":"category","embeddable":true,"href":"https:\/\/predstavnistvorsbg.rs\/sr-Latn\/wp-json\/wp\/v2\/categories?post=4377"},{"taxonomy":"post_tag","embeddable":true,"href":"https:\/\/predstavnistvorsbg.rs\/sr-Latn\/wp-json\/wp\/v2\/tags?post=4377"}],"curies":[{"name":"wp","href":"https:\/\/api.w.org\/{rel}","templated":true}]}}