{"id":4378,"date":"2021-05-16T10:00:16","date_gmt":"2021-05-16T08:00:16","guid":{"rendered":"https:\/\/prs2.profimediagroup.com\/uncategorized-sr-latn\/u-beogradu-danas-osnovano-udruzenje-romanija\/"},"modified":"2023-04-11T19:02:52","modified_gmt":"2023-04-11T17:02:52","slug":"u-beogradu-danas-osnovano-udruzenje-romanija-ltn","status":"publish","type":"post","link":"https:\/\/predstavnistvorsbg.rs\/sr-Latn\/prethodni-dogadjaji-sr-latn\/u-beogradu-danas-osnovano-udruzenje-romanija-ltn\/","title":{"rendered":"U Beogradu danas osnovano udru\u017eenje &#8222;Romanija&#8220;"},"content":{"rendered":"<p>U Beogradu je danas osnovano zavi\u010dajno udru\u017eenje \u201eRomanija&#8220;, \u010diji je cilj o\u010duvanje identiteta, odr\u017eavanje \u0161to bli\u017eih veza sa rodnim krajem i afirmacija ekonomskih, kulturnih i svih drugih odnosa Republike Srpske i Srbije. Udru\u017eenje \u010dine ljudi koji su porijeklom sa Sokoca, Han Pjeska, Rogatice, Pala i drugih mjesta oko Romanije. Za predsjednika Udru\u017eenja izabran je<strong> Vinko Pandurevi\u0107<\/strong>, za predsjednika Skup\u0161tine <strong>prof. dr. Milovan Stani\u0161i\u0107<\/strong>, a za zamjenika predsjednika Skup\u0161tine <strong>Mirko Borov\u010danin<\/strong>.<\/p>\n<p><img title=\"Goran Vesi\u0107, zamjenik gradona\u010delnika Beograda prisustvovao osnivanju udru\u017eenja \u201eRomanija\u201c\" src=\"\/wp-content\/uploads\/prethodni\/2021\/udruzenje_romanija2.jpg\" alt=\"Goran Vesi\u0107, zamjenik gradona\u010delnika Beograda prisustvovao osnivanju udru\u017eenja \u201eRomanija\u201c\" width=\"1200\" border=\"0\" \/><\/p>\n<p>Pozdravljaju\u0107i u\u010desnike osniva\u010dke skup\u0161tine, <strong>zamjenik gradona\u010delnika Beograda Goran Vesi\u0107<\/strong> rekao je da u Beogradu, koji je glavni grad svih Srba, \u017eivi &#8222;izme\u0111u 10.000 i 15.000 Beogra\u0111ana i Beogra\u0111anki koji su sa podru\u010dja Romanije&#8220;.<\/p>\n<p>&#8211; To su dobri Beogra\u0111ani i Beogra\u0111anke, koji su dali veliki doprinos razvoju na\u0161eg grada. S obzirom na to da je Beograd glavni grad svih Srba, veoma je va\u017eno da se na\u0161i ljudi organizuju i njeguju veze sa podru\u010djima iz kojih poti\u010du &#8211; rekao je on i dodao &#8211; Ukoliko mi ne vodimo ra\u010duna jedni o drugima, drugi o nama ne\u0107e voditi ra\u010duna.<\/p>\n<p>Prema njegovim rije\u010dima, na taj na\u010din \u0107e se dati dodatni doprinos specijalnim vezama koje njeguju Srbija i Republika Srpska, koje su zasnovane na Dejtonskom sporazumu.<\/p>\n<p><img title=\"Mla\u0111en Cicovi\u0107, \u0161ef Predstavni\u0161tva R. Srpske u Srbiji\" src=\"\/wp-content\/uploads\/prethodni\/2021\/udruzenje_romanija3.jpg\" alt=\"Mla\u0111en Cicovi\u0107, \u0161ef Predstavni\u0161tva R. Srpske u Srbiji\" width=\"1200\" border=\"0\" \/><\/p>\n<p><strong>\u0160ef Predstavni\u0161tva Republike Srpske u Srbiji Mla\u0111en Cicovi\u0107 <\/strong>\u010destitao je Romanijcima u Beogradu osnivanje udru\u017eenja, koje, kako je rekao, za Predstavni\u0161tvo predstavlja jo\u0161 jedan prostor gdje \u0107e mo\u0107i vrlo uspje\u0161no da rade na podsticanju i ja\u010danju veza Srpske i Srbije.<\/p>\n<p>&#8211; Udu\u017eenje \u201eRomanija\u201c \u0107e imati podr\u0161ku Predstavni\u0161tva za realizaciju svih programskih aktivnosti, kako na odr\u017eavanju vezu sa zavi\u010dajem i promovisanju zavi\u010daja u sredini gdje su se trajno opredjelili da \u017eive, tako i u nastojanju da daju puni doprinos razvoju Srbije.<\/p>\n<p>\u0160ef Predstavni\u0161tva Cicovi\u0107 je posebno naglasio ulogu svih zavi\u010dajnih udru\u017eenja, pa sada i udru\u017eenja \u201eRomanija\u201c na o\u010duvanju nacionalnog identiteta:<br \/>\n&#8211; Rad na o\u010duvanju zavi\u010dajne tradicije je i potreban, i zna\u010dajan, a najzna\u010dajniji rad svih nas je njegovanje i o\u010duvanje jezika i pisma, vjere i kulture srpskog naroda s dvije strane Drine, jer je u vremenu u kojem \u017eivimo i najve\u0107i i najopasniji pritisak na te na\u0161e vrijednosti.<\/p>\n<p><img title=\"Vinko Pandurevi\u0107, predsjednik novoosnovanog udru\u017eenja, Bo\u0161ko Jugovi\u0107, na\u010delnik op\u0161tine Pale i Milovan Bjelica, na\u010delnik op\u0161tine Sokolac\" src=\"\/wp-content\/uploads\/prethodni\/2021\/udruzenje_romanija4.jpg\" alt=\"Vinko Pandurevi\u0107, predsjednik novoosnovanog udru\u017eenja, Bo\u0161ko Jugovi\u0107, na\u010delnik op\u0161tine Pale i Milovan Bjelica, na\u010delnik op\u0161tine Sokolac\" width=\"1200\" border=\"0\" \/><\/p>\n<p><strong>Predsjednik novoosnovanog udru\u017eenja Vinko Pandurevi\u0107<\/strong> poru\u010dio je da je jedan od ciljeva \u201eRomanije\u201c da ostvari najbolju mogu\u0107u saradnju sa gradskim i op\u0161tinskim organima Beograda, kao i sa rukovodstvom op\u0161tina u zavi\u010daju i naglasio da \u0107e udru\u017eenje biti otvoreno za sve.<\/p>\n<p>&#8211; Uzori u na\u0161em radu bi\u0107e slobodarski duh i preduzimljivost na\u0161ih zavi\u010dajnih predaka, koji su, prije svega, cijenili slobodu i pravdu i svoj narod, kako iz starih, tako i iz novih dana, kao i slobodarski duh srpskog naroda u cjelini &#8211;\u00a0rekao je Pandurevi\u0107.<\/p>\n<p>On je naveo da dugi niz decenija ljudi sa prostora Sarajevsko-romanijske regije \u017eive u Srbiji, svoju su sudbinu vezali sa Srbijom i dali znatan doprinos razvoju dru\u0161tva, ali i odr\u017eavanju veze sa zavi\u010dajem.<\/p>\n<div>&#8211; Druga i tre\u0107a generacija ro\u0111ena u Srbiji ima svoj zavi\u010daj i mjesto ro\u0111enja koje je daleko od zavi\u010daja njihovih roditelja, baka i djedova. Zato smo se mi okupili ovdje da u\u010dinimo sve da se ostvari \u010dvrsta nit povezanosti svih generacija koje \u017eive u Srbiji sa Sarajevsko-romanijskom regijom i zavi\u010dajem na\u0161ih o\u010deva &#8211;\u00a0rekao je on.<\/div>\n<p><img title=\"Mla\u0111en Cicovi\u0107, \u0161ef Predstavni\u0161tva R. Srpske u Srbiji, Goran Vesi\u0107, zamjenik gradona\u010delnika Beograda i LJubi\u0161a \u0106osi\u0107, gradona\u010delnik Isto\u010dnog Sarajevo\" src=\"\/wp-content\/uploads\/prethodni\/2021\/udruzenje_romanija5.jpg\" alt=\"Mla\u0111en Cicovi\u0107, \u0161ef Predstavni\u0161tva R. Srpske u Srbiji, Goran Vesi\u0107, zamjenik gradona\u010delnika Beograda i LJubi\u0161a \u0106osi\u0107, gradona\u010delnik Isto\u010dnog Sarajevo\" width=\"1200\" border=\"0\" \/><\/p>\n<p><strong>Gradona\u010delnik Isto\u010dnog Sarajevo LJubi\u0161a \u0106osi\u0107<\/strong> rekao je da je uvjeren da \u0107e udru\u017eenje ostvariti svoje ciljeve i ukazao da su okolnosti u\u010dinile da su Romanijci masovno odlazili sa tog prostora, \u0161to je uslovilo to da veliki broj njih danas \u017eivi u Beogradu.<\/p>\n<p>On je naglasio da je Sarajevo, prema popisu iz 1991. godine, imalo 156.000 Srba i bio drugi grad po broju Srba iza Beograda.<\/p>\n<p>&#8211; Danas je Isto\u010dno Sarajevo sa svojih 65.000 stanovnika, kao jedini grad koji u svom sastavu ima op\u0161tine, bedem Republike Srpske. Mi nismo neko ko tra\u017ei pomo\u0107, mi smo do\u0161li da vam ka\u017eemo da vas osje\u0107amo kao na\u0161e gra\u0111ane. Tamo ste nam dobrodo\u0161li, da li kao neko ko \u0107e do\u0107i da odre\u0111eno vrijeme posjeti svoj zavi\u010daj ili nekim drugim povodom. Zajedno smo ja\u010di &#8211;\u00a0poru\u010dio je on.<\/p>\n<p>On je naglasio da je \u017eelja da Isto\u010dno Sarajevo i Republika Srpska rastu i ostvare saradnju sa svim ljudima koji su iz tog kraja.<\/p>\n<p>Osniva\u010dkoj sku\u0161tini udru\u017eenja \u201eRomanija\u201c u Beogradu prisustvovali su danas i na\u010delnici op\u0161tina Han Pjesak <strong>Slobodan \u0110uri\u0107<\/strong>, Pale <strong>Bo\u0161ko Jugovi<\/strong>\u0107, Sokoca <strong>Milovan Bjelica<\/strong>, poslanik u Skup\u0161tini Srbije <strong>Svetozar Andri\u0107<\/strong> i mnogi drugi.<\/p>\n<p>Udru\u017eenje Romanijaca u Beogradu postojalo je i ranije, ali godinama unazad nije bilo aktivno.<\/p>\n","protected":false},"excerpt":{"rendered":"<p>U Beogradu je danas osnovano zavi\u010dajno udru\u017eenje \u201eRomanija&#8220;, \u010diji je cilj o\u010duvanje identiteta, odr\u017eavanje \u0161to bli\u017eih veza sa rodnim krajem i afirmacija ekonomskih, kulturnih i svih drugih odnosa Republike Srpske i Srbije. Udru\u017eenje \u010dine ljudi koji su porijeklom sa Sokoca, Han Pjeska, Rogatice, Pala i drugih mjesta oko Romanije. Za predsjednika Udru\u017eenja izabran je Vinko&#8230;<\/p>\n","protected":false},"author":1,"featured_media":3438,"comment_status":"closed","ping_status":"closed","sticky":false,"template":"","format":"standard","meta":[],"categories":[56],"tags":[73],"_links":{"self":[{"href":"https:\/\/predstavnistvorsbg.rs\/sr-Latn\/wp-json\/wp\/v2\/posts\/4378"}],"collection":[{"href":"https:\/\/predstavnistvorsbg.rs\/sr-Latn\/wp-json\/wp\/v2\/posts"}],"about":[{"href":"https:\/\/predstavnistvorsbg.rs\/sr-Latn\/wp-json\/wp\/v2\/types\/post"}],"author":[{"embeddable":true,"href":"https:\/\/predstavnistvorsbg.rs\/sr-Latn\/wp-json\/wp\/v2\/users\/1"}],"replies":[{"embeddable":true,"href":"https:\/\/predstavnistvorsbg.rs\/sr-Latn\/wp-json\/wp\/v2\/comments?post=4378"}],"version-history":[{"count":0,"href":"https:\/\/predstavnistvorsbg.rs\/sr-Latn\/wp-json\/wp\/v2\/posts\/4378\/revisions"}],"wp:featuredmedia":[{"embeddable":true,"href":"https:\/\/predstavnistvorsbg.rs\/sr-Latn\/wp-json\/wp\/v2\/media\/3438"}],"wp:attachment":[{"href":"https:\/\/predstavnistvorsbg.rs\/sr-Latn\/wp-json\/wp\/v2\/media?parent=4378"}],"wp:term":[{"taxonomy":"category","embeddable":true,"href":"https:\/\/predstavnistvorsbg.rs\/sr-Latn\/wp-json\/wp\/v2\/categories?post=4378"},{"taxonomy":"post_tag","embeddable":true,"href":"https:\/\/predstavnistvorsbg.rs\/sr-Latn\/wp-json\/wp\/v2\/tags?post=4378"}],"curies":[{"name":"wp","href":"https:\/\/api.w.org\/{rel}","templated":true}]}}