{"id":4405,"date":"2021-05-24T11:00:13","date_gmt":"2021-05-24T09:00:13","guid":{"rendered":"https:\/\/prs2.profimediagroup.com\/uncategorized-sr-latn\/odrzano-25-djurdjevdansko-pjesnicko-posjelo-jevrejskoj-u-pohode\/"},"modified":"2023-04-11T19:18:56","modified_gmt":"2023-04-11T17:18:56","slug":"odrzano-25-djurdjevdansko-pjesnicko-posjelo-jevrejskoj-u-pohode-ltn","status":"publish","type":"post","link":"https:\/\/predstavnistvorsbg.rs\/sr-Latn\/prethodni-dogadjaji-sr-latn\/odrzano-25-djurdjevdansko-pjesnicko-posjelo-jevrejskoj-u-pohode-ltn\/","title":{"rendered":"Odr\u017eano 25. \u0110ur\u0111evdansko pjesni\u010dko posjelo &#8222;Jevrejskoj u pohode&#8220;"},"content":{"rendered":"<p>Danas je u Narodnoj biblioteci Srbije odr\u017eano jubilarno 25. \u0110ur\u0111evdansko pjesni\u010dko posjelo \u201eJevrejskoj u pohode\u201c u organizaciji Gradske organizacije slijepih Beograda. Manifestacija je revijalnog karaktera i u\u010destvovali su pjesnici, prozni pisci, dramski i muzi\u010dki umjetnici sa i bez o\u0161te\u0107enja vida iz Srbije, Republike Srpske i Crne Gore.<\/p>\n<p><img title=\"Borka Tadi\u0107, pjesnikinja\" src=\"\/wp-content\/uploads\/prethodni\/2021\/jevrejskoj_u_pohode2.jpg\" alt=\"Borka Tadi\u0107, pjesnikinja\" width=\"1200\" border=\"0\" \/><\/p>\n<div>Na manifestaciji su iz Republike Srpske u\u010destvovali \u017delimir Radinovi\u0107, direktor Specijalne biblioteke za slijepa i slabovida lica Republike Srpske, Borka Tadi\u0107 pjesnikinja, mladi glumci iz pozori\u0161ta DIS iz Banje Luke Jelena Markovi\u0107, Stefan Maksi\u0107, Ivan Petru\u0161inski i Bojana \u0160trbac, i Jovo Jerkovi\u0107, multiinstrumentalista iz Gradi\u0161ke. Dolazak i u\u010de\u0161\u0107e umjetnika iz Srpske je podr\u017ealo Predstavni\u0161tvo Republike Srpske u Srbiji, ispred kojeg je na manifestaciji prisustvovao Borislav Maksimovi\u0107, samostalni stru\u010dni saradnik za razvoj i unapre\u0111enje saradnje u prosvjeti, kulturi i umjetnosti.<\/div>\n<p><img title=\"Promocija i afirmisanje poetskog stvarala\u0161tva osoba sa potpunim ili djelimi\u010dnim gubitkom vida\" src=\"\/wp-content\/uploads\/prethodni\/2021\/jevrejskoj_u_pohode3.jpg\" alt=\"Promocija i afirmisanje poetskog stvarala\u0161tva osoba sa potpunim ili djelimi\u010dnim gubitkom vida\" width=\"1200\" border=\"0\" \/><\/p>\n<p>Cilj ovog doga\u0111aja je promovisanje i afirmisanje poetskog stvarala\u0161tva osoba sa potpunim ili djelimi\u010dnim gubitkom vida, kao i saradnja sa umjetnicima bez invaliditeta \u010dime ova manifestacija dobija inkluzivni karakter.<\/p>\n<p><img title=\"\u017delimir Radinovi\u0107, direktor Specijalne biblioteke za slijepa i slabovida lica R. Srpske\" src=\"\/wp-content\/uploads\/prethodni\/2021\/jevrejskoj_u_pohode4.jpg\" alt=\"\u017delimir Radinovi\u0107, direktor Specijalne biblioteke za slijepa i slabovida lica R. Srpske\" width=\"1200\" border=\"0\" \/><\/p>\n<div>\u201eOvo knji\u017eevno poetsko dru\u017eenje se odr\u017eava u Narodnoj biblioteci Srbije koja predstavlja hram kulture Srbije i u toliko je i zna\u010daj na\u0161eg dolaska ve\u0107i i \u017eelimo da bacimo svjetlo na stvarala\u0161tvo ljudi sa invaliditetom kako bi ukazali da su i oni integralni dio dru\u0161tva i upravo njegovo bogatstvo\u201c rekao je \u017delimir Radinovi\u0107, direktor Specijalne biblioteke za slijepa i slabovida lica Republike Srpske.<\/div>\n<div>\n<p>\u201eNamjera nam je da koriste\u0107i sporazume koji su potpisani izme\u0107u na\u0161ih zemalja, prenstveno sporazum o jedinstvenom srpskom kulturnom prostoru i specijalnim i paralelnim vezama, predstavimo kulturu Republike Srpske ovde u Srbiji kroz stvarala\u0161tvo na\u0161ih ljudi i planiramo da u narednom periodu u saradnji sa Predstavni\u0161tvom Republike Srpske u Srbiji organizujemo posjete na\u0161ih umjetnika i donacije knjiga za slabovide za biblioteke u Srbiji.\u201c istakao je Radinovi\u0107.<\/p>\n<\/div>\n<div><img title=\"Borislav Maksimovi\u0107, samostalni stru\u010dni saradnik u Predstavni\u0161tvu R. Srpske, sa u\u010desnicima 25. \u0110ur\u0111evdanskg pjesni\u010dkog posjela \u201eJevrejskoj u pohode\u201c\" src=\"\/wp-content\/uploads\/prethodni\/2021\/jevrejskoj_u_pohode5.jpg\" alt=\"Borislav Maksimovi\u0107, samostalni stru\u010dni saradnik u Predstavni\u0161tvu R. Srpske, sa u\u010desnicima 25. \u0110ur\u0111evdanskg pjesni\u010dkog posjela \u201eJevrejskoj u pohode\u201c\" width=\"1200\" border=\"0\" \/><\/div>\n","protected":false},"excerpt":{"rendered":"<p>Danas je u Narodnoj biblioteci Srbije odr\u017eano jubilarno 25. \u0110ur\u0111evdansko pjesni\u010dko posjelo \u201eJevrejskoj u pohode\u201c u organizaciji Gradske organizacije slijepih Beograda. Manifestacija je revijalnog karaktera i u\u010destvovali su pjesnici, prozni pisci, dramski i muzi\u010dki umjetnici sa i bez o\u0161te\u0107enja vida iz Srbije, Republike Srpske i Crne Gore. Na manifestaciji su iz Republike Srpske u\u010destvovali \u017delimir&#8230;<\/p>\n","protected":false},"author":1,"featured_media":3452,"comment_status":"closed","ping_status":"closed","sticky":false,"template":"","format":"standard","meta":[],"categories":[56],"tags":[73],"_links":{"self":[{"href":"https:\/\/predstavnistvorsbg.rs\/sr-Latn\/wp-json\/wp\/v2\/posts\/4405"}],"collection":[{"href":"https:\/\/predstavnistvorsbg.rs\/sr-Latn\/wp-json\/wp\/v2\/posts"}],"about":[{"href":"https:\/\/predstavnistvorsbg.rs\/sr-Latn\/wp-json\/wp\/v2\/types\/post"}],"author":[{"embeddable":true,"href":"https:\/\/predstavnistvorsbg.rs\/sr-Latn\/wp-json\/wp\/v2\/users\/1"}],"replies":[{"embeddable":true,"href":"https:\/\/predstavnistvorsbg.rs\/sr-Latn\/wp-json\/wp\/v2\/comments?post=4405"}],"version-history":[{"count":0,"href":"https:\/\/predstavnistvorsbg.rs\/sr-Latn\/wp-json\/wp\/v2\/posts\/4405\/revisions"}],"wp:featuredmedia":[{"embeddable":true,"href":"https:\/\/predstavnistvorsbg.rs\/sr-Latn\/wp-json\/wp\/v2\/media\/3452"}],"wp:attachment":[{"href":"https:\/\/predstavnistvorsbg.rs\/sr-Latn\/wp-json\/wp\/v2\/media?parent=4405"}],"wp:term":[{"taxonomy":"category","embeddable":true,"href":"https:\/\/predstavnistvorsbg.rs\/sr-Latn\/wp-json\/wp\/v2\/categories?post=4405"},{"taxonomy":"post_tag","embeddable":true,"href":"https:\/\/predstavnistvorsbg.rs\/sr-Latn\/wp-json\/wp\/v2\/tags?post=4405"}],"curies":[{"name":"wp","href":"https:\/\/api.w.org\/{rel}","templated":true}]}}