{"id":4407,"date":"2021-05-25T11:00:13","date_gmt":"2021-05-25T09:00:13","guid":{"rendered":"https:\/\/prs2.profimediagroup.com\/uncategorized-sr-latn\/manifestacija-dani-cirila-i-metodija-2021\/"},"modified":"2023-04-11T19:41:28","modified_gmt":"2023-04-11T17:41:28","slug":"manifestacija-dani-cirila-i-metodija-2021-ltn","status":"publish","type":"post","link":"https:\/\/predstavnistvorsbg.rs\/sr-Latn\/prethodni-dogadjaji-sr-latn\/manifestacija-dani-cirila-i-metodija-2021-ltn\/","title":{"rendered":"Manifestacija &#8222;Dani \u0106irila i Metodija 2021&#8220;"},"content":{"rendered":"<p>Tradicionalna manifestacija \u201eDani \u0106irila i Metodija\u201c, koju Udru\u017eenje knji\u017eevnika Srbije ve\u0107 deseti put organizuje u saradnji sa Predstavni\u0161tvom Republike Srpske u Srbiji, ove godine zbog epidemiolo\u0161ke situacije nije mogla imati i onaj najljep\u0161i dio: putovanja pjesnika iz slovenskih zemalja po Srbiji i Republici Srpskoj, nego su samo pjesnici Srbije svoje stihove govorili u sve\u010danoj sali UKS, Francuska 7, i u manastiru Rakovica, a &#8211; kao i svake godine &#8211; delegacija Udru\u017eenja knji\u017eevnika Srbije polo\u017eila je bukete sve\u017eeg cvije\u0107a na spomenik svetim slovenskim ravnoapostolima u parku \u0106irila i Metodija u Beogradu. Cvije\u0107e pred spomenik \u0106irilu i Metodiju polo\u017eili su i ambasadori i predstavnici ambasada slovenskih zemalja akreditovanih u Srbiji.<\/p>\n<p><img title=\"Srpski pjesnici u posjeti manastiru Rakovica\" src=\"\/wp-content\/uploads\/prethodni\/2021\/dani_cirila_i_metodija2.jpg\" alt=\"Srpski pjesnici u posjeti manastiru Rakovica\" width=\"1200\" border=\"0\" \/><\/p>\n<div>\n<p>Svoje stihove u slavu svete slovenske bra\u0107e \u0106irila i Metodija pjesnici slovenskih i Srbiji i Srpskoj prijateljskih zemalja snimili su i poslali u Beograd: <strong>Bjelorusija <\/strong>&#8211; Aksana Sprin\u010dan, <strong>Bugarska <\/strong>&#8211; Iva Nikolova,<strong> Gr\u010dka <\/strong>&#8211; Bo\u017eica Velousis, <strong>Poljska <\/strong>&#8211; Stefan \u017dagjel, <strong>Republika Srpsk<\/strong>a &#8211; Ognjen Kandi\u0107, <strong>Rumunija <\/strong>&#8211; Kostel Stanku i Robert \u0160erban, <strong>Rusija <\/strong>&#8211; Natalija Jelizarova, <strong>Slova\u010dka <\/strong>&#8211; Pavol Toma\u0161ovi\u010d i Zlata Matlakova, <strong>Slovenija <\/strong>&#8211; Glorjana Veber, <strong>Srbija <\/strong>&#8211; Dragan Jovanovi\u0107 Danilov, <strong>Ukrajina <\/strong>&#8211; Elina Mihajlovna Svencickaja, <strong>Hrvatska <\/strong>&#8211; Zdravko Odor\u010di\u0107, <strong>\u010ce\u0161ka <\/strong>&#8211; Lenka Kuhar Danhelova i<strong> Crna Gora<\/strong> &#8211; Dragoslav \u0106ulafi\u0107.<\/p>\n<p>Pjesme pjesnika iz slovenskih i Srbiji i Srpskoj prijateljskih zemalja danas \u0107e biti postavljene i na Jutjub kanal Udru\u017eenja knji\u017eevnika Srbije.<\/p>\n<\/div>\n","protected":false},"excerpt":{"rendered":"<p>Tradicionalna manifestacija \u201eDani \u0106irila i Metodija\u201c, koju Udru\u017eenje knji\u017eevnika Srbije ve\u0107 deseti put organizuje u saradnji sa Predstavni\u0161tvom Republike Srpske u Srbiji, ove godine zbog epidemiolo\u0161ke situacije nije mogla imati i onaj najljep\u0161i dio: putovanja pjesnika iz slovenskih zemalja po Srbiji i Republici Srpskoj, nego su samo pjesnici Srbije svoje stihove govorili u sve\u010danoj sali&#8230;<\/p>\n","protected":false},"author":1,"featured_media":3456,"comment_status":"closed","ping_status":"closed","sticky":false,"template":"","format":"standard","meta":[],"categories":[56],"tags":[73],"_links":{"self":[{"href":"https:\/\/predstavnistvorsbg.rs\/sr-Latn\/wp-json\/wp\/v2\/posts\/4407"}],"collection":[{"href":"https:\/\/predstavnistvorsbg.rs\/sr-Latn\/wp-json\/wp\/v2\/posts"}],"about":[{"href":"https:\/\/predstavnistvorsbg.rs\/sr-Latn\/wp-json\/wp\/v2\/types\/post"}],"author":[{"embeddable":true,"href":"https:\/\/predstavnistvorsbg.rs\/sr-Latn\/wp-json\/wp\/v2\/users\/1"}],"replies":[{"embeddable":true,"href":"https:\/\/predstavnistvorsbg.rs\/sr-Latn\/wp-json\/wp\/v2\/comments?post=4407"}],"version-history":[{"count":0,"href":"https:\/\/predstavnistvorsbg.rs\/sr-Latn\/wp-json\/wp\/v2\/posts\/4407\/revisions"}],"wp:featuredmedia":[{"embeddable":true,"href":"https:\/\/predstavnistvorsbg.rs\/sr-Latn\/wp-json\/wp\/v2\/media\/3456"}],"wp:attachment":[{"href":"https:\/\/predstavnistvorsbg.rs\/sr-Latn\/wp-json\/wp\/v2\/media?parent=4407"}],"wp:term":[{"taxonomy":"category","embeddable":true,"href":"https:\/\/predstavnistvorsbg.rs\/sr-Latn\/wp-json\/wp\/v2\/categories?post=4407"},{"taxonomy":"post_tag","embeddable":true,"href":"https:\/\/predstavnistvorsbg.rs\/sr-Latn\/wp-json\/wp\/v2\/tags?post=4407"}],"curies":[{"name":"wp","href":"https:\/\/api.w.org\/{rel}","templated":true}]}}