{"id":4409,"date":"2021-06-02T10:00:25","date_gmt":"2021-06-02T08:00:25","guid":{"rendered":"https:\/\/prs2.profimediagroup.com\/uncategorized-sr-latn\/ministar-trgovine-i-turizma-suzana-gasic-u-posjeti-predstavnistvu-republike-srpske-u-srbiji\/"},"modified":"2023-04-11T19:43:24","modified_gmt":"2023-04-11T17:43:24","slug":"ministar-trgovine-i-turizma-suzana-gasic-u-posjeti-predstavnistvu-republike-srpske-u-srbiji-ltn","status":"publish","type":"post","link":"https:\/\/predstavnistvorsbg.rs\/sr-Latn\/prethodni-dogadjaji-sr-latn\/ministar-trgovine-i-turizma-suzana-gasic-u-posjeti-predstavnistvu-republike-srpske-u-srbiji-ltn\/","title":{"rendered":"Ministar trgovine i turizma Suzana Ga\u0161i\u0107 u posjeti Predstavni\u0161tvu Republike Srpske u Srbiji"},"content":{"rendered":"<div>Nakon posjete Ministarstvu\u00a0trgovine, turizma i telekomunikacija Republike Srbije i razgovora sa ministrom Tatjanom\u00a0Mati\u0107\u00a0i njenim saradnicima o mogu\u0107im oblicima saradnje dva ministarstva, ministar\u00a0trgovine\u00a0i\u00a0turizma Republike Srpske\u00a0Suzana\u00a0Ga\u0161i\u0107 je\u00a0danas, sa svojim pomo\u0107nicima Du\u0161ankom Tegeltijim i Daliborom Pani\u0107em, posjetila\u00a0Predstavni\u0161tvo Republike Srpske u Srbiji, gdje je sa \u0161efom Predstavni\u0161tva Mla\u0111enom Cicovi\u0107em razgovarala o organizovanju promocije i prezentacije kompanija i proizvoda iz Republike Srpske u Srbiji u okviru akcije \u201eNajbolje iz Srpske\u201c.<\/div>\n<p>&nbsp;<\/p>\n<p>Na sastanku se razgovaralo i o zajedni\u010dkim nastupima na sajmovima u Beogradu i Novom Sadu i promovisanju turisti\u010dkih potencijala i atraktivnih destinacija Republike Srpske, a dogovoreno je da \u0107e se u narednom periodu pristupiti izradi zajedni\u010dkog programa realizacije svih ovih aktivnosti saglasno Strategiji trgovine Republike Srpske i naporima koji se ula\u017eu kako bi se \u0161to uspje\u0161nije promovisala doma\u0107a proizvodnja i trgovina privrednih subjekata iz Republike Srpske.<\/p>\n","protected":false},"excerpt":{"rendered":"<p>Nakon posjete Ministarstvu\u00a0trgovine, turizma i telekomunikacija Republike Srbije i razgovora sa ministrom Tatjanom\u00a0Mati\u0107\u00a0i njenim saradnicima o mogu\u0107im oblicima saradnje dva ministarstva, ministar\u00a0trgovine\u00a0i\u00a0turizma Republike Srpske\u00a0Suzana\u00a0Ga\u0161i\u0107 je\u00a0danas, sa svojim pomo\u0107nicima Du\u0161ankom Tegeltijim i Daliborom Pani\u0107em, posjetila\u00a0Predstavni\u0161tvo Republike Srpske u Srbiji, gdje je sa \u0161efom Predstavni\u0161tva Mla\u0111enom Cicovi\u0107em razgovarala o organizovanju promocije i prezentacije kompanija i proizvoda iz&#8230;<\/p>\n","protected":false},"author":1,"featured_media":3460,"comment_status":"closed","ping_status":"closed","sticky":false,"template":"","format":"standard","meta":[],"categories":[56],"tags":[73],"_links":{"self":[{"href":"https:\/\/predstavnistvorsbg.rs\/sr-Latn\/wp-json\/wp\/v2\/posts\/4409"}],"collection":[{"href":"https:\/\/predstavnistvorsbg.rs\/sr-Latn\/wp-json\/wp\/v2\/posts"}],"about":[{"href":"https:\/\/predstavnistvorsbg.rs\/sr-Latn\/wp-json\/wp\/v2\/types\/post"}],"author":[{"embeddable":true,"href":"https:\/\/predstavnistvorsbg.rs\/sr-Latn\/wp-json\/wp\/v2\/users\/1"}],"replies":[{"embeddable":true,"href":"https:\/\/predstavnistvorsbg.rs\/sr-Latn\/wp-json\/wp\/v2\/comments?post=4409"}],"version-history":[{"count":0,"href":"https:\/\/predstavnistvorsbg.rs\/sr-Latn\/wp-json\/wp\/v2\/posts\/4409\/revisions"}],"wp:featuredmedia":[{"embeddable":true,"href":"https:\/\/predstavnistvorsbg.rs\/sr-Latn\/wp-json\/wp\/v2\/media\/3460"}],"wp:attachment":[{"href":"https:\/\/predstavnistvorsbg.rs\/sr-Latn\/wp-json\/wp\/v2\/media?parent=4409"}],"wp:term":[{"taxonomy":"category","embeddable":true,"href":"https:\/\/predstavnistvorsbg.rs\/sr-Latn\/wp-json\/wp\/v2\/categories?post=4409"},{"taxonomy":"post_tag","embeddable":true,"href":"https:\/\/predstavnistvorsbg.rs\/sr-Latn\/wp-json\/wp\/v2\/tags?post=4409"}],"curies":[{"name":"wp","href":"https:\/\/api.w.org\/{rel}","templated":true}]}}