{"id":4433,"date":"2021-06-10T10:00:57","date_gmt":"2021-06-10T08:00:57","guid":{"rendered":"https:\/\/prs2.profimediagroup.com\/uncategorized-sr-latn\/srpski-jezik-i-pismo-spona-medju-piscima-srpske-i-srbije\/"},"modified":"2023-04-11T19:57:56","modified_gmt":"2023-04-11T17:57:56","slug":"srpski-jezik-i-pismo-spona-medju-piscima-srpske-i-srbije-ltn","status":"publish","type":"post","link":"https:\/\/predstavnistvorsbg.rs\/sr-Latn\/prethodni-dogadjaji-sr-latn\/srpski-jezik-i-pismo-spona-medju-piscima-srpske-i-srbije-ltn\/","title":{"rendered":"Srpski jezik i pismo spona me\u0111u piscima Srpske i Srbije"},"content":{"rendered":"<p>Predstavni\u0161tvo Republike Srpske u Srbiji pomo\u0107i \u0107e da tradicionalni Sajam knjige u Banjaluci, ove godine bude ne samo dobro organizovan, nego i prepoznatljiv u regionu te da se i na taj na\u010din d\u00e2 puni doprinos afirmaciji srpskog jezika i \u0107irilice. O tome su ju\u010de u sjedi\u0161tu Predstavni\u0161tva u Beogradu razgovarali Mla\u0111en Cicovi\u0107, \u0161ef Predstavni\u0161tva i Boris Dmitra\u0161inovi\u0107, generalni direktor dnevnog lista \u201eGlas Srpske\u201d.<\/p>\n<p>Pandemija virusa korona pro\u0161le godne je stala na put smotri pisane rije\u010di u Banjaluci, pa je \u201cGlas Srpske\u201d organizovao onlajn promociju knjiga; plan je da ova bude odr\u017eana u drugoj polovini septembra.<\/p>\n<p><strong>Cicovi\u0107<\/strong> je rekao da je ovogodi\u0161nja manifestacija prilika da bude ura\u0111eno vi\u0161e na povezivanju pisaca i izdava\u010da iz Srpske i Srbije te da \u010ditala\u010dka publika u Srbiji bude bolje upoznata sa radom izdava\u010da iz Srpske.<\/p>\n<p>&#8211; Predstavni\u0161tvo \u0107e bezrezervno podr\u017eati namjeru \u201cGlasa Srpske\u201d da ove godine Sajam knjige, nakon svega \u0161to je donijela i odnijela pandemija, bude najbolje organizovan i da okupimo \u0161to vi\u0161e izdava\u010da iz Srbije. U Ministarstvu kulture i informisanja Srbije poku\u0161a\u0107emo da se dogovorimo da Srbija bude predstavljena na jednom zajedni\u010dkom \u0161tandu te da osim onih koji su ve\u0107 godinama prisutni u Banjaluci, okupimo i male izdava\u010de koji mo\u017eda zbog finansijskih razloga ne bi bili u prilici da samostalno do\u0111u na banjalu\u010dki sajam, a razgovara\u0107emo i sa Upravom za saradnju s dijasporom i Srbima u regionu &#8211; rekao je Cicovi\u0107 i naglasio da Predstavni\u0161tvo stalno ja\u010da odnose Srpske i Srbije na svim nivoima.<\/p>\n<p><strong>Dmitra\u0161inovi\u0107<\/strong> je izrazio zadovoljstvo \u0161to su uvijek dobrodo\u0161li u Predstavni\u0161tvu Srpske u Srbiji i zahvalio Cicovi\u0107u \u0161to je pokazao dobru volju da pomogne \u201cGlasu\u201d u budu\u0107im projektima i ja\u010danjem saradnje sa institucijama u Srbiji.<\/p>\n<p>&#8211; \u201cGlas\u201d je jedini dnevni list preko Drine koji se \u0161tampa na \u0107irilici, a Ministarstvo kulture i informisanja Srbije intenzivno radi na o\u010duvanju i promociji \u0107irilice i mi \u017eelimo da budemo dio tog velikog projekta &#8211; istakao je Dmitra\u0161inovi\u0107.<\/p>\n<p>On je izrazio nadu da \u0107e sa resornim ministarstvom Srbije biti ostvarena saradnja i u vezi sa ovogodi\u0161njim Sajmom knjige, koji \u0107e biti pra\u0107en i Me\u0111unarodnim susretom knji\u017eevnika.<\/p>\n","protected":false},"excerpt":{"rendered":"<p>Predstavni\u0161tvo Republike Srpske u Srbiji pomo\u0107i \u0107e da tradicionalni Sajam knjige u Banjaluci, ove godine bude ne samo dobro organizovan, nego i prepoznatljiv u regionu te da se i na taj na\u010din d\u00e2 puni doprinos afirmaciji srpskog jezika i \u0107irilice. O tome su ju\u010de u sjedi\u0161tu Predstavni\u0161tva u Beogradu razgovarali Mla\u0111en Cicovi\u0107, \u0161ef Predstavni\u0161tva i&#8230;<\/p>\n","protected":false},"author":1,"featured_media":3464,"comment_status":"closed","ping_status":"closed","sticky":false,"template":"","format":"standard","meta":[],"categories":[56],"tags":[73],"_links":{"self":[{"href":"https:\/\/predstavnistvorsbg.rs\/sr-Latn\/wp-json\/wp\/v2\/posts\/4433"}],"collection":[{"href":"https:\/\/predstavnistvorsbg.rs\/sr-Latn\/wp-json\/wp\/v2\/posts"}],"about":[{"href":"https:\/\/predstavnistvorsbg.rs\/sr-Latn\/wp-json\/wp\/v2\/types\/post"}],"author":[{"embeddable":true,"href":"https:\/\/predstavnistvorsbg.rs\/sr-Latn\/wp-json\/wp\/v2\/users\/1"}],"replies":[{"embeddable":true,"href":"https:\/\/predstavnistvorsbg.rs\/sr-Latn\/wp-json\/wp\/v2\/comments?post=4433"}],"version-history":[{"count":0,"href":"https:\/\/predstavnistvorsbg.rs\/sr-Latn\/wp-json\/wp\/v2\/posts\/4433\/revisions"}],"wp:featuredmedia":[{"embeddable":true,"href":"https:\/\/predstavnistvorsbg.rs\/sr-Latn\/wp-json\/wp\/v2\/media\/3464"}],"wp:attachment":[{"href":"https:\/\/predstavnistvorsbg.rs\/sr-Latn\/wp-json\/wp\/v2\/media?parent=4433"}],"wp:term":[{"taxonomy":"category","embeddable":true,"href":"https:\/\/predstavnistvorsbg.rs\/sr-Latn\/wp-json\/wp\/v2\/categories?post=4433"},{"taxonomy":"post_tag","embeddable":true,"href":"https:\/\/predstavnistvorsbg.rs\/sr-Latn\/wp-json\/wp\/v2\/tags?post=4433"}],"curies":[{"name":"wp","href":"https:\/\/api.w.org\/{rel}","templated":true}]}}