{"id":4434,"date":"2021-06-14T10:00:39","date_gmt":"2021-06-14T08:00:39","guid":{"rendered":"https:\/\/prs2.profimediagroup.com\/uncategorized-sr-latn\/poklonjene-knjige-za-slijepe-i-slabovide-biblioteci-u-kikindi\/"},"modified":"2023-04-11T19:59:22","modified_gmt":"2023-04-11T17:59:22","slug":"poklonjene-knjige-za-slijepe-i-slabovide-biblioteci-u-kikindi-ltn","status":"publish","type":"post","link":"https:\/\/predstavnistvorsbg.rs\/sr-Latn\/prethodni-dogadjaji-sr-latn\/poklonjene-knjige-za-slijepe-i-slabovide-biblioteci-u-kikindi-ltn\/","title":{"rendered":"Poklonjene knjige za slijepe i slabovide biblioteci u Kikindi"},"content":{"rendered":"<p>Narodnoj biblioteci &#8222;Jovan Popovi\u0107&#8220; u Kikindi danas su uru\u010dene audio i knjige namijenjene osobama o\u0161te\u0107enog vida u izdanju Specijalne biblioteke za slijepa i slabovida lica Republike Srpske. Knjige su u okviru akcije donacija knjiga bibliotekama u Srbiji, koju sprovodi Predstavni\u0161tvo Republike Srpske u Srbiji, uru\u010dili direktor Specijalne biblioteke za slijepa i slabovida lica \u017delimir Radinovi\u0107 i samostalni stru\u010dni saradnik za razvoj i unapre\u0111enje saradnje u prosvjeti, kulturi i umjetnosti u Predstavni\u0161tvu Srpske Borislav Maksimovi\u0107.<\/p>\n<p>&nbsp;<\/p>\n<p>Zamjenik gradona\u010delnika Kikinde Dijana Jak\u0161i\u0107 zahvalila je Predstavni\u0161tvu Republike Srpske u Srbiji za ovaj humani gest i istakla da se radi o dragocjenom poklonu budu\u0107i da ga ova biblioteka nije imala u svom knji\u017enom fondu.<\/p>\n<p>Ona je ukazala da je ova posjeta predstavnika Republike Srpske izraz obostrane \u017eelje da se ostvari trajna saradnja izme\u0111u ne samo dr\u017eave Srbije, ve\u0107 i grada Kikinde sa Republikom Srpskom odnosno Predstavni\u0161tvom Republike Srpske u Srbiji.<\/p>\n<p>&#8222;Cilj je da se ostvari saradnja na svim poljima s obzirom na to da se rad o jednom narodu sa obje strane Drine i fakti\u010dki o zemljama izme\u0111u kojih postoji prirodna i logi\u010dna povezanost zbog neraskidive istorijske povezanosti i te\u017enje ka jedinstvu naroda&#8220;, rekla je Jak\u0161i\u0107eva.<\/p>\n<p>Direktor Javne ustanove Specijalna biblioteka za slijepa i slabovida lica Republike Srpske \u017delimir Radinovi\u0107 ocijenio je kultura polje gdje se najbolje ostvaruje saradnja srpskog naroda s jedne i druge strane Drine.<\/p>\n<p><img title=\"U okviru posjete odigrana je i monodrama Borke Tadi\u0107 \" src=\"\/wp-content\/uploads\/prethodni\/2021\/monodrama_kikinda.jpg\" alt=\"U okviru posjete odigrana je i monodrama Borke Tadi\u0107 \" width=\"1200\" border=\"0\" \/><\/p>\n<p>Radinovi\u0107 je ukazao da je ovo bila i predivna prilika da skrenu pa\u017enju da u dru\u0161tvima Srbije i Republike Srpske postoje ljudi o\u0161te\u0107enog vida, da nisu balast ve\u0107 naprotiv ljudi sa izuzetnim potencijalima.<\/p>\n<p>Maksimovi\u0107 je istakao da je ova donacija nastavak saradnje sa gradom Kikindom, koja je za zapo\u010deta prethodnom posjetom i donacijom knjiga kada su ustanovili da nedostaju knjige za slijepe, pa su organizovali dana\u0161nji dolazak.<\/p>\n<p>On je objasnio da je cilj ove akcije razvoj saradnje izme\u0111u gradova i institucija iz Srpske i Srbije, kao i skretanje pa\u017enje na stvarala\u0161tvo osoba sa o\u0161te\u0107enim vidom, ali i na njihove probleme sa kojima se susre\u0107u u svakodnevnom \u017eivotu.<\/p>\n<p>U okviru posjete odigrana je i monodrama &#8222;U znaku bijelog \u0161tapa&#8220; u izvo\u0111enju slijepe knji\u017eevnice Borke Tadi\u0107 iz Banjaluke, koja je ukazala na predrasude prema slabovidim licima, ali i na njihovu boru da te predrasude razbijaju.<\/p>\n","protected":false},"excerpt":{"rendered":"<p>Narodnoj biblioteci &#8222;Jovan Popovi\u0107&#8220; u Kikindi danas su uru\u010dene audio i knjige namijenjene osobama o\u0161te\u0107enog vida u izdanju Specijalne biblioteke za slijepa i slabovida lica Republike Srpske. Knjige su u okviru akcije donacija knjiga bibliotekama u Srbiji, koju sprovodi Predstavni\u0161tvo Republike Srpske u Srbiji, uru\u010dili direktor Specijalne biblioteke za slijepa i slabovida lica \u017delimir Radinovi\u0107&#8230;<\/p>\n","protected":false},"author":1,"featured_media":3466,"comment_status":"closed","ping_status":"closed","sticky":false,"template":"","format":"standard","meta":[],"categories":[56],"tags":[73],"_links":{"self":[{"href":"https:\/\/predstavnistvorsbg.rs\/sr-Latn\/wp-json\/wp\/v2\/posts\/4434"}],"collection":[{"href":"https:\/\/predstavnistvorsbg.rs\/sr-Latn\/wp-json\/wp\/v2\/posts"}],"about":[{"href":"https:\/\/predstavnistvorsbg.rs\/sr-Latn\/wp-json\/wp\/v2\/types\/post"}],"author":[{"embeddable":true,"href":"https:\/\/predstavnistvorsbg.rs\/sr-Latn\/wp-json\/wp\/v2\/users\/1"}],"replies":[{"embeddable":true,"href":"https:\/\/predstavnistvorsbg.rs\/sr-Latn\/wp-json\/wp\/v2\/comments?post=4434"}],"version-history":[{"count":0,"href":"https:\/\/predstavnistvorsbg.rs\/sr-Latn\/wp-json\/wp\/v2\/posts\/4434\/revisions"}],"wp:featuredmedia":[{"embeddable":true,"href":"https:\/\/predstavnistvorsbg.rs\/sr-Latn\/wp-json\/wp\/v2\/media\/3466"}],"wp:attachment":[{"href":"https:\/\/predstavnistvorsbg.rs\/sr-Latn\/wp-json\/wp\/v2\/media?parent=4434"}],"wp:term":[{"taxonomy":"category","embeddable":true,"href":"https:\/\/predstavnistvorsbg.rs\/sr-Latn\/wp-json\/wp\/v2\/categories?post=4434"},{"taxonomy":"post_tag","embeddable":true,"href":"https:\/\/predstavnistvorsbg.rs\/sr-Latn\/wp-json\/wp\/v2\/tags?post=4434"}],"curies":[{"name":"wp","href":"https:\/\/api.w.org\/{rel}","templated":true}]}}