{"id":4437,"date":"2021-06-18T10:00:50","date_gmt":"2021-06-18T08:00:50","guid":{"rendered":"https:\/\/prs2.profimediagroup.com\/uncategorized-sr-latn\/predstavnistvu-srpske-plaketa-zahvalnosti-srpske-knjizevne-zadruge\/"},"modified":"2023-04-11T20:03:06","modified_gmt":"2023-04-11T18:03:06","slug":"predstavnistvu-srpske-plaketa-zahvalnosti-srpske-knjizevne-zadruge-ltn","status":"publish","type":"post","link":"https:\/\/predstavnistvorsbg.rs\/sr-Latn\/prethodni-dogadjaji-sr-latn\/predstavnistvu-srpske-plaketa-zahvalnosti-srpske-knjizevne-zadruge-ltn\/","title":{"rendered":"Predstavni\u0161tvu Srpske plaketa zahvalnosti Srpske knji\u017eevne zadruge"},"content":{"rendered":"<p>Predstavnici Srpske knji\u017eevne zadruge, jedne od renomiranih i najstarijih izdava\u010dkih institucija u Srbiji, uru\u010dili su danas \u0161efu Predstavni\u0161tva Republike Srpske u Srbiji Plaketu zahvalnosti za podr\u0161ku i saradnju.<\/p>\n<p><img title=\"Zahvalnica SKZ-a \u0161efu Predstavni\u0161tva Republike Srpske u Srbiji Mla\u0111enu Cicovi\u0107u\" src=\"\/wp-content\/uploads\/prethodni\/2021\/skz_zahvalnica.jpg\" alt=\"Zahvalnica SKZ-a \u0161efu Predstavni\u0161tva Republike Srpske u Srbiji Mla\u0111enu Cicovi\u0107u\" width=\"1200\" border=\"0\" \/><\/p>\n<p>Saradnik za kulturu u Predstavni\u0161tvu Republike Srpske u Srbiji Borislav Maksimovi\u0107 primaju\u0107i plaketu u ime \u0161efa Predstavni\u0161tva i Predstavni\u0161tva rekao je Srni da je posebna \u010dast dobiti priznanje od institucije koja ve\u0107 du\u017ee od jednog vijeka radi na \u0161irenju srpske kulture i knji\u017eevnosti.<\/p>\n<p>\u201eNastavi\u0107emo na\u0161u dobru saradnju sa Srpskom knji\u017eevnom zadrugom u svrhu o\u010duvanja srpske kulture i umjetnosti, kao i razvoja odnosa izme\u0111u Srbije i Republike Srpske\u201d, rekao je on.<\/p>\n<p>&nbsp;<\/p>\n<p>Predsjednik Srpske knji\u017eevne zadruge Milovan Danojli\u0107 rekao je da je ova institucija od samih po\u010detaka bila usmjerena ka svim Srbima i prijateljima srpskog naroda.<\/p>\n<p>\u201eU vreme kada je Srbija bila kne\u017eevina, 40 odsto na\u0161ih pretplatnika bili su iz nekada\u0161nje Austro-ugarske monarhije, dakle i iz BiH, Hrvatske, Slavonije i \u010dak iz Trsta. Bez podr\u0161ke i ugleda u na\u0161em narodu ne bi pre\u017eivela sve ove te\u0161ke, ratne i me\u0111u ratne godine\u201d, rekao je on.<\/p>\n<p>Plaketa zahvalnosti \u0161efu Predstavni\u0161tva i Predstavni\u0161tvu je dodijeljena u okviru sve\u010danog djela 103. skup\u0161tine Srpske knji\u017eevne zadruge.<\/p>\n","protected":false},"excerpt":{"rendered":"<p>Predstavnici Srpske knji\u017eevne zadruge, jedne od renomiranih i najstarijih izdava\u010dkih institucija u Srbiji, uru\u010dili su danas \u0161efu Predstavni\u0161tva Republike Srpske u Srbiji Plaketu zahvalnosti za podr\u0161ku i saradnju. Saradnik za kulturu u Predstavni\u0161tvu Republike Srpske u Srbiji Borislav Maksimovi\u0107 primaju\u0107i plaketu u ime \u0161efa Predstavni\u0161tva i Predstavni\u0161tva rekao je Srni da je posebna \u010dast dobiti&#8230;<\/p>\n","protected":false},"author":1,"featured_media":3472,"comment_status":"closed","ping_status":"closed","sticky":false,"template":"","format":"standard","meta":[],"categories":[56],"tags":[73],"_links":{"self":[{"href":"https:\/\/predstavnistvorsbg.rs\/sr-Latn\/wp-json\/wp\/v2\/posts\/4437"}],"collection":[{"href":"https:\/\/predstavnistvorsbg.rs\/sr-Latn\/wp-json\/wp\/v2\/posts"}],"about":[{"href":"https:\/\/predstavnistvorsbg.rs\/sr-Latn\/wp-json\/wp\/v2\/types\/post"}],"author":[{"embeddable":true,"href":"https:\/\/predstavnistvorsbg.rs\/sr-Latn\/wp-json\/wp\/v2\/users\/1"}],"replies":[{"embeddable":true,"href":"https:\/\/predstavnistvorsbg.rs\/sr-Latn\/wp-json\/wp\/v2\/comments?post=4437"}],"version-history":[{"count":0,"href":"https:\/\/predstavnistvorsbg.rs\/sr-Latn\/wp-json\/wp\/v2\/posts\/4437\/revisions"}],"wp:featuredmedia":[{"embeddable":true,"href":"https:\/\/predstavnistvorsbg.rs\/sr-Latn\/wp-json\/wp\/v2\/media\/3472"}],"wp:attachment":[{"href":"https:\/\/predstavnistvorsbg.rs\/sr-Latn\/wp-json\/wp\/v2\/media?parent=4437"}],"wp:term":[{"taxonomy":"category","embeddable":true,"href":"https:\/\/predstavnistvorsbg.rs\/sr-Latn\/wp-json\/wp\/v2\/categories?post=4437"},{"taxonomy":"post_tag","embeddable":true,"href":"https:\/\/predstavnistvorsbg.rs\/sr-Latn\/wp-json\/wp\/v2\/tags?post=4437"}],"curies":[{"name":"wp","href":"https:\/\/api.w.org\/{rel}","templated":true}]}}