{"id":4441,"date":"2021-06-26T10:00:32","date_gmt":"2021-06-26T08:00:32","guid":{"rendered":"https:\/\/prs2.profimediagroup.com\/uncategorized-sr-latn\/ansambl-narodnog-pozorista-srpske-gostovao-u-novom-sadu-i-beogradu\/"},"modified":"2023-04-11T20:08:34","modified_gmt":"2023-04-11T18:08:34","slug":"ansambl-narodnog-pozorista-srpske-gostovao-u-novom-sadu-i-beogradu-ltn","status":"publish","type":"post","link":"https:\/\/predstavnistvorsbg.rs\/sr-Latn\/prethodni-dogadjaji-sr-latn\/ansambl-narodnog-pozorista-srpske-gostovao-u-novom-sadu-i-beogradu-ltn\/","title":{"rendered":"Ansambl Narodnog pozori\u0161ta Srpske gostovao u Novom Sadu i Beogradu"},"content":{"rendered":"<p>Ansambl Narodnog pozori\u0161ta Republike Srpske predstavom \u201eDervi\u0161 i smrt\u201c Me\u0161e Selimovi\u0107a, u re\u017eiji Dejana Projkovskog, gostovao je u Srbiji. Prvi nastup ansambl predstave \u201eDervi\u0161 i smrt\u201c imao je u srijedu pred hiljadu ljudi u Srpskom narodnom pozori\u0161tu u Novom Sadu u takmi\u010darskoj selekciji \u201eSterijinog pozorja\u201c, koje se odr\u017eava pod sloganom \u201eZlu vremenu, uprkos\u201c.<\/p>\n<p>&nbsp;<\/p>\n<p>Direktorka Narodnog pozori\u0161ta Republike Srpske Maja Dodig istakla je da je iza njih jedan te\u017eak i izazovan period zbog pandemije.<\/p>\n<p>&#8211; Imali smo jedan vrlo izazovan period zbog epidemije virusa korona, tako da je i sama putanja koja nas je dovela do Sterijinog pozorja bila posuta izazovima koje smo uspje\u0161no rije\u0161ili \u2013 naglasila je Dodig.<\/p>\n<p>Poslije uspje\u0161nog nastupa na \u201eSterijinom pozorju\u201c u Novom Sadu, Banjalu\u010dani su se sino\u0107 (25. juna) predstavili publici u Beogradu.<\/p>\n<p>U punoj sali Velike scene nacionalnog pozori\u0161ta u Beogradu, ansambl Narodnog pozori\u0161ta Republike Srpske predstavom \u201eDervi\u0161 i smrt\u201c predstavio se zahtjevnom adaptacijom ovog Selimovi\u0107evog remek-djela.<\/p>\n<p><img title=\"Velika scena nacionalnog pozori\u0161ta u Beogradu - ansambl Narodnog pozori\u0161ta R. Srpske sa predstavom \u201eDervi\u0161 i smrt\u201c\" src=\"\/wp-content\/uploads\/prethodni\/2021\/dervis_i_smrt1.jpg\" alt=\"Velika scena nacionalnog pozori\u0161ta u Beogradu - ansambl Narodnog pozori\u0161ta R. Srpske sa predstavom \u201eDervi\u0161 i smrt\u201c\" width=\"1200\" border=\"0\" \/><\/p>\n<p>&#8211; Ovo je prvi put da smo igrali van na\u0161e ku\u0107e i jako su dobri utisci \u0161to je pokazao i veliki aplauz posle nastupa. Mislim da je to potvrda da smo napravili jednu dobru predstavu \u2013 rekao je umjetni\u010dki direktor Narodnog pozori\u0161ta Republike Srpske Vladimir \u0110or\u0111evi\u0107.<\/p>\n<p>Publika u Srbiji poslije izvedbe u Novom Sadu, nije krila odu\u0161evljenje poslije tro\u010dasovne predstave.<\/p>\n<p>&#8211; Super su bile reakcije. Ve\u0107 posle novosadskog nastupa iza\u0161le su dve kritike koje su bile odli\u010dne, i to od ozbiljnih pozori\u0161nih kriti\u010dara. Uzev\u0161i u obzir i kritiku publike, mislim da smo napravili jedan pozori\u0161ni praznik \u2013 istakao je reditelj Dejan Projkovski.<\/p>\n<p>Igranje pred beogradskom publikom na Velikoj sceni narodnog pozori\u0161ta, za mnoge umjetnike je ostvarenje gluma\u010dkog sna, posebno u kompleksnoj ulozi Ahmeda Nurudina.<\/p>\n<p>&#8211; Ovo je zaista uloga koja je jedna od najve\u0107ih u mojoj pozori\u0161noj karijeri i koju svaki glumac \u017eeli da ima. Jako je te\u0161ko, velika je obaveza biti dio ne\u010dega \u0161to je progla\u0161eno za roman vijeka kod nas. Mislim da svi treba da budemo ponosni na na\u0161e narodno pozori\u0161te \u0161to se uhvatilo u ko\u0161tac sa ovim djelom \u2013 naglasio je glumac Zlatan Vidovi\u0107.<\/p>\n<p><img title=\"Predstava \u201eDervi\u0161 i smrt\u201c\" src=\"\/wp-content\/uploads\/prethodni\/2021\/dervis_i_smrt2.jpg\" alt=\"Predstava \u201eDervi\u0161 i smrt\u201c\" width=\"1200\" border=\"0\" \/><\/p>\n<p>Predstava \u201eDervi\u0161 i smrt\u201c je unikatan tro\u010dasovni pozori\u0161ni spektakl jedinstven po zadivljuju\u0107oj scenografiji, sceni prekrivenoj pijeskom, kostimima, specifi\u010dnoj atmosferi, \u017eivotinjama na sceni, te osvjetljenju i muzici. Gostovanje Narodnog pozori\u0161ta Republike Srpske na scenama u Novom Sadu i Beogradu realizovano je uz podr\u0161ku Predstavni\u0161tva Republike Srpske u Srbiji.<\/p>\n","protected":false},"excerpt":{"rendered":"<p>Ansambl Narodnog pozori\u0161ta Republike Srpske predstavom \u201eDervi\u0161 i smrt\u201c Me\u0161e Selimovi\u0107a, u re\u017eiji Dejana Projkovskog, gostovao je u Srbiji. Prvi nastup ansambl predstave \u201eDervi\u0161 i smrt\u201c imao je u srijedu pred hiljadu ljudi u Srpskom narodnom pozori\u0161tu u Novom Sadu u takmi\u010darskoj selekciji \u201eSterijinog pozorja\u201c, koje se odr\u017eava pod sloganom \u201eZlu vremenu, uprkos\u201c. &nbsp; Direktorka&#8230;<\/p>\n","protected":false},"author":1,"featured_media":3480,"comment_status":"closed","ping_status":"closed","sticky":false,"template":"","format":"standard","meta":[],"categories":[56],"tags":[73],"_links":{"self":[{"href":"https:\/\/predstavnistvorsbg.rs\/sr-Latn\/wp-json\/wp\/v2\/posts\/4441"}],"collection":[{"href":"https:\/\/predstavnistvorsbg.rs\/sr-Latn\/wp-json\/wp\/v2\/posts"}],"about":[{"href":"https:\/\/predstavnistvorsbg.rs\/sr-Latn\/wp-json\/wp\/v2\/types\/post"}],"author":[{"embeddable":true,"href":"https:\/\/predstavnistvorsbg.rs\/sr-Latn\/wp-json\/wp\/v2\/users\/1"}],"replies":[{"embeddable":true,"href":"https:\/\/predstavnistvorsbg.rs\/sr-Latn\/wp-json\/wp\/v2\/comments?post=4441"}],"version-history":[{"count":0,"href":"https:\/\/predstavnistvorsbg.rs\/sr-Latn\/wp-json\/wp\/v2\/posts\/4441\/revisions"}],"wp:featuredmedia":[{"embeddable":true,"href":"https:\/\/predstavnistvorsbg.rs\/sr-Latn\/wp-json\/wp\/v2\/media\/3480"}],"wp:attachment":[{"href":"https:\/\/predstavnistvorsbg.rs\/sr-Latn\/wp-json\/wp\/v2\/media?parent=4441"}],"wp:term":[{"taxonomy":"category","embeddable":true,"href":"https:\/\/predstavnistvorsbg.rs\/sr-Latn\/wp-json\/wp\/v2\/categories?post=4441"},{"taxonomy":"post_tag","embeddable":true,"href":"https:\/\/predstavnistvorsbg.rs\/sr-Latn\/wp-json\/wp\/v2\/tags?post=4441"}],"curies":[{"name":"wp","href":"https:\/\/api.w.org\/{rel}","templated":true}]}}