{"id":4475,"date":"2021-06-28T10:00:42","date_gmt":"2021-06-28T08:00:42","guid":{"rendered":"https:\/\/prs2.profimediagroup.com\/uncategorized-sr-latn\/krajiske-igre-pjesme-i-obicaji-u-busijama\/"},"modified":"2023-04-11T20:19:16","modified_gmt":"2023-04-11T18:19:16","slug":"krajiske-igre-pjesme-i-obicaji-u-busijama-ltn","status":"publish","type":"post","link":"https:\/\/predstavnistvorsbg.rs\/sr-Latn\/prethodni-dogadjaji-sr-latn\/krajiske-igre-pjesme-i-obicaji-u-busijama-ltn\/","title":{"rendered":"Kraji\u0161ke igre, pjesme i obi\u010daji u Busijama"},"content":{"rendered":"<p>&#8211; Odnosi Srbije i Republike Srpske trenutno su na najvi\u0161em mogu\u0107em nivou i daju realan osnov da se ide ka o\u017eivotvorenju cilja koji \u0107e obezbijediti da srpski narod funkcioni\u0161e na jedinstvenom kulturnom i etni\u010dkom prostoru, kao i da slobodno ba\u0161tini sve ono \u0161to ga karakteri\u0161e kao narod bogate duhovne tradicije &#8211; rekao je danas <strong>direktor Predstavni\u0161tva Republike Srpske u Srbiji Mla\u0111en Cicovi\u0107<\/strong> na 21. Zavi\u010dajnom saboru &#8211; Kosidba na Bukovcu, naglasiv\u0161i da ostvarenje tog cilja nikog ne ugro\u017eava, niti remeti suverenitet zemalja u regionu, nego da upravo podrazumijeva uva\u017eavanje svih naroda koji \u017eive na Balkanu.<\/p>\n<p>&nbsp;<\/p>\n<p>Cicovi\u0107 je podsjetio da se na svim susretima najvi\u0161ih zvani\u010dnika Srpske i Srbije uvijek mogu \u010duti jasne poruke usmjerene ka regionalnoj saradnji, kao i poruke kojim se te\u017ei ka realizaciji regionalnih projekata.<\/p>\n<p>&#8211; Budu\u0107nost srpskog naroda vezana je za budu\u0107nost svih drugih naroda u regionu, ali, naravno, nikad ne\u0107emo zaboraviti da smo jedan narod sa jedinstvenom tradicijom, obi\u010dajima i kulturom &#8211; rekao je Cicovi\u0107.<\/p>\n<p>Prema njegovim rije\u010dima, izvanredne odnose Srpske i Srbije u ovom trenutku karakteri\u0161u veliki zajedni\u010dki infrastrukturni i energetski projekti.<\/p>\n<p>&#8211; Zajedno gradimo auto-puteve, evo sad i hidrocentrale, a zajedno radimo gasifikaciuju Republike Srpske. O pomo\u0107i Srbije Srpskoj ne treba tro\u0161iti puno rije\u010di, jer, jednostavno, gotovo da nema op\u0161tine ili grada u Srpskoj u kome Srbija nije finansirala neki od projekata, okrenutih boljem \u017eivotu njihovih \u017eitelja &#8211; naglasio je Cicovi\u0107.<\/p>\n<p>Cicovi\u0107 je istakao da je Zavi\u010dajni zbor u Bukovcu najbolji primjer kako ljudi koji su se trajno nastanili u Srbiji dr\u017ee \u010dvrstu vezusa svojim zavi\u010dajem i kako se promovi\u0161u i afirmi\u0161u njegove vrijednosti u krajevima gdje su se na\u0161i sunarodnici odlu\u010dili da trajno \u017eive i ono \u0161to je posebno zna\u010dajno Zbor daje doprinos ukupnim odnosima Srpske i Srbije.<\/p>\n<p>&#8211; Ovakvo dru\u017eenje daje i doprinos o\u010duvanju nacionalnog identiteta, srpskog jezika i pisma, kulture i tradicije. Uz to, sve ovo podsje\u0107a mlade generacije na zavi\u010dajne vrijednosti, koje su ovdje donijeli njihovi preci &#8211; rekao je Cicovi\u0107.<\/p>\n<p><strong>Ministar unutra\u0161njih poslova Srbije Aleksandar Vulin<\/strong> poru\u010dio je danas da nema tih pritisaka koji \u0107e natjerati Srbiju da se odrekne svoje Republike Srpske, kao i da \u0107e Srpska biti prioritet Srbije dok god je vodi predsjednik Aleksandar Vu\u010di\u0107.<\/p>\n<p><img src=\"\/wp-content\/uploads\/prethodni\/2021\/bukovac1.jpg\" width=\"1200\" border=\"0\" \/><\/p>\n<p>Ministar Vulin, koji je i otvorio ovu manifestaciju, rekao je da Srbija ne bi bila ovako lijepa i \u010duvana da u njoj nema Srba iz Republike Srpske, te da je i oni \u010dine sigurnom, \u010duvanom uspje\u0161nom i naprednom.<\/p>\n<p>Vulin je istakao da je veliki protivnik bilo kakvih podjela srpskog naroda, a posebno u Vojvodini, poru\u010div\u0161i da je Srbija matica svih Srba i da svako ko ovdje zapla\u010de, nasmije se, ima pravo da ka\u017ee da je ovo i njegova zemlja. Vulin jerekao jo\u0161 da je Republika Srpska i njegova Manja\u010da uvijek davala hrabre, dobre i \u010destite ljude.<\/p>\n<p>Ministar Vulin je posebno naglasio da ono \u0161to je dato svakom narodu na kugli zemaljskoj &#8211; da \u017eivi sa onima sa kojima dijeli ime, jezik, vjeru, uspomene &#8211; ne\u0107e mo\u0107i biti uskra\u0107eno ni srpskom narodu.<\/p>\n<p>&#8211; Najzna\u010dajniji zadatak ove generacije je da stvori srpski svijet, da nas okupi, da nas ujedini, sa\u010duva i za\u0161titi. Tamo gdje Srbin nema ni svog vojnika, sudiju, ljekara, u\u010ditelja, tamo nema ni pravde za njega, a srpski narod \u017eivi za pravdu &#8211; rekao je Vulin dodaju\u0107i da narod koji je do\u010dekao da pretekne jasenova\u010dki genocid, koji je pre\u017eivio &#8222;Oluju&#8220;, nema pravo da ponovi gre\u0161ke svojih prethodnika, da ne zaokru\u017ei svoju zemlju i ne sa\u010duva svakog Srbina, gdje god da je ro\u0111en.<\/p>\n<p><img src=\"\/wp-content\/uploads\/prethodni\/2021\/bukovac2.jpg\" width=\"1200\" border=\"0\" \/><\/p>\n<p>Pobjednik u kosidbi je, ve\u0107 \u0161esti put, kosac iz Smoljane kod Bosanskog Petrovca Mirko Kecman. U kulturno-zabavnom dijelu programa u\u010destvovali su kulturno-umjetni\u010dka dru\u0161tva, guslari, pjesnici, pjeva\u010di, kao i etno-grupe. Manifestaciju je organizovalo Zavi\u010dajno udru\u017eenje &#8222;Manja\u010da&#8220; iz Bukovca i Savez kraji\u0161kih udru\u017eenja iz Novog Sada. Predstavni\u0161tvo Republike Srpske u Srbiji ve\u0107 sedam godina podr\u017eava ovu manifestaciju kao svoju redovnu programsku aktivnost.<\/p>\n","protected":false},"excerpt":{"rendered":"<p>&#8211; Odnosi Srbije i Republike Srpske trenutno su na najvi\u0161em mogu\u0107em nivou i daju realan osnov da se ide ka o\u017eivotvorenju cilja koji \u0107e obezbijediti da srpski narod funkcioni\u0161e na jedinstvenom kulturnom i etni\u010dkom prostoru, kao i da slobodno ba\u0161tini sve ono \u0161to ga karakteri\u0161e kao narod bogate duhovne tradicije &#8211; rekao je danas direktor&#8230;<\/p>\n","protected":false},"author":1,"featured_media":3484,"comment_status":"closed","ping_status":"closed","sticky":false,"template":"","format":"standard","meta":[],"categories":[56],"tags":[73],"_links":{"self":[{"href":"https:\/\/predstavnistvorsbg.rs\/sr-Latn\/wp-json\/wp\/v2\/posts\/4475"}],"collection":[{"href":"https:\/\/predstavnistvorsbg.rs\/sr-Latn\/wp-json\/wp\/v2\/posts"}],"about":[{"href":"https:\/\/predstavnistvorsbg.rs\/sr-Latn\/wp-json\/wp\/v2\/types\/post"}],"author":[{"embeddable":true,"href":"https:\/\/predstavnistvorsbg.rs\/sr-Latn\/wp-json\/wp\/v2\/users\/1"}],"replies":[{"embeddable":true,"href":"https:\/\/predstavnistvorsbg.rs\/sr-Latn\/wp-json\/wp\/v2\/comments?post=4475"}],"version-history":[{"count":0,"href":"https:\/\/predstavnistvorsbg.rs\/sr-Latn\/wp-json\/wp\/v2\/posts\/4475\/revisions"}],"wp:featuredmedia":[{"embeddable":true,"href":"https:\/\/predstavnistvorsbg.rs\/sr-Latn\/wp-json\/wp\/v2\/media\/3484"}],"wp:attachment":[{"href":"https:\/\/predstavnistvorsbg.rs\/sr-Latn\/wp-json\/wp\/v2\/media?parent=4475"}],"wp:term":[{"taxonomy":"category","embeddable":true,"href":"https:\/\/predstavnistvorsbg.rs\/sr-Latn\/wp-json\/wp\/v2\/categories?post=4475"},{"taxonomy":"post_tag","embeddable":true,"href":"https:\/\/predstavnistvorsbg.rs\/sr-Latn\/wp-json\/wp\/v2\/tags?post=4475"}],"curies":[{"name":"wp","href":"https:\/\/api.w.org\/{rel}","templated":true}]}}