{"id":4480,"date":"2021-07-06T10:00:53","date_gmt":"2021-07-06T08:00:53","guid":{"rendered":"https:\/\/prs2.profimediagroup.com\/uncategorized-sr-latn\/cicovic-urucio-knjige-biblioteci-u-kraljevu\/"},"modified":"2023-04-11T20:27:39","modified_gmt":"2023-04-11T18:27:39","slug":"cicovic-urucio-knjige-biblioteci-u-kraljevu-ltn","status":"publish","type":"post","link":"https:\/\/predstavnistvorsbg.rs\/sr-Latn\/prethodni-dogadjaji-sr-latn\/cicovic-urucio-knjige-biblioteci-u-kraljevu-ltn\/","title":{"rendered":"Cicovi\u0107 uru\u010dio knjige biblioteci u Kraljevu"},"content":{"rendered":"<p>\u0160ef Predstavni\u0161ta Republike Srpske u Srbiji Mla\u0111en Cicovi\u0107 uru\u010dio je danas (06.07.2021.) donaciju od 300 knjiga Narodnoj biblioteci \u201eStefan Prvoven\u010dani\u201d u Kraljevu i razgovarao sa gradona\u010delnikom tog grada Predragom Terzi\u0107em o saradnji Kraljeva sa gradovima i op\u0161tinama u Srpskoj.<\/p>\n<p><img title=\"Mla\u0111en Cicovi\u0107, \u0161ef Predstavni\u0161ta R. Srpske u Srbiji sa saradnicima, u razgovaru sa gradona\u010delnikom Kraljeva Predragom Terzi\u0107em\" src=\"\/wp-content\/uploads\/prethodni\/2021\/poklon_knj_kraljevu2.jpg\" alt=\"Mla\u0111en Cicovi\u0107, \u0161ef Predstavni\u0161ta R. Srpske u Srbiji sa saradnicima, u razgovaru sa gradona\u010delnikom Kraljeva Predragom Terzi\u0107em\" width=\"1200\" border=\"0\" \/><\/p>\n<p>Cicovi\u0107 je poslije sastanka rekao da su razgovarano o saradnji u kulturi, privredi i svim ostalim oblastima i da je dogovoreno da ove godine manifestacija \u201eDani Srpske u Srbiji\u201d u septembru ima vi\u0161e programskih sadr\u017eaja u Kraljevu, da se organizuje susret privrednika iz Kraljeva i Republike Srpske i da se d\u00e2 ve\u0107i podsticaj saradnji turisti\u010dkih organizacija Kraljeva i gradova i op\u0161tina u Srpskoj.<\/p>\n<p><img title=\"Mla\u0111en Cicovi\u0107, \u0161ef Predstavni\u0161ta R. Srpske u Srbiji\" src=\"\/wp-content\/uploads\/prethodni\/2021\/poklon_knj_kraljevu3.jpg\" alt=\"Mla\u0111en Cicovi\u0107, \u0161ef Predstavni\u0161ta R. Srpske u Srbiji\" width=\"1200\" border=\"0\" \/><\/p>\n<p>\u201cVjerujem da \u0107e na\u0161a saradnja biti sadr\u017eajnija i plodotvornija i da \u0107emo dati puni doprinos onome \u0161to nam je svima najva\u017eniji zadatak, a to je o\u010duvanje na\u0161eg nacionalnog identiteta, kulture, tradicije, jezika, pisma, jer ukoliko sa\u010duvamo sve na\u0161e vrijednosti koje nas karakteri\u0161u narodom, sigurno \u0107emo imati budu\u0107nost. Radan smo narod, ne\u0107e biti problema da realizujemo sve \u0161to dogovorimo\u201d, rekao je Cicovi\u0107 i dodao da je Srbija u posljednjih osam godina predvodnik svih programa i ekonomskih projekata koji imaju regionalni karakter. Cicovi\u0107 je posebno naglasio da Republika Srpska i Srbija \u017eele da podignu saradnju na vi\u0161i nivo, ali ne na \u0161tetu bilo koga drugog.<\/p>\n<p>Govore\u0107i o dana\u0161njoj donaciji knjiga Narodnoj biblioteci u Kraljevu, Cicovi\u0107 je najavio da \u0107e u narednom periodu donirati ovoj biblioteci i odre\u0111eni broj izdanja za slijepa lica.<\/p>\n<p><img title=\"Predrag Terzi\u0107, gradona\u010delnik Kraljeva\" src=\"\/wp-content\/uploads\/prethodni\/2021\/poklon_knj_kraljevu4.jpg\" alt=\"Predrag Terzi\u0107, gradona\u010delnik Kraljeva\" width=\"1200\" border=\"0\" \/><\/p>\n<p>Gradona\u010delnik Kraljeva Predrag Terzi\u0107 se slo\u017eio sa Cicovi\u0107evom ocenom da je sradanja Srpske i Srbije u poslednjih nekoliko godina dostigla visok nivo, da su danas zaklju\u010dili da u narednom periodu bude organizovan sastanak privrednika iz Republike Srpske i iz Kraljeva i istakao va\u017enost \u0161irenja investicija i na Republiku Srpsku \u201ckako bi Srbi ostajali i opstajali i na tom podru\u010dju\u201d.<\/p>\n<p>\u201eTu \u0107emo imati zna\u010dajnu podr\u0161ku regionalne privredne komore Ra\u0161kog i Moravi\u010dkog okruga, tako da \u0107emo organizovati sastanke, kako ne bismo na\u0161u saradnju zadr\u017eali samo na saradnji izme\u0111u ustanova kulture, ve\u0107 treba i da izvozimo, zara\u0111ujemo, zapo\u0161ljavamo ljude\u201d, rekao je Terzi\u0107.<\/p>\n","protected":false},"excerpt":{"rendered":"<p>\u0160ef Predstavni\u0161ta Republike Srpske u Srbiji Mla\u0111en Cicovi\u0107 uru\u010dio je danas (06.07.2021.) donaciju od 300 knjiga Narodnoj biblioteci \u201eStefan Prvoven\u010dani\u201d u Kraljevu i razgovarao sa gradona\u010delnikom tog grada Predragom Terzi\u0107em o saradnji Kraljeva sa gradovima i op\u0161tinama u Srpskoj. Cicovi\u0107 je poslije sastanka rekao da su razgovarano o saradnji u kulturi, privredi i svim ostalim&#8230;<\/p>\n","protected":false},"author":1,"featured_media":3494,"comment_status":"closed","ping_status":"closed","sticky":false,"template":"","format":"standard","meta":[],"categories":[56],"tags":[73],"_links":{"self":[{"href":"https:\/\/predstavnistvorsbg.rs\/sr-Latn\/wp-json\/wp\/v2\/posts\/4480"}],"collection":[{"href":"https:\/\/predstavnistvorsbg.rs\/sr-Latn\/wp-json\/wp\/v2\/posts"}],"about":[{"href":"https:\/\/predstavnistvorsbg.rs\/sr-Latn\/wp-json\/wp\/v2\/types\/post"}],"author":[{"embeddable":true,"href":"https:\/\/predstavnistvorsbg.rs\/sr-Latn\/wp-json\/wp\/v2\/users\/1"}],"replies":[{"embeddable":true,"href":"https:\/\/predstavnistvorsbg.rs\/sr-Latn\/wp-json\/wp\/v2\/comments?post=4480"}],"version-history":[{"count":0,"href":"https:\/\/predstavnistvorsbg.rs\/sr-Latn\/wp-json\/wp\/v2\/posts\/4480\/revisions"}],"wp:featuredmedia":[{"embeddable":true,"href":"https:\/\/predstavnistvorsbg.rs\/sr-Latn\/wp-json\/wp\/v2\/media\/3494"}],"wp:attachment":[{"href":"https:\/\/predstavnistvorsbg.rs\/sr-Latn\/wp-json\/wp\/v2\/media?parent=4480"}],"wp:term":[{"taxonomy":"category","embeddable":true,"href":"https:\/\/predstavnistvorsbg.rs\/sr-Latn\/wp-json\/wp\/v2\/categories?post=4480"},{"taxonomy":"post_tag","embeddable":true,"href":"https:\/\/predstavnistvorsbg.rs\/sr-Latn\/wp-json\/wp\/v2\/tags?post=4480"}],"curies":[{"name":"wp","href":"https:\/\/api.w.org\/{rel}","templated":true}]}}