{"id":4481,"date":"2021-07-08T10:00:11","date_gmt":"2021-07-08T08:00:11","guid":{"rendered":"https:\/\/prs2.profimediagroup.com\/uncategorized-sr-latn\/tribina-u-beogradu-dekonstrukcija-mitova-o-sarajevskom-suzivotu-i-genocidu-u-srebrenici\/"},"modified":"2023-04-11T20:28:43","modified_gmt":"2023-04-11T18:28:43","slug":"tribina-u-beogradu-dekonstrukcija-mitova-o-sarajevskom-suzivotu-i-genocidu-u-srebrenici-ltn","status":"publish","type":"post","link":"https:\/\/predstavnistvorsbg.rs\/sr-Latn\/prethodni-dogadjaji-sr-latn\/tribina-u-beogradu-dekonstrukcija-mitova-o-sarajevskom-suzivotu-i-genocidu-u-srebrenici-ltn\/","title":{"rendered":"Tribina u Beogradu: &#8222;Dekonstrukcija mitova o sarajevskom su\u017eivotu i genocidu u Srebrenici&#8220;"},"content":{"rendered":"<p>&#8211; U Sarajevu je stradalo vi\u0161e Srba nego \u0161to je muslimana u Srebrenici! Ta istina mora do\u0107i do svakog \u010dovjeka na ovom prostoru, jer su Amerika i Evropa poku\u0161ale da proglase Republiku Srpsku za genocidnu preko la\u017ei &#8211; preuveli\u010davanjem stradalih muslimana u Srebrenici, a umanjuju\u0107i broj ubijenih Srba u Sarajevu. Za tu istinu moramo da se borimo stalno i svuda da bismo kona\u010dno zaustavili zapadnu kampanju satanizacije Srba &#8211; poru\u010deno je sa dana\u0161nje tribine \u201eDekonstrukcija mitova o sarajevskom su\u017eivotu i genocidu u Srebrenici\u201c, odr\u017eane u beogradskom Pres centru UNS-a, u organizaciji informativno-politi\u010dkih portala \u201eSve o Srpskoj\u201c i \u201eFakti\u201c.<\/p>\n<p>Za doma\u0107u i inostranu javnost, iscrpne argumentacije ovih stavova izlo\u017eili su srpski \u010dlan i predsedavaju\u0107i Predsedni\u0161tva BiH Milorad Dodik, predsjednik Nezavisne me\u0111unarodne komisije za Sarajevo Rafael Izraeli i \u010dlan te komisije Darko Tanaskovi\u0107, zatim predsjednik Nezavisne me\u0111unarodne komisije za Srebrenicu Gideon Grajf, potpredsjednik Skup\u0161tine op\u0161tine Srebrenica Radomir Pavlovi\u0107, direktor Republi\u010dkog centra za istra\u017eivanje rata, ratnih zlo\u010dina i tra\u017eenje nestalih lica Milorad Koji\u0107, advokati Branko Luki\u0107 i Goran Petronijevi\u0107, balisti\u010dar Mile Popari\u0107 i kolumnista portala SOS &#8211; politi\u010dki analiti\u010dar Aleksandar Pavi\u0107 i profesor u penziji Nenad Kecmanovi\u0107.<\/p>\n<p><img title=\"Tribinu je otvorio Mla\u0111en Cicovi\u0107, \u0161ef Predstavni\u0161tva R. Srpske u Srbiji\" src=\"\/wp-content\/uploads\/prethodni\/2021\/tribina_srebrenica_sarajevo2.jpg\" alt=\"Tribinu je otvorio Mla\u0111en Cicovi\u0107, \u0161ef Predstavni\u0161tva R. Srpske u Srbiji\" width=\"1200\" border=\"0\" \/><\/p>\n<p><strong>Mla\u0111en Cicovi\u0107<\/strong>, \u0161ef Predstavni\u0161tva Republike Srpske u Srbiji koje je podr\u017ealo dana\u0161nju tribinu, u pozdravnoj rije\u010di je ukazao da je cilj sesije da se rasvijetli \u201eono \u0161to je zamra\u010deno u sudbonosnim doga\u0111ajima s kraja pro\u0161log vijeka\u201c.<\/p>\n<p>&#8211; Na sedmoj sjednici 2019. godine Vlada Republike Srpske donijela je dva istorijska dokumenta: Rje\u0161enje o imenovanju Nezavisne me\u0111unarodne komisije za istra\u017eivanje stradanja Srba u Sarajevu u periodu 1991-1995. i Rje\u0161enje o imenovanju Nezavisne me\u0111unarodne komisije za istra\u017eivanje stradanja svih naroda u srebreni\u010dkoj regiji u periodu 1992-1995. Sada kad su objavljena oba izve\u0161taja tih nezavisnih me\u0111unarodnih komisija vidimo da je utvr\u0111ena istina. Ona ne\u0107e biti jednako primljena u svim sredinama. Oni, koji su, ne navikli, nego su ba\u0161 uporni da tu\u0111e \u017ertve pori\u010du, ili bar drasti\u010dno umanjuju, a svoje vi\u0161estruko uve\u0107avaju, ni sada ne\u0107e prestati da na tome insistiraju. Svjesni toga, shvatamo da je na\u0161a obaveza da \u0161to vi\u0161e ljudi, naroda i institucija u svijetu upoznamo sa oba ova izvje\u0161taja nezavisnih me\u0111unarodnih komisija, a istovremeno i da \u0161to vi\u0161e i \u010de\u0161\u0107e mi govorimo o istinama do kojih su te komisije do\u0161le. I ovaj skup danas je razgovor &#8211; i o tome, i na taj na\u010din, rekao je Cicovi\u0107.<\/p>\n<p><img title=\"Video obra\u0107anje srpskog \u010dlana i predsjedavaju\u0107eg Predsjedni\u0161tva BiH, Milorada Dodika\" src=\"\/wp-content\/uploads\/prethodni\/2021\/tribina_srebrenica_sarajevo3.jpg\" alt=\"Video obra\u0107anje srpskog \u010dlana i predsjedavaju\u0107eg Predsjedni\u0161tva BiH, Milorada Dodika\" width=\"1200\" border=\"0\" \/><\/p>\n<p>Srpski \u010dlan i predsjedavaju\u0107i Predsjedni\u0161tva BiH <strong>Milorad Dodik<\/strong> je u video obra\u0107anju zahvalio dana\u0161njem forumu na u\u010de\u0161\u0107u u borbi da se na objektivan na\u010din prika\u017eu doga\u0111aji tokom gra\u0111anskog rata.<\/p>\n<p>On je podsjetio da su vlasti Republike Srpske, u nekom ranijem periodu, usvojile izve\u0161taj koji je napisala me\u0111unarodna zajednica &#8211; prije svega OHR &#8211; \u201e\u0161to im je poslu\u017eilo za dodatnu satanizaciju Republike Srpske i Srba i da ih okrivi za navodni genocid u samoj Srebrenici\u201c.<\/p>\n<p>&#8211; \u0160ta vi\u0161e, ne imaju\u0107i drugu argumentaciju, sud u Hagu je \u010desto upotrebljavao taj izve\u0161taj kao glavni dokument i glavni dokaz da su vlasti RS priznale, odnosno da su one same utvrdile, i da je to stvar koja se ra\u010duna zavr\u0161enom. Mi smo odlu\u010dili da prekinemo jednu tako sramnu praksu i narodna Skup\u0161tina Republike Srpske je ukinula i poni\u0161tila taj izve\u0161taj vlade iz tog vremena, stavila ga van snage i proglasila ga neta\u010dnim. Nakon toga smo odlu\u010dili da formiramo dvije nezavisne komisije, me\u0111unarodno sastavljene od va\u017enih autoriteta iz svijeta u oblasti kojima se bave, koja bi na objektivan i stru\u010dan na\u010din &#8211; i moralno verifikovan &#8211; predo\u010dila doga\u0111aje u Srebrenici, rekao je Dodik i istakao da su komisije \u201enesumnjivo utvrdile da se u Srebrenici desio zlo\u010din-ali on je u\u010dinjen i prema Srbima i prema Bo\u0161njacima &#8211; i da rije\u010d \u201egenocid\u201c ne mo\u017ee da stoji ispred doga\u0111aja vezanih za 1995.godinu.<\/p>\n<p>Dodik je ocijenio da moramo da u\u010dinimo da to bude jasno i javnosti i da \u010dinjenice koje su iznesene \u201ebudu javno distribuirane do mjere da postanu vlasni\u0161tvo svih ljudi koji ovdje \u017eive\u201c.<\/p>\n<p>&#8211; Jer, jasno je da prevara sa kojom je i\u0161ao me\u0111unarodni faktor &#8211; da uveli\u010da stradanje u Srebrenici i da ga kvalifikuje kako \u017eeli, a da minimizira stradanje Srba u Sarajevu za vreme gra\u0111anskog rata &#8211; a sigurno je vi\u0161e Srba stradalo u Sarajevu nego \u0161to je Bo\u0161njaka stradalo u Srebrenici &#8211; govori o tome da stalno moramo biti budni i govoriti o tome, rekao je Dodik.<\/p>\n<p><img title=\"Rafael Izraeli, predsjednik Nezavisne me\u0111unarodne komisije za istra\u017eivanje stradanja Srba u Sarajevu od 1991. do 1995. godine\" src=\"\/wp-content\/uploads\/prethodni\/2021\/tribina_srebrenica_sarajevo4.jpg\" alt=\"Rafael Izraeli, predsjednik Nezavisne me\u0111unarodne komisije za istra\u017eivanje stradanja Srba u Sarajevu od 1991. do 1995. godine\" width=\"1200\" border=\"0\" \/><\/p>\n<p><strong>Rafael Izraeli<\/strong>, u intervjuu za RTRS koji je emitovan na po\u010detku skupa, podvukao je \u010dinjenicu da je u Sarajevu ishod rata koji je po\u010deo 1992. bio grad o\u010di\u0161\u0107en od Srba. Kao \u0161to su NJema\u010dka i Evropa bile o\u010di\u0161\u0107ene od Jevreja. To etni\u010dko \u010di\u0161\u0107enje su sproveli Bo\u0161njaci, Hrvati, NATO snage i mud\u017eahedini koji su svakodnevno sa naoru\u017eanjem stizali iz Teherana.<\/p>\n<p>&#8211; Zar zapadnim silama nije bilo dovoljno \u0161to su bombardovale Srbe? Zar su morale da dovode u Bosnu i muslimane sa strane &#8211; \u00a0koji su bili neprijateljski\u00a0 raspolo\u017eeni\u00a0 prema\u00a0 SAD\u00a0\u00a0 i\u00a0\u00a0 NATO &#8211; ali\u00a0 su ih ipak anga\u017eovali. Zapad ih je snabdjeo oru\u017ejem da bi se borili protiv Srba. Zato su nakon 1992. u Sarajevo, gde su Srbi najvi\u0161e stradali, iz Teherana svakodnevno stizali avioni, a Iranci tim avionima nisu slali ni slatki\u0161e ni medicinske sestre, nego su bili puni naoru\u017eanja i mud\u017eahedina iz Avganistana, Tunisa, Maroka, Saudijske Arabije, Jemena, Irana i Katara. Mud\u017eahedine je naoru\u017eavao i Zapad, a pomagali su bosanskim i NATO snagama da poraze Srbe.<\/p>\n<p>Izraeli je naro\u010dito objasnio da je ovo pratila ogromna zapadna medijska kampanja u kojoj se govorilo o u\u017easima koje su po\u010dinili Srbi, i \u201eda, bilo je ubijanja i ranjavanja sa strane Srba\u201c, ali \u201esvako ko smatra da su Srbi bili preo\u0161tri prema Hrvatima i Bo\u0161njacima treba da se sjeti da Srbi nisu zaboravili u\u017ease Drugog svjetskog rata i odlu\u010dili su da ne dozvole da im se u\u017easi ponove\u201c.<\/p>\n<p>&#8211; Najtu\u017enije je to \u0161to su (nakon 1992) desetine hiljada srpskog stanovni\u0161tva bile primorane da odu iz grada, a hiljade Srba su ubili Hrvati i muslimani u Sarajevu. Sarajevo je tako postalo grad o\u010di\u0161\u0107en od Srba. Prije nego \u0161to su napustili grad\u2013 pretrpjeli su ogromna stradanja &#8211; ubistva, mu\u010denja, silovanja. Za stradanja u Bosni velika je odgovornost i na Bo\u0161njacima i Hrvatima i njihovim saveznicima, ocjenio je Izraeli.<\/p>\n<p>Formiranje komisija, njihov rad i predstavljanje izve\u0161taja pratila je kampanja optu\u017ebi za \u201epla\u0107eni\u010dki revizionizam\u201c.<\/p>\n<p><img title=\"G. Darko Tanaskovi\u0107\" src=\"\/wp-content\/uploads\/prethodni\/2021\/tribina_srebrenica_sarajevo5.jpg\" alt=\"G. Darko Tanaskovi\u0107\" width=\"1200\" border=\"0\" \/><\/p>\n<p>Ukazuju\u0107i na ovu \u010dinjenicu, <strong>Darko Tanaskovi\u0107<\/strong> je ocjenio da je u cijeloj konstrukciji \u201ehisteri\u010dnih i stereotipnih optu\u017ebi\u201c mogla da se \u010duje samo jedna kritika \u2013 da u izve\u0161taju \u201enema dovoljno sadr\u017eine o stradanju Srba jer nema relevantnih \u010dinjenica i podataka o ovoj temi\u201c, pa su, kako je ukazao Tanaskovi\u0107, Bo\u0161njaci zaklju\u010dili da je neodr\u017eiva i teza o masovnom stradanju sarajevskih Srba.<\/p>\n<p>Tanaskovi\u0107 je opovrgao ove kritike ukazuju\u0107i da je u integralnoj verziji Izve\u0161taja od 800 strana, \u010dak 300 strana posve\u0107eno ovoj temi. I ne samo da je stradanju Srba posve\u0107eno \u201eobjektivno proporcionalno prostora\u201c, nego su date i \u0161iroke informacije o socijalnom, politi\u010dkom, ideolo\u0161kom kolektivno-psiholo\u0161kom i informativno-medijskom kontekstu u kome su se desili zlo\u010dini nad Srbima.<\/p>\n<p>&#8211; Na\u0161a ciljna grupa je me\u0111unarodna intelektualna javnost i zato smo vodili ra\u010duna da Izve\u0161taj, koji u \u0161iroj verziji ima 1200 strana, daje pregled svih okolnosti koje su to stradanje Srba rezultativno i posljedi\u010dno uzrokovale \u2013 naglasio je Tanaskovi\u0107 i ocijenio da je Izve\u0161taj pokazao da je Sarajevo bilo grad mu\u010denik, ali su u njemu stradali svi gra\u0111ani i nije bilo mogu\u0107e isklju\u010diti stradanje srpske zajednice.<\/p>\n<p><img title=\"G. Nenad Kecmnovi\u0107\" src=\"\/wp-content\/uploads\/prethodni\/2021\/tribina_srebrenica_sarajevo6.jpg\" alt=\"G. Nenad Kecmnovi\u0107\" width=\"1200\" border=\"0\" \/><\/p>\n<p><strong>Nenad Kecmnovi\u0107<\/strong> je objasnio da je to bio proces u kome je Sarajevo od najve\u0107eg srpskog grada (posle Beograda ), pretvoreno u dana\u0161nji islamski kosmopolis i da je \u201ezlo\u010din nad sarajevskim Srbima bio najve\u0107e etni\u010dko \u010distili\u0161te u BiH u kome je o\u010di\u0161\u0107eno 90 odsto predratnih Srba\u201c.<\/p>\n<p>&#8211; To je smi\u0161ljen i sistematski realizovan plan Alije Izetbegovi\u0107a i njegove islamisti\u010dke vlasti u Sarajevu, uz podr\u0161ku Zapada koji im je pomogao i odustao od prve verzije Dejtonskog sporazuma gde je Sarajevo trebalo da bude distrikt, rekao je Kecmanovi\u0107, koji je dao iscrpnu sliku terora sa kojim se suo\u010davalo obi\u010dno srpsko stanovni\u0161tvo i tokom rata i posle njega, kada je OHR pozivao Srbe da ostanu, a Izetbegovi\u0107 prijetio odmazdom.<\/p>\n<p>Kecmanovi\u0107 je posebno ukazao da 150 hiljada Srba koji su o\u010di\u0161\u0107eni iz Sarajeva vi\u0161estruko ve\u0107i nego ukupan broj Bo\u0161njaka i Hrvata koji su napustili Banjaluku, Doboj, Trebinje, Bijeljinu i ostale gradove Repubike Srpske.<\/p>\n<p>&#8211; Po\u0161to ne mogu da ospore popisnu statistiku, bo\u0161nja\u010dke Sarajlije tvrde da je grad i bez Srba sa\u010duvao kosmopolitski duh. Da, mo\u017eda je Sarajevo i postalo kosmopolis, ali islamski kosmopolis Turaka, Iranaca, Saudijaca, Arapa i drugih nacionalnosti iz zemalja Bliskog istoka, a od hri\u0161\u0107ana su ostali samo pripadnici stranih ambasada, objasnio je Kecmanovi\u0107.<\/p>\n<p><img title=\"G. Branko Luki\u0107\" src=\"\/wp-content\/uploads\/prethodni\/2021\/tribina_srebrenica_sarajevo7.jpg\" alt=\"G. Branko Luki\u0107\" width=\"1200\" border=\"0\" \/><\/p>\n<p><strong>Branko Luki\u0107<\/strong> je objasnio da u ovom procesu \u201ekoji za cilj ima stvaranje \u0161erijatske dr\u017eave u srcu Evrope\u201c, posebnu ulogu ima sud u Hagu, koji je, povodom Sarajeva, imao zadatak da odr\u017ei mit o stradanju muslimana, a ne Srba.<\/p>\n<p>Ta slika je stvorena preko stranih i muslimanskih medija koji su, kako je naveo Luki\u0107, \u201eskuvali\u201c i pri\u010du o 300.000 ubijenih muslimana i 60.000 silovanih muslimanki u junu i julu 1992, \u201ekao \u0161to su i navodna snajperisanja i granatiranja iz optu\u017enice Mladi\u0107u bila inscenacija muslimanskih vlasti\u201c.<\/p>\n<p>&#8211; Strati\u0161ta Srba na Kazanima i po smetli\u0161tima Sarajeva su dobro poznata, ali ni do dan danas muslimanske vlasti ne \u017eele da otkriju sve lokacije na kojima su pokopani i ubijeni sarajevski Srbi. Sud nam nije dozvolio da govorimo o stradanju Srba u Sarajevu. Vlast Alije Izetbegovi\u0107a je Srbe dr\u017eala kao zarobljenike cijeli rat. Sarajevo je cijelo bilo logor za Srbe, jer Sarajevo nisu mogli da napuste, jer su bili kori\u0161\u0107eni kao \u017eivi \u0161tit. Ista sudbina je od 1993. do Va\u0161ingtonskog sporazuma zadesila i Hrvate. Pripadnici me\u0111unarodne zajednice u Sarajevu koji su htjeli da budu objektivni, bili su progonjeni i odstranjeni. To je rekao svjedok Tu\u017eila\u0161tva! Izjave tih svjedoka sud nije htio da \u010duje. Nisu htjeli da \u010duju da je u ratu bio jo\u0161 neko, a ne samo Srbi. Sudije su radile prema agendi koju su dobili i svako izno\u0161enje istine im je smetalo. Na na\u0161e argumente bi rekli da to nije predmet optu\u017eenja i da nemamo pravo da iznosimo dokaze u tom pravcu, rekao je Luki\u0107.<\/p>\n<p>Namjera odbrane nikada nije bila \u201ezub za zub\u201c, nego smo htjeli da doka\u017eemo da je u sukobu postojala druga strana. Karad\u017ei\u0107 je dobro konstatovao u jednom pismu koje mi je uputio: \u201eizgleda da smo bokser koji je u ringu i ma\u0161e rukavicama, a nema druge strane\u201c. Hag je tako postavio pitanje ratnih sukoba u BiH &#8211; kao da je postojala samo jedna strana, rekao je Luki\u0107.<\/p>\n<p>Na kraju je\u00a0 ocijenio da u posljeratnom Sarajevu ni jedan Srbin nije bio dovoljno mali Srbin ili dovoljno veliki izdajnik da bi bio dovoljno dobar da mo\u017ee da ostane da mirno \u017eivi u Sarajevu, a odlaze i Hrvati.<\/p>\n<p><img title=\"G. Mile Popari\u0107\" src=\"\/wp-content\/uploads\/prethodni\/2021\/tribina_srebrenica_sarajevo8.jpg\" alt=\"G. Mile Popari\u0107\" width=\"1200\" border=\"0\" \/><\/p>\n<p><strong>Mile Popari\u0107<\/strong> je ukazao da su ve\u0107 na po\u010detku rata po\u010deli pregovori o statusu Sarajeva i da je Karad\u017ei\u0107 predlagao da to bude otvoreni grad \u201eali su muslimani i me\u0111unarodna zajednica to odbili i tako potpisali smrtnu presudu za 11 000 Srba koji su tamo \u017eivjeli\u201c.<\/p>\n<p>Bo\u0161njaci su, prema njegovim rije\u010dima, imali dva osnovna cilja muslimanskih vlasti u Sarajevu. Prvi je bio izazivanje oru\u017eanih sukoba i stvaranje \u0161to gorih uslova za \u017eivot gra\u0111ana Sarajeva radi odr\u017eavanja fokusa svjetske javnosti na Sarajevo i stvaranje nepodno\u0161ljivih uslova za \u017eivot Srba koji \u0107e ih podsta\u0107i da trajno napuste grad, rekao je Popari\u0107 i kao jedan od primjera dokle je i\u0161lo ugnjetavanje Srba bio je i apsurdan slu\u010daj Srbina koji je bio optu\u017een da je ogledalom usmjeravao rakete.<\/p>\n<p>Oformljene su, kako je naveo, i paravojne formacije sa zadatkom da upadaju u stanove i zlostavljaju Srbe, a mahom su bile sastavljene od kriminalaca. Izetbegovi\u0107 je formirao i jedinicu za likvidacije koja se zvala \u201e\u0160eve\u201c.<\/p>\n<p>Drugi cilj je, kako je ukazao Popari\u0107, bila propaganda koja je trebalo da izazove intervenciju stranih sila jer su bo\u0161njaci znali da ne mogu da sami pobjede Srbe. Muslimani su radi propagandne slike, izazivali incidente kao \u0161to su bili po\u017eari, prekid vodosnabdijevanja i sli\u010dno.<\/p>\n<p>On je istakao da je u propagandnom dijelu rata u\u010destvovao i UNPROFOR i najve\u0107e svjetske informativne agencije &#8211; da bi se stvorila la\u017ena slika o de\u0161avanjima u Sarajevu.<\/p>\n<p>Popari\u0107 je posebno istakao manipulacije dokazima i inscenacije u brojnim slu\u010dajevima koji su se na\u0161li pred sudom u Hagu.<\/p>\n<p>&#8211; U slu\u010daju snajperskih dejstava o kojima je sud u Hagu presu\u0111ivao u slu\u010daju Karad\u017ei\u0107a i Mladi\u0107a, stru\u010dne analize srpske strane dokazale da za to nije bila kriva vojska Republike Srpske. Naravno, \u0161ta je dokazano je jedno, a \u0161ta presu\u0111eno, to je drugo, ukazao je Popari\u0107.<\/p>\n<p><img title=\"Inserti iz intervjua Gideona Grajfa, predsjednika Nezavisne me\u0111unarodne komisije za istra\u017eivanje stradanja svih naroda u srebreni\u010dkoj regiji u periodu od 1992. do 1995.\" src=\"\/wp-content\/uploads\/prethodni\/2021\/tribina_srebrenica_sarajevo8_1.jpg\" alt=\"Inserti iz intervjua Gideona Grajfa, predsjednika Nezavisne me\u0111unarodne komisije za istra\u017eivanje stradanja svih naroda u srebreni\u010dkoj regiji u periodu od 1992. do 1995.\" width=\"1200\" border=\"0\" \/><\/p>\n<p>U drugom dijelu sesije, eksperti su govorili o Izve\u0161taju Me\u0111unarodne komisije za Srebrenicu. Predsjednik te komisije svjetski ekspert <strong>Gideon GRAJF<\/strong> je &#8211; u intervjuu za RTRS koji je emitovan na dana\u0161njem skupu \u2013 ukazao na istorijski zna\u010daj rada Komisije koja je ispravila nepravdu prema Srbima.<\/p>\n<p>\u201eKada sam izvje\u0161taj na\u0161e komisije uru\u010dio premijeru Vi\u0161kovi\u0107u i predsjedavaju\u0107em Predsjedni\u0161tva BiH Dodiku \u2013 kao da su se oglasila zvona istorije\u201c, rekao je na po\u010detku Grajf.<\/p>\n<p>&#8211; Niti jedne sekunde nije bilo pritiska ni na koga od \u010dlanova komisije, ni sa jedne strane. Bili smo nezavisni u radu hiljadu odsto i do\u0161li smo do dva glavna zaklju\u010dka&#8230;\u00a0 Ja sam Jevrejin i znam \u0161ta je genocid. Meni niko ne mo\u017ee da ka\u017ee \u0161ta je genocid, Srebreni\u010dki doga\u0111aji ni na koji na\u010din nisu genocid. Mi smo to dokazali, to nije na\u0161e mi\u0161ljenje. Nije se radilo o genocidu, to se ne mo\u017ee nazvati genocidom. Po\u010dinjen je zlo\u010din, ali se taj zlo\u010din ne mo\u017ee nazivati \u201egenocidom\u201c, rekao je Grajf.<\/p>\n<p>Drugi zaklju\u010dak se odnosi na broj \u017ertava.<\/p>\n<p>&#8211; Korigovali smo broj \u017ertava. Nije bilo vi\u0161e od 3.714 \u017ertava. Ovaj broj treba da bude zapisan u istoriji, ni manje, ni vi\u0161e. Svaki \u010dovjek koji umre je tragedija \u2013 bio je izri\u010dit Grajf.<\/p>\n<p>On je ponovio da \u201egenocid podrazumjeva namjeru, a u ovom slu\u010daju nije postojala namjera\u201c, a \u201eoni koji dalje koriste termin \u201egenocid\u201c \u2013 imaju lo\u0161e namjere\u201c, upozorio je ovaj vode\u0107i svjetski ekspert za genocid.<\/p>\n<p>On je ukazao i da je Komisija bila sastavljena od deset izuzetnih eksperata za koje su \u010dinjenice bile jedini parametar za ovaj dvogodi\u0161nji rad.<\/p>\n<p><img title=\"G. Milorad Koji\u0107\" src=\"\/wp-content\/uploads\/prethodni\/2021\/tribina_srebrenica_sarajevo9.jpg\" alt=\"G. Milorad Koji\u0107\" width=\"1200\" border=\"0\" \/><\/p>\n<p><strong>Milorad Koji\u0107<\/strong> je rekao da su i Izraeli i Grajf trpjeli pritiske svojih dr\u017eava da odustanu od Komisije, neki \u010dlanovi su gubili svoje pozicije u zemljama odakle dolaze, a poseban problem za rad je bilo odbijanje bo\u0161nja\u010dkih institucija da sara\u0111uju.<\/p>\n<p>&#8211; Bio je izazov kako sa\u010duvati rad Komisije i dobili smo vi\u0161e od 1200 strana njenog Izve\u0161taja. Pored engleskog, on \u0107e biti preveden i na ruski, nema\u010dki, francuski i kineski, te preko srpskih diplomatskih predsedni\u0161tava dostavljen svim relevantnim adresama u svijetu, najavio je Koji\u0107 i dodao da je Vlada RS primila k znanju Izve\u0161taj, i iako on nije njeno vlasni\u0161tvo, pomo\u0107i \u0107e u promovisanju tog izve\u0161taja koji \u0107e Komisija dalje braniti.<\/p>\n<p>On je na po\u010detku izlaganja \u00a0ukazao da za dekonstrukciju Srebrenice treba objasniti da je taj konstrukt nastao jer je \u201evelikim zapadnim silama trebao narativ o zlo\u010dinu koji \u0107e podsje\u0107ati na nacisti\u010dke zlo\u010dine kako bi legitimizovali ideju odr\u017eanja NATO pakta nakon raspada Var\u0161avskog pakta. Uz to, NATO je na ovom polju dovr\u0161io transformaciju ka intervencionizmu. Istovremeno, Bo\u0161njacima kao tek progla\u0161enoj naciji trebao je kohezivni faktor i on je prona\u0111en u \u201evelikom stradanju\u201c, a danas im je od koristi jer \u201eviktimizacijom svog kolektiva o\u010dekuju dalje politi\u010dke benefite\u201c.<\/p>\n<p>&#8211; Na osnovu toga \u017eele se proizvesti politi\u010dke posljedice na preure\u0111enju dejtonske Bosne i\u00a0\u00a0 Hercegovine i ukidanje Republike Srpske &#8211; podvukao je Koji\u0107.<\/p>\n<p>Koji\u0107 je rekao da je Komisija utvrdila i srpske \u017ertve u periodu od 1992. godine pa do jula 1995. kada je stradalo oko 2665 Srba.<\/p>\n<p>&#8211; U srednjem Podrinju su muslimanske snage na \u010delu sa Naserom Ori\u0107em\u00a0 a uz potpunu\u00a0\u00a0 koordinaciju i znanje muslimanskog politi\u010dkog i vojnog rukovodstva u Sarajevu, izvr\u0161ile sistematske masovne zlo\u010dine i etni\u010dko \u010di\u0161\u0107enje srpskog stanovni\u0161tva na teritoriji od oko 900 km2 na dijelovima pet op\u0161tina u toj regiji &#8211; naveo je Koji\u0107.<\/p>\n<p>On je ukazao da \u201eako bi nastavili da Srebrenicu nazivamo genocidom, obezvrijedili bi se oni izvorni su\u0161tinski, \u0161kolski\u00a0 primjeri genocida, pogotovo u vremenu Drugog svjetskog rata \u2013 konkretno genocid nad Srbima u NDH, kojima je na teritoriji NDH bilo namijenjeno potpuno uni\u0161tenje \u0161to je samo po sebi genocid\u201c.<\/p>\n<p>Koji\u0107 je istakao niz primjera o odgovornosti Zapada u stvaranju konstrukta \u201eSrebrenica\u201c, me\u0111u kojima i to da \u201epostoji veliki broj dokumenata i izvje\u0161taja UN snaga u ovoj enklavi koji nedvosmisleno svjedo\u010de da su isti bili svjesni postojanja cijele divizije tzv. ARBiH i da su o tome redovno izvje\u0161tavali svoje nadre\u0111ene u Sarajevu, Zagrebu i NJujorku kao i svoje ministarstvo odbrane u Holandiji, te se name\u0107e i pitanje njihove eventualne odgovornosti.<\/p>\n<p><img title=\"G. Aleksandar Pavi\u0107\" src=\"\/wp-content\/uploads\/prethodni\/2021\/tribina_srebrenica_sarajevo9_1.jpg\" alt=\"G. Aleksandar Pavi\u0107\" width=\"1200\" border=\"0\" \/><\/p>\n<p><strong>Aleksandar Pavi\u0107<\/strong> je poru\u010dio da srpski narod mora da krene u kontraofanzivu, jer je operacija \u201eSrebrenica\u201d jo\u0161 u toku &#8211; \u010dak se i poja\u010dava!<\/p>\n<p>&#8211; Mi treba da prestanemo da se posipamo pepelom. Oni protiv nas vode psiholo\u0161ki rat zamjenom teza. Odbijam da govorim dalje o srpskim zlo\u010dinima dok i druga strana ne prizna svoje zlo\u010dine. Mi imamo kulturu da po\u0161tujemo \u017ertve, a oni svojima manipuli\u0161u. Mi moramo da prestanemo da se pravdamo svojim d\u017eelatima. Oni sad ho\u0107e da zavr\u0161e posao koji su po\u010deli devedesetih. Ako se ne branimo ima\u0107emo goru situaciju nego devedesetih &#8211; rekao je Pavi\u0107.<\/p>\n<p>On je ocijenio da je \u201eva\u017ean doprinos tome i ovaj Izve\u0161taj, ali da se \u201e\u010dak i na tom primeru vidi da se srpska strana i dalje upinje da ima izbalansiran pristup, za razliku od neprijateljske strane, koja svoje zlo\u010dine ne priznaje ili ih drasti\u010dno umanjuje\u201c.<\/p>\n<p>&#8211; Nije li vrijeme da Srbi, prije nego \u0161to uop\u0161te pristanu da po\u010dnu da govore o zlo\u010dinima\u00a0 po\u010dinjenim\u00a0 sa\u00a0 svoje strane, insistiraju da prvo sve druge strane priznaju zlo\u010dine koje su po\u010dinili protiv Srba? I, jo\u0161 va\u017enije, da priznaju svoju odgovornost za zapo\u010dinjanje rata na tlu biv\u0161e SFRJ, pa i u Bosni i Hercegovini, odnosno zlo\u010din protiv mira. Dok se to ne desi, pravi i izmi\u0161ljeni &#8211; a oni su u ogromnoj ve\u0107ini &#8211; srpski zlo\u010dini ne treba da budu vi\u0161e tema u srpskim razgovorima sa pravim po\u010diniocima agresije, prvog i najve\u0107eg zlo\u010dina &#8211; rekao je Pavi\u0107.<\/p>\n<p>Pavi\u0107 je dodatno ukazao i na to da Srbi treba da pokucaju na partnerska vrata Kine koja i sama ima problem sa Ujgurima u Sin\u0111jangu.<\/p>\n<p><img title=\"G. Goran Petronijevi\u0107\" src=\"\/wp-content\/uploads\/prethodni\/2021\/tribina_srebrenica_sarajevo9_2.jpg\" alt=\"G. Goran Petronijevi\u0107\" width=\"1200\" border=\"0\" \/><\/p>\n<p><strong>Goran Petronijevi\u0107<\/strong> je ukazao da istorijskim istinama nisu potrebne rezolucije, deklaracije niti zabrane negiranja, ali \u201eo\u010digledno je da najve\u0107i dio me\u0111unarodne stru\u010dne i lai\u010dke javnosti, shvata da, ono \u0161to se dogodilo u Srebrenici, nema elemente genocida\u201c.<\/p>\n<p>&#8211; Zato, dio me\u0111unarodne zajednice kome savjest nije \u010dista povodom izazivanja i\u00a0\u00a0 podstrekavanja doga\u0111aja u Srebrenici, poku\u0161ava da rezolucijama osna\u017ei manjkave zaklju\u010dke Ha\u0161kog tribunala i svoju krivicu prebaci na Srbe. Ovakve tendencije su posebno vidljive nakon sprje\u010davanja ruskim vetom usvajanja Britanske rezolucije o Srebrenici pred Savetom bezbjednosti. Prijedlozi rezolucija, koje se nasilno nude parlamentima u regionu biv\u0161e Jugoslavije, ali i \u0161ire, predstavljaju ni\u0161ta drugo do modifikovanu Britansku rezoluciju, koja je do\u017eivjela neuspjeh pred SBUN &#8211; zaklju\u010dio je Petronijevi\u0107.<\/p>\n<p>On je ocijenio da ovaj Izve\u0161taj mora postati obavezni dio svakog razgovora o Srebrenici , a mo\u017eda i osnov za neku budu\u0107u reviziju.<\/p>\n<p>&#8211; Ako neko zna kako treba raditi na otkrivanju i procesuiranju genocida to su Jevreji. Treba otvoreno krenuti sa ovom tezom &#8211; ako vi (koji izve\u0161taj sporite) tvrdite da ovi ljudi la\u017eu, stavljate im u hipoteku znak pitanja nad kredibilitetom i kredibilitetom Jad Va\u0161ema i drugih institucija koje se ovima bave &#8211; rekao je Petronijevi\u0107.<\/p>\n<p>I on je, kao i svi prethodni u\u010desnici, ukazao na opasnost od dono\u0161enja zabrane negiranja genocida u Srebrenici i ukazao da je to, uz deklaracije i rezolucije, zapravo jo\u0161 jedan dokaz sumnje u rad i presude Ha\u0161kog tribunala.<\/p>\n<p><img title=\"G. Radomir Pavlovi\u0107\" src=\"\/wp-content\/uploads\/prethodni\/2021\/tribina_srebrenica_sarajevo9_3.jpg\" alt=\"G. Radomir Pavlovi\u0107\" width=\"1200\" border=\"0\" \/><\/p>\n<p><strong>Radomir Pavlovi\u0107<\/strong> je ocijenio da istorijski \u00a0projekat Srebrenica treba Bo\u0161njacima da ostvare ratni cilj \u201eIslamske deklaracije\u201c Alije Izetbegovi\u0107a o unitarnoj dr\u017eavi, a kvalifikacija genocida da bi dobili ratnu od\u0161tetu od Srbije i drugih zemalja koje su bile u za\u0161ti\u0107enoj zoni Srebrenice (Holandija, Kanada&#8230;) kako bi se taj mit o Srebrenici nastavio.<\/p>\n<p>&#8211; Cilj zapadnih evropskih zemalja je da preko Bo\u0161njaka naprave reviziju istorije na Srebrenici i da Srbi kao narod koji je dao najvi\u0161e \u017ertava u 20. vijeku bude progla\u0161en genocidnim da bi genocid Nijemaca nad Srbima i Jevrejima u drugom svjetskom ratu bio sklonjen u stranu. Zato smo mi usvojili Rezoluciju o stradanju srpskog naroda u Srebrenici u 20. vijeku kako ne bi stalna pri\u010da o genocidu postala stvarnost i kako bi se na\u0161e institucije po\u010dele ozbiljno baviti sadr\u017eajem ove rezolucije &#8211; rekao je Pavlovi\u0107.<\/p>\n<p>On je podsjetio na zapanjuju\u0107e \u010dinjenice o odgovornosti me\u0111unarodnog faktora, ali i podsjetio na to da je u istoriji srpski narod u Podrinju u oba rata stradao od muslimana i Hrvata koji su se borili na strani austrougarskih i nema\u010dkih jedinica.<\/p>\n<p>&#8211; Mirovne snage nisu razoru\u017eale muslimansku vojsku u za\u0161ti\u0107enoj zoni Srebrenica nego su \u00a0obezbje\u0111ivale upade muslimanskih teroristi\u010dkih grupa u srpske prostore van enklave i ubijanje nedu\u017enih civila. U enklavu, iako za\u0161ti\u0107ena zona, nisu dozvolili niti jednom Srbinu povratak na njegovu imovinu iako je po popisu iz\u00a0 1991. godine\u00a0 na podru\u010dju enklave Srebrenica \u017eivjelo 3.462 Srbina, od toga 1.632 u gradu Srebrenica. Do 18. 04. 1993. godine svi su Srbi protjerani, a mnogi su i ubijeni. NJihova imovina je uni\u0161tena i uzurpirana. U de\u0161avanjima u i oko Srebrenice u julu 1995.godine mirovne snage bile su na strani muslimanske vlasti i vojske &#8211; rekao je Pavlovi\u0107.<\/p>\n<p>\u201eMi Srbi moramo imati svoj memorijalni centar u Srebrenici. NJegov osniva\u010d treba da bude Vlada Republike Srpske. Moramo imati plan i strategiju, stalnu propagandu, kalendar aktivnosti. Osveta Bo\u0161njaka zapisana u Memorijalnom centu u Poto\u010darima ne smije biti pravda. Moramo obilje\u017eiti sva mjesta srpskih stradanja. Na\u0161a borba za istinu i pravdu mora biti institucionalna i trajna &#8211; rekao je Pavlovi\u0107.<\/p>\n","protected":false},"excerpt":{"rendered":"<p>&#8211; U Sarajevu je stradalo vi\u0161e Srba nego \u0161to je muslimana u Srebrenici! Ta istina mora do\u0107i do svakog \u010dovjeka na ovom prostoru, jer su Amerika i Evropa poku\u0161ale da proglase Republiku Srpsku za genocidnu preko la\u017ei &#8211; preuveli\u010davanjem stradalih muslimana u Srebrenici, a umanjuju\u0107i broj ubijenih Srba u Sarajevu. Za tu istinu moramo da&#8230;<\/p>\n","protected":false},"author":1,"featured_media":3496,"comment_status":"closed","ping_status":"closed","sticky":false,"template":"","format":"standard","meta":[],"categories":[56],"tags":[73],"_links":{"self":[{"href":"https:\/\/predstavnistvorsbg.rs\/sr-Latn\/wp-json\/wp\/v2\/posts\/4481"}],"collection":[{"href":"https:\/\/predstavnistvorsbg.rs\/sr-Latn\/wp-json\/wp\/v2\/posts"}],"about":[{"href":"https:\/\/predstavnistvorsbg.rs\/sr-Latn\/wp-json\/wp\/v2\/types\/post"}],"author":[{"embeddable":true,"href":"https:\/\/predstavnistvorsbg.rs\/sr-Latn\/wp-json\/wp\/v2\/users\/1"}],"replies":[{"embeddable":true,"href":"https:\/\/predstavnistvorsbg.rs\/sr-Latn\/wp-json\/wp\/v2\/comments?post=4481"}],"version-history":[{"count":0,"href":"https:\/\/predstavnistvorsbg.rs\/sr-Latn\/wp-json\/wp\/v2\/posts\/4481\/revisions"}],"wp:featuredmedia":[{"embeddable":true,"href":"https:\/\/predstavnistvorsbg.rs\/sr-Latn\/wp-json\/wp\/v2\/media\/3496"}],"wp:attachment":[{"href":"https:\/\/predstavnistvorsbg.rs\/sr-Latn\/wp-json\/wp\/v2\/media?parent=4481"}],"wp:term":[{"taxonomy":"category","embeddable":true,"href":"https:\/\/predstavnistvorsbg.rs\/sr-Latn\/wp-json\/wp\/v2\/categories?post=4481"},{"taxonomy":"post_tag","embeddable":true,"href":"https:\/\/predstavnistvorsbg.rs\/sr-Latn\/wp-json\/wp\/v2\/tags?post=4481"}],"curies":[{"name":"wp","href":"https:\/\/api.w.org\/{rel}","templated":true}]}}