{"id":4523,"date":"2021-08-17T10:00:59","date_gmt":"2021-08-17T08:00:59","guid":{"rendered":"https:\/\/prs2.profimediagroup.com\/uncategorized-sr-latn\/festival-licidersko-srce-na-zlatiboru-i-u-visegradu\/"},"modified":"2023-04-11T23:47:43","modified_gmt":"2023-04-11T21:47:43","slug":"festival-licidersko-srce-na-zlatiboru-i-u-visegradu-ltn","status":"publish","type":"post","link":"https:\/\/predstavnistvorsbg.rs\/sr-Latn\/prethodni-dogadjaji-sr-latn\/festival-licidersko-srce-na-zlatiboru-i-u-visegradu-ltn\/","title":{"rendered":"Festival &#8222;Licidersko srce&#8220; na Zlatiboru i u Vi\u0161egradu"},"content":{"rendered":"<p>Tre\u0107i dan festivala Licidersko srce je na Zlatiboru i u Vi\u0161egradu, jedan dio djece je sa programom na Zlatiboru, drugi je u Vi\u0161egradu nakon plovidbe kanjonom rjeke Drine i defilea sa vi\u0161egradske \u0106uprije odr\u017eao koncert u Andri\u0107gradu.<\/p>\n<p>&nbsp;<\/p>\n<p>Festival folklora \u201eLicidersko srce\u201d danas je u Andri\u0107gradu okupio u\u010desnike iz Moldavije, Bugarske, Sjeverne Makedonije, Gruzije, Srbije i Republike Srpske.<\/p>\n<p><img title=\"Folklorne igraonice u Andri\u0107gradu\" src=\"\/wp-content\/uploads\/prethodni\/2021\/ls_treci_dan3.jpg\" alt=\"Folklorne igraonice u Andri\u0107gradu\" width=\"1200\" border=\"0\" \/><\/p>\n<p>Festivalskom danu u Andri\u0107gradu prethodila je folklorna igraonica, nakon \u010dega je za u\u010desnike odr\u017ean prijem u op\u0161tini Vi\u0161egrad.<\/p>\n<p><img title=\"Mladen \u0110urevi\u0107, na\u010delnik op\u0161tine Vi\u0161egrad, primio veliki broj gostiju i novinara\" src=\"\/wp-content\/uploads\/prethodni\/2021\/ls_treci_dan4.jpg\" alt=\"Mladen \u0110urevi\u0107, na\u010delnik op\u0161tine Vi\u0161egrad, primio veliki broj gostiju i novinara\" width=\"1200\" border=\"0\" \/><\/p>\n<div><strong>Na\u010delnik op\u0161tine Mladen \u0110urevi\u0107 <\/strong>rekao je novinarima da ova manifestacija povezuje Srbiju i Republiku Srpsku na vrlo specifi\u010dan na\u010din. \u201eVeliki broj u\u010desnika iz razli\u010ditih zemalja govori da je organizacija dobra, a to je najbitnije\u201d, istakao je \u0110urevi\u0107, te izrazio nadu da \u0107e godine koje dolaze u\u010diniti festival jo\u0161 masovnijim.<\/div>\n<p><img title=\"Goran Paunovi\u0107 , predsjednik Organizacionog odbora festivala \u201eLicidersko srce\u201d dodijeljuje nagrade u\u010desnicima festivala\" src=\"\/wp-content\/uploads\/prethodni\/2021\/ls_treci_dan5.jpg\" alt=\"Goran Paunovi\u0107 , predsjednik Organizacionog odbora festivala \u201eLicidersko srce\u201d dodijeljuje nagrade u\u010desnicima festivala\" width=\"1200\" border=\"0\" \/><\/p>\n<p><strong>Predsjednik Organizacionog odbora festivala \u201eLicidersko srce\u201d Goran Paunovi\u0107<\/strong> rekao je da je Vi\u0161egrad ve\u0107 deseti put jedan od doma\u0107ina festivala i istakao da su u\u010desnici zadovoljni jer nose lijepe utiske.<\/p>\n<p><img title=\"U Andri\u0107gradu se skupio veliki broj u\u010desnika razli\u010dite kulture i tradicije\" src=\"\/wp-content\/uploads\/prethodni\/2021\/ls_treci_dan6.jpg\" alt=\"U Andri\u0107gradu se skupio veliki broj u\u010desnika razli\u010dite kulture i tradicije\" width=\"1200\" border=\"0\" \/><\/p>\n<p>\u201eFestival okuplja veliki broj u\u010desnika, a razli\u010ditost kulture i tradicije na jednom mjestu je pravo bogatstvo\u201d, dodao je Paunovi\u0107.<\/p>\n<p><img title=\"Ivana Cvetkovi\u0107, \u010dlan organizacionog odbora festivala \u201eLicidersko srce\u201d sa u\u010desnicima festivala\" src=\"\/wp-content\/uploads\/prethodni\/2021\/ls_treci_dan7.jpg\" alt=\"Ivana Cvetkovi\u0107, \u010dlan organizacionog odbora festivala \u201eLicidersko srce\u201d sa u\u010desnicima festivala\" width=\"1200\" border=\"0\" \/><\/p>\n<p>Simbol ovog festivala je jedinstvo u igri, a deca u\u010de o drugim kulturama i obi\u010dajima kroz dru\u017eenje i brojne radionice i koncerte\u201c, rekla je za Tanjug <strong>Ivana Cvetkovi\u0107, \u010dlan organizacionog odbora festivala<\/strong>. Ona je dodala da se vodi ra\u010duna o epidemiolo\u0161kim merama i da su svi u\u010desnici negativni na PCR testu.<\/p>\n<p><img title=\"Nastup KUD-a \u201eMost\u201c Bratunac \u2013 Republika Srpska\" src=\"\/wp-content\/uploads\/prethodni\/2021\/ls_treci_dan8.jpg\" alt=\"Nastup KUD-a \u201eMost\u201c Bratunac \u2013 Republika Srpska\" width=\"1200\" border=\"0\" \/><\/p>\n<p>Festival se odr\u017eava pod pokroviteljstvom predsjednika Srbije Aleksandra Vu\u010di\u0107a, a traja\u0107e do 19. avgusta u U\u017eicu, na Zlatiboru i u Vi\u0161egradu. U\u010destvuje oko 700 u\u010desnika uzrasta od 10 do 16 godina iz Srbije, Republike Srpske, Bugarske, Ma\u0111arske, Sjeverne Makedonije, Ukrajine, Egipta, Moldavije, Gruzije.<\/p>\n<p><img title=\"Festivalu folklora \u201eLicidersko srce\u201d u Andri\u0107gradu u Vi\u0161egradu prisustvovao je veliki broj uva\u017eenih gostiju i novinara\" src=\"\/wp-content\/uploads\/prethodni\/2021\/ls_treci_dan9.jpg\" alt=\"Festivalu folklora \u201eLicidersko srce\u201d u Andri\u0107gradu u Vi\u0161egradu prisustvovao je veliki broj uva\u017eenih gostiju i novinara\" width=\"1200\" border=\"0\" \/><\/p>\n<p>Festival organizuje Udru\u017eenje gra\u0111ana \u201eEra\u201d iz U\u017eica, a suorganizatori su grad U\u017eice, Predstavni\u0161tvo Republike Srpske u Srbiji i Turisti\u010dka organizacija Zlatibor.<\/p>\n","protected":false},"excerpt":{"rendered":"<p>Tre\u0107i dan festivala Licidersko srce je na Zlatiboru i u Vi\u0161egradu, jedan dio djece je sa programom na Zlatiboru, drugi je u Vi\u0161egradu nakon plovidbe kanjonom rjeke Drine i defilea sa vi\u0161egradske \u0106uprije odr\u017eao koncert u Andri\u0107gradu. &nbsp; Festival folklora \u201eLicidersko srce\u201d danas je u Andri\u0107gradu okupio u\u010desnike iz Moldavije, Bugarske, Sjeverne Makedonije, Gruzije, Srbije&#8230;<\/p>\n","protected":false},"author":1,"featured_media":3518,"comment_status":"closed","ping_status":"closed","sticky":false,"template":"","format":"standard","meta":[],"categories":[56],"tags":[73],"_links":{"self":[{"href":"https:\/\/predstavnistvorsbg.rs\/sr-Latn\/wp-json\/wp\/v2\/posts\/4523"}],"collection":[{"href":"https:\/\/predstavnistvorsbg.rs\/sr-Latn\/wp-json\/wp\/v2\/posts"}],"about":[{"href":"https:\/\/predstavnistvorsbg.rs\/sr-Latn\/wp-json\/wp\/v2\/types\/post"}],"author":[{"embeddable":true,"href":"https:\/\/predstavnistvorsbg.rs\/sr-Latn\/wp-json\/wp\/v2\/users\/1"}],"replies":[{"embeddable":true,"href":"https:\/\/predstavnistvorsbg.rs\/sr-Latn\/wp-json\/wp\/v2\/comments?post=4523"}],"version-history":[{"count":0,"href":"https:\/\/predstavnistvorsbg.rs\/sr-Latn\/wp-json\/wp\/v2\/posts\/4523\/revisions"}],"wp:featuredmedia":[{"embeddable":true,"href":"https:\/\/predstavnistvorsbg.rs\/sr-Latn\/wp-json\/wp\/v2\/media\/3518"}],"wp:attachment":[{"href":"https:\/\/predstavnistvorsbg.rs\/sr-Latn\/wp-json\/wp\/v2\/media?parent=4523"}],"wp:term":[{"taxonomy":"category","embeddable":true,"href":"https:\/\/predstavnistvorsbg.rs\/sr-Latn\/wp-json\/wp\/v2\/categories?post=4523"},{"taxonomy":"post_tag","embeddable":true,"href":"https:\/\/predstavnistvorsbg.rs\/sr-Latn\/wp-json\/wp\/v2\/tags?post=4523"}],"curies":[{"name":"wp","href":"https:\/\/api.w.org\/{rel}","templated":true}]}}