{"id":4557,"date":"2021-08-19T10:00:39","date_gmt":"2021-08-19T08:00:39","guid":{"rendered":"https:\/\/prs2.profimediagroup.com\/uncategorized-sr-latn\/svecano-zatvoren-festival-licidersko-srce\/"},"modified":"2023-04-12T08:52:49","modified_gmt":"2023-04-12T06:52:49","slug":"svecano-zatvoren-festival-licidersko-srce-ltn","status":"publish","type":"post","link":"https:\/\/predstavnistvorsbg.rs\/sr-Latn\/prethodni-dogadjaji-sr-latn\/svecano-zatvoren-festival-licidersko-srce-ltn\/","title":{"rendered":"Sve\u010dano zatvoren festival &#8222;Licidersko srce&#8220;"},"content":{"rendered":"<p>Danas je u okviru petog dana festivala \u201eLicidersko srce\u201c organizovana folklorna igraonica na glavnom gradskom trgu u U\u017eicu i grn\u010darska radionica u Zlakusi, gdje su mladi u\u010desnici imali prilike da se upoznaju sa tradicionalnim na\u010dinom izrade posu\u0111a.<\/p>\n<p><img title=\"Sve\u010dana ceremonija zatvaranja na Trgu partizana u U\u017eicu\" src=\"\/wp-content\/uploads\/prethodni\/2021\/ls_zatvaranje2.jpg\" alt=\"Sve\u010dana ceremonija zatvaranja na Trgu partizana u U\u017eicu\" width=\"1200\" border=\"0\" \/><\/p>\n<p>Sa po\u010detkom u 19.30 sati odr\u017eana je sve\u010dana ceremonija zatvaranja na Trgu partizana na kojoj su ansambli svojim nastupima pred brojnom u\u017ei\u010dkom publikom pokazali umije\u0107a folklorne igre.\u00a0Uz vatromet i igranjem velikog erskog kola na trgu sve\u010dano je zatvoren ovogodi\u0161nji festival.<\/p>\n<p><img title=\"Folklorna igraonica na glavnom gradskom trgu u U\u017eicu\" src=\"\/wp-content\/uploads\/prethodni\/2021\/ls_zatvaranje3.jpg\" alt=\"Folklorna igraonica na glavnom gradskom trgu u U\u017eicu\" width=\"1200\" border=\"0\" \/><\/p>\n<p>Osim folklornog programa, festival\u00a0su\u00a0pratili brojni drugi sadr\u017eaji &#8211; izlo\u017ebe, seminari, folklorne igraonice, turisti\u010dki obilasci, ekolo\u0161ke i druge radionice. Od ove godine festival ima i novu akciju \u201eLicidersko srce prirodi\u201d, kojom je planirana sadnja drvoreda prijateljstva u saradnji sa JP \u201eSrbija \u0161ume\u201d.<\/p>\n<p>Svoj humani karakter\u00a0 festival je ove godine\u00a0pokazao\u00a0donacijom prikupljenih sredstava\u00a0od prodatih liciderskih srca i suvenira\u00a0za\u00a0odeljenje\u00a0neonatologije\u00a0Op\u0161te bolnice u U\u017eicu.<\/p>\n<p><img title=\"13. Me\u0111unarodni dje\u010diji festival \u201eLicidersko srce\u201c, trajao je od 15. do 19. avgusta u U\u017eicu, na Zlatiboru i u Vi\u0161egradu\" src=\"\/wp-content\/uploads\/prethodni\/2021\/ls_zatvaranje4.jpg\" alt=\"13. Me\u0111unarodni dje\u010diji festival \u201eLicidersko srce\u201c, trajao je od 15. do 19. avgusta u U\u017eicu, na Zlatiboru i u Vi\u0161egradu\" width=\"1200\" border=\"0\" \/><\/p>\n<p>Me\u0111unarodni dje\u010diji festival\u00a0\u201eLicidersko srce\u201c, trinaesti po redu, \u00a0trajao je od 15.\u00a0do 19. avgusta u U\u017eicu, na Zlatiboru i u Vi\u0161egradu. U\u010destvovala su 23 ansambla sa\u00a0oko 700 u\u010desnika uzrasta od 10 do 16 godina iz Srbije, Republike Srpske, Bugarske, Ma\u0111arske, Sjeverne Makedonije, Ukrajine, Egipta, Moldavije, Gruzije.<\/p>\n<p>Organizator festivala je\u00a0Udru\u017eenje gra\u0111ana \u201eEra&#8220; iz U\u017eica, pod pokroviteljstvom predsjednika Srbije Aleksandra Vu\u010di\u0107a a suorganizatori su grad U\u017eice, Predstavni\u0161tvo Republike Srpske u Srbiji i Turisti\u010dka organizacija Zlatibor, uz\u00a0podr\u0161ku Ministarstva kulture i informisanja i Ministarstva\u00a0spoljnih poslova &#8211; Uprave\u00a0za saradnju sa dijasporom i Srbima u regionu.<\/p>\n","protected":false},"excerpt":{"rendered":"<p>Danas je u okviru petog dana festivala \u201eLicidersko srce\u201c organizovana folklorna igraonica na glavnom gradskom trgu u U\u017eicu i grn\u010darska radionica u Zlakusi, gdje su mladi u\u010desnici imali prilike da se upoznaju sa tradicionalnim na\u010dinom izrade posu\u0111a. Sa po\u010detkom u 19.30 sati odr\u017eana je sve\u010dana ceremonija zatvaranja na Trgu partizana na kojoj su ansambli svojim&#8230;<\/p>\n","protected":false},"author":1,"featured_media":3526,"comment_status":"closed","ping_status":"closed","sticky":false,"template":"","format":"standard","meta":[],"categories":[56],"tags":[73],"_links":{"self":[{"href":"https:\/\/predstavnistvorsbg.rs\/sr-Latn\/wp-json\/wp\/v2\/posts\/4557"}],"collection":[{"href":"https:\/\/predstavnistvorsbg.rs\/sr-Latn\/wp-json\/wp\/v2\/posts"}],"about":[{"href":"https:\/\/predstavnistvorsbg.rs\/sr-Latn\/wp-json\/wp\/v2\/types\/post"}],"author":[{"embeddable":true,"href":"https:\/\/predstavnistvorsbg.rs\/sr-Latn\/wp-json\/wp\/v2\/users\/1"}],"replies":[{"embeddable":true,"href":"https:\/\/predstavnistvorsbg.rs\/sr-Latn\/wp-json\/wp\/v2\/comments?post=4557"}],"version-history":[{"count":0,"href":"https:\/\/predstavnistvorsbg.rs\/sr-Latn\/wp-json\/wp\/v2\/posts\/4557\/revisions"}],"wp:featuredmedia":[{"embeddable":true,"href":"https:\/\/predstavnistvorsbg.rs\/sr-Latn\/wp-json\/wp\/v2\/media\/3526"}],"wp:attachment":[{"href":"https:\/\/predstavnistvorsbg.rs\/sr-Latn\/wp-json\/wp\/v2\/media?parent=4557"}],"wp:term":[{"taxonomy":"category","embeddable":true,"href":"https:\/\/predstavnistvorsbg.rs\/sr-Latn\/wp-json\/wp\/v2\/categories?post=4557"},{"taxonomy":"post_tag","embeddable":true,"href":"https:\/\/predstavnistvorsbg.rs\/sr-Latn\/wp-json\/wp\/v2\/tags?post=4557"}],"curies":[{"name":"wp","href":"https:\/\/api.w.org\/{rel}","templated":true}]}}