{"id":4559,"date":"2021-08-26T10:00:21","date_gmt":"2021-08-26T08:00:21","guid":{"rendered":"https:\/\/prs2.profimediagroup.com\/uncategorized-sr-latn\/odrzan-kocicev-dan-u-beogradu\/"},"modified":"2023-04-12T08:57:15","modified_gmt":"2023-04-12T06:57:15","slug":"odrzan-kocicev-dan-u-beogradu-ltn","status":"publish","type":"post","link":"https:\/\/predstavnistvorsbg.rs\/sr-Latn\/prethodni-dogadjaji-sr-latn\/odrzan-kocicev-dan-u-beogradu-ltn\/","title":{"rendered":"Odr\u017ean Ko\u010di\u0107ev dan u Beogradu"},"content":{"rendered":"<p>U okviru manifestacije Ko\u010di\u0107ev zbor, danas je odr\u017ean Ko\u010di\u0107ev dan u Beogradu.<\/p>\n<p><img title=\"Polaganje cvije\u0107a i prislu\u017eenje svije\u0107a pred spomenikom Petru Ko\u010di\u0107u u \u010cuburskom parku na Vra\u010daru\" src=\"\/wp-content\/uploads\/prethodni\/2021\/kocicev_dan_u_bg2.jpg\" alt=\"Polaganje cvije\u0107a i prislu\u017eenje svije\u0107a pred spomenikom Petru Ko\u010di\u0107u u \u010cuburskom parku na Vra\u010daru\" width=\"1200\" border=\"0\" \/><\/p>\n<p>Predstavnici udru\u017eenja knji\u017eevnika Republike Srpske i Srbije, grada Banje Luke i Predstavni\u0161tva Republike Srpske u Srbiji\u00a0polo\u017eili su cvije\u0107e i prislu\u017eili svije\u0107e na grobu Petra Ko\u010di\u0107a u Aleji velikana na Novom groblju, a u podne polo\u017eili su cvije\u0107e i pred spomenikom velikom srpskom piscu u \u010cuburskom parku na Vra\u010daru.<\/p>\n<p><img title=\"Mirna Savi\u0107 \u2013 Banjac, predstavnica grada Banje Luke\" src=\"\/wp-content\/uploads\/prethodni\/2021\/kocicev_dan_u_bg3.jpg\" alt=\"Mirna Savi\u0107 \u2013 Banjac, predstavnica grada Banje Luke\" width=\"1200\" border=\"0\" \/><\/p>\n<p><strong>Mirna Savi\u0107 \u2013 Banjac,<\/strong> predstavnica grada Banje Luke, poru\u010dila je da ko\u010di\u0107evski duh \u017eivi me\u0111u nama, utkan u na\u0161u du\u0161u. \u201eKo\u010di\u0107, univerzalna vrijednost i veli\u010dina, \u017eivi i dalje. On nas spaja, oplemenjuje i opominje. Uvijek u istoj zamci nastojimo biti mudriji. Dok god poku\u0161avamo, Ko\u010di\u0107 \u017eivi&#8220; \u2013 istakla je Savi\u0107- Banjac.<\/p>\n<p><img title=\"Zoran Kosti\u0107 iz Udru\u017eenja knji\u017eevnika Republike Srpske\" src=\"\/wp-content\/uploads\/prethodni\/2021\/kocicev_dan_u_bg4.jpg\" alt=\"Zoran Kosti\u0107 iz Udru\u017eenja knji\u017eevnika Republike Srpske\" width=\"1200\" border=\"0\" \/><\/p>\n<p>Ko\u010di\u0107evo djelo je srpska univerzalna vrijednost koja vremenom ne prolazi, ukazao je <strong>Zoran Kosti\u0107<\/strong> iz Udru\u017eenja knji\u017eevnika Republike Srpske. \u201eNJegovo djelo je na\u0161a op\u0161ta vrijednost, a aktuelnost toga djela ne prolazi decenijama, cijeli vijek i vi\u0161e. Sve je to i dalje aktuelno kao da se ni\u0161ta nije promijenilo od njegovog vremena do sada&#8220; &#8211; rekao je Kosti\u0107.<\/p>\n<p><img title=\"Knji\u017eevnik Du\u0161ko M. Petrovi\u0107\" src=\"\/wp-content\/uploads\/prethodni\/2021\/kocicev_dan_u_bg5.jpg\" alt=\"Knji\u017eevnik Du\u0161ko M. Petrovi\u0107\" width=\"1200\" border=\"0\" \/><\/p>\n<p>Knji\u017eevnik<strong> Du\u0161ko M. Petrovi\u0107 <\/strong>istakao je da Ko\u010di\u0107ev jezik sigurno najbolje oslikava \u017eivot i uslove &#8222;ne samo pod okupacijom, nego i danas na slobodi&#8220;. \u201ePodseti\u0107u vas da je u jednoj anketi koju je organizovala `Matica Srpska` Isidora Sekuli\u0107 kazala: `Kada bi mogao jezik jednog pisca biti jezik jednog naroda, ja bih glasala da to bude jezik Petra Ko\u010di\u0107a`&#8220;, rekao je Petrovi\u0107.<\/p>\n<p><img title=\"U Udru\u017eenju knji\u017eevnika Srbije ve\u010deras je odr\u017eano knji\u017eevno ve\u010de posve\u0107eno Petru Ko\u010di\u0107u\" src=\"\/wp-content\/uploads\/prethodni\/2021\/kocicev_dan_u_bg6.jpg\" alt=\"U Udru\u017eenju knji\u017eevnika Srbije ve\u010deras je odr\u017eano knji\u017eevno ve\u010de posve\u0107eno Petru Ko\u010di\u0107u\" width=\"1200\" border=\"0\" \/><\/p>\n<p>U Udru\u017eenju knji\u017eevnika Srbije ve\u010deras je odr\u017eano knji\u017eevno ve\u010de posve\u0107eno Petru Ko\u010di\u0107u koje je kao medijator vodio Vidak Maslovari\u0107 uz\u00a0Du\u0161ka M. Petrovi\u0107a kao besjednika, a na kome su u\u010destvovali Zoran Kosti\u0107, \u017deljka Avri\u0107, Valentina Pituli\u0107, Goran \u0160aula, Branislav Zubovi\u0107, Miladin Beri\u0107, \u017divko Vuji\u0107 i Milan Rakulj.<\/p>\n<p><img title=\"Borislav Maksimovi\u0107, stru\u010dni saradnik u Predstavni\u0161tvu R. Srpske u Srbiji sa gostima i knji\u017eevnicima u Udru\u017eenju knji\u017eevnika Srbije\" src=\"\/wp-content\/uploads\/prethodni\/2021\/kocicev_dan_u_bg7.jpg\" alt=\"Borislav Maksimovi\u0107, stru\u010dni saradnik u Predstavni\u0161tvu R. Srpske u Srbiji sa gostima i knji\u017eevnicima u Udru\u017eenju knji\u017eevnika Srbije\" width=\"1200\" border=\"0\" \/><\/p>\n<p>Manifestaciju Ko\u010di\u0107ev dan u Beogradu organizuju\u00a0Predstavni\u0161tvo Republike Srpske u Srbiji i Udru\u017eenje knji\u017eevnika Srbije u saradnji za Organizacionim odborom Ko\u010di\u0107evog zbora i Udru\u017eenjem knji\u017eevnika Republike Srpske.<\/p>\n","protected":false},"excerpt":{"rendered":"<p>U okviru manifestacije Ko\u010di\u0107ev zbor, danas je odr\u017ean Ko\u010di\u0107ev dan u Beogradu. Predstavnici udru\u017eenja knji\u017eevnika Republike Srpske i Srbije, grada Banje Luke i Predstavni\u0161tva Republike Srpske u Srbiji\u00a0polo\u017eili su cvije\u0107e i prislu\u017eili svije\u0107e na grobu Petra Ko\u010di\u0107a u Aleji velikana na Novom groblju, a u podne polo\u017eili su cvije\u0107e i pred spomenikom velikom srpskom piscu&#8230;<\/p>\n","protected":false},"author":1,"featured_media":3530,"comment_status":"closed","ping_status":"closed","sticky":false,"template":"","format":"standard","meta":[],"categories":[56],"tags":[73],"_links":{"self":[{"href":"https:\/\/predstavnistvorsbg.rs\/sr-Latn\/wp-json\/wp\/v2\/posts\/4559"}],"collection":[{"href":"https:\/\/predstavnistvorsbg.rs\/sr-Latn\/wp-json\/wp\/v2\/posts"}],"about":[{"href":"https:\/\/predstavnistvorsbg.rs\/sr-Latn\/wp-json\/wp\/v2\/types\/post"}],"author":[{"embeddable":true,"href":"https:\/\/predstavnistvorsbg.rs\/sr-Latn\/wp-json\/wp\/v2\/users\/1"}],"replies":[{"embeddable":true,"href":"https:\/\/predstavnistvorsbg.rs\/sr-Latn\/wp-json\/wp\/v2\/comments?post=4559"}],"version-history":[{"count":0,"href":"https:\/\/predstavnistvorsbg.rs\/sr-Latn\/wp-json\/wp\/v2\/posts\/4559\/revisions"}],"wp:featuredmedia":[{"embeddable":true,"href":"https:\/\/predstavnistvorsbg.rs\/sr-Latn\/wp-json\/wp\/v2\/media\/3530"}],"wp:attachment":[{"href":"https:\/\/predstavnistvorsbg.rs\/sr-Latn\/wp-json\/wp\/v2\/media?parent=4559"}],"wp:term":[{"taxonomy":"category","embeddable":true,"href":"https:\/\/predstavnistvorsbg.rs\/sr-Latn\/wp-json\/wp\/v2\/categories?post=4559"},{"taxonomy":"post_tag","embeddable":true,"href":"https:\/\/predstavnistvorsbg.rs\/sr-Latn\/wp-json\/wp\/v2\/tags?post=4559"}],"curies":[{"name":"wp","href":"https:\/\/api.w.org\/{rel}","templated":true}]}}