{"id":4562,"date":"2021-09-11T10:00:28","date_gmt":"2021-09-11T08:00:28","guid":{"rendered":"https:\/\/prs2.profimediagroup.com\/uncategorized-sr-latn\/zastititi-imovinska-prava-srba-u-fbih\/"},"modified":"2023-04-12T09:09:16","modified_gmt":"2023-04-12T07:09:16","slug":"zastititi-imovinska-prava-srba-u-fbih-ltn","status":"publish","type":"post","link":"https:\/\/predstavnistvorsbg.rs\/sr-Latn\/prethodni-dogadjaji-sr-latn\/zastititi-imovinska-prava-srba-u-fbih-ltn\/","title":{"rendered":"Za\u0161tititi imovinska prava Srba u FBiH"},"content":{"rendered":"<p>Direktor Uprave za saradnju sa dijasporom i Srbima u regionu<strong> Arno Gujon<\/strong> izjavio je da svaki Srbin porijeklom iz Federacije BiH ili njegov potomak mo\u017ee da kontaktira Kancelariju za besplatnu pravnu pomo\u0107 koju je osnovala Republika Srpska i da se obavijesti o svojim pravima, ali i da ovlasti ovu kancelariju da ga zastupa i \u0161titi njegova imovinska prava.<\/p>\n<p>&#8211; Sve \u0161to je rat donio, izgnanstvo, patnje ne mo\u017eemo ispraviti, ali se danas u miru protiv nepravde mo\u017eemo i moramo izboriti. Nepravda je oduzeti nekome imovinu, a da on o tome ne zna ni\u0161ta ili da bude izbrisan &#8211; istakao je Gujon nakon sastanka u Beogradu sa \u0161efom Predstavni\u0161tva Republike Srpske u Srbiji <strong>Mla\u0111enom Cicovi\u0107em<\/strong>.<\/p>\n<p>Navode\u0107i da su imovinski odnosi osnov u 21. vijeku, Gujon i Cicovi\u0107 su zajedni\u010dki najavili po\u010detak kampanje informisanja i preko medija, u okviru zajedni\u010dke akcije Srbije i Republike Srpske na za\u0161titi imovine Srba u FBiH.<\/p>\n<p>Srbi porijeklom iz FBiH gdje god \u017eivjeli bi\u0107e informisani putem medija kako da sa\u010duvaju svoju imovinu u FBiH i ne ostanu bez nje zbog netransparentne harmonizacije koja se sprovodi u tom entitetu.<\/p>\n<p><img title=\"Arno Gujon, direktor Uprave za saradnju s dijasporom i Srbima u regionu Ministarstva spoljnih poslova\" src=\"\/wp-content\/uploads\/prethodni\/2021\/zastita_imovine_u_fbih2.jpg\" alt=\"Arno Gujon, direktor Uprave za saradnju s dijasporom i Srbima u regionu Ministarstva spoljnih poslova\" width=\"1200\" border=\"0\" \/><\/p>\n<p><strong>Gujon<\/strong> je rekao na konferenciji za novinare da je zabrinjavaju\u0107a tema i rizik da Srbi porijeklom iz FBiH ostanu bez ikakvog prava zbog uskla\u0111ivanja katastra u tom entitetu, a da nisu ni obavije\u0161teni.<\/p>\n<p>On je napomenuo da se pozivi za uskla\u0111ivanje objavljuju samo u Slu\u017ebenom glasniku BiH i putem pojedinih federalnih medija u Sarajevu i Mostaru, koji nisu dostupni Srbima koji \u017eive u svijetu.<\/p>\n<p>&#8211; Postoji rizik da pravi vlasnik prava na imovinu bude izbrisan, a imovina pre\u0111e na op\u0161tinu, a nekad i neko ko je koristi mo\u017ee da se upi\u0161e kao \u201evlasnik\u201c &#8211; rekao je Gujon.<\/p>\n<p>Dodao je da o\u010dekuje saradnju i podr\u0161ku srpskih medija i u dijaspori da bi se \u0161to ve\u0107i broj Srba iz FBiH upoznao o svojim imovinskim pravima, te ocijenio da su Srpska i Srbija na vrijeme reagovale, kao i da ljudi mogu da se jave \u010dak i kada se probije rok od 60 dana od objavljivanja poziva za upis vlasni\u0161tva u Slu\u017ebenom glasniku BiH.<\/p>\n<p>Gujon je podsjetio na pet koraka koji se sprovode, tj. obavje\u0161tavanje putem ambasada i konzulata Srbije, preko svih udru\u017eenja Srba, zatim eparhija SPC u dijaspori, kao i putem dru\u0161tvenih mre\u017ea.<\/p>\n<p>&#8211; Danas se pokre\u0107e i kampanja putem medija, jer su mediji gledani, slu\u0161ani i \u010ditani u svijetu. Potrebno je da se \u0161to vi\u0161e \u010duju me\u0111u na\u0161im narodom u svijetu &#8211; rekao je Gujon, i dodao, da \u0107e RTS napraviti spot koji \u0107e se emitovati 30 dana.<\/p>\n<p>Gujon je rekao da je Republika Srpska na li\u010dno obavje\u0161tavanje potro\u0161ila samo na po\u0161tanske marke oko \u010detiri miliona KM.<\/p>\n<p>Podsjetio je i na akciju Srbije na otvaranju srpskih \u0161kola u dijaspori, kako bi srpska djeca u\u010dila srpski jezik, te da postoji i ideje o ekonomskom osna\u017eivanju Srba van Srbije, kao \u0161to je sto\u010darstvo i p\u010delarstvo za Srbe u FBiH.<\/p>\n<p><img title=\"Mla\u0111en Cicovi\u0107, \u0161ef Predstavni\u0161tva R. Srpske u Srbiji\" src=\"\/wp-content\/uploads\/prethodni\/2021\/zastita_imovine_u_fbih3.jpg\" alt=\"Mla\u0111en Cicovi\u0107, \u0161ef Predstavni\u0161tva R. Srpske u Srbiji\" width=\"1200\" border=\"0\" \/><\/p>\n<p><strong>Cicovi\u0107<\/strong> je izrazio zahvalnost institucijama Srbije i Srpske koje su se anga\u017eovale kako bi se pomoglo u za\u0161titi imovine Srba u FBiH, kao i medijima, te istakao da Srpska i Srbija vode zajedni\u010dku akciju, jer je postupak uskla\u0111ivanja podataka u FBiH aspolutno netransparentan.<\/p>\n<p>On je rekao da ova zajedni\u010dka kampanja na o\u010duvanju imovine Srba u FBiH ima za cilj da putem dru\u0161tvenih mre\u017ea, DKP, srpske crkve u svijetu, obavijesti \u0161to vi\u0161e Srba u Srpskoj, Srbiji i svijetu o postupku uskla\u0111ivanja katastra i zemlji\u0161nih knjiga u FBiH.<\/p>\n<p>Cicovi\u0107 je naveo da se, za razliku od FBiH, u Republici Srpskoj obavje\u0161tavanje vlasnika vr\u0161i li\u010dno i da je aktivnost usmjerena na osnivanje katastra nepokretnosti kao jedinstvene evidencije i prava nad nepokretnostima, a u FBiH se vr\u0161i takozvana harmonizacija i ostaje dualna evidencija nekretnina i u zemlji\u0161nim knjigama i u katastru.<\/p>\n<p>&#8211; Najve\u0107a prepreka je \u0161to se poziv na upis vlasni\u0161tva ne \u0161alje li\u010dno, nego preko Slu\u017ebenog glasnika BiH i lokalnih medija, koji nisu dostupni izbjeglim licima &#8211; rekao je Cicovi\u0107, dok se u Srpskoj pozivi \u0161alju li\u010dno svima bez obzira na nacionalnost &#8211; i Srbima i Bo\u0161njacima i Hrvatima.<\/p>\n<p>Podsjetio je\u00a0da je Vlada Republike Srpske zadu\u017eila Republi\u010dku upravu za geodetske i imovinsko-pravne poslove da obezbijedi stru\u010dnu i pravnu pomo\u0107 izbjeglim licima iz FBiH u vezi sa njihovom imovinom, kao i\u00a0da oko 400.000 Srba i dalje pola\u017ee pravo na nepokretnosti u BiH.<\/p>\n<p>Cicovi\u0107 je napomenuo da je u FBiH \u017eivjelo 541.000 Srba po popisu iz 1991. godine, a cilj ovih aktivnosti na informisanju je da se tim licima pomogne da ostvare svoja prava i budu informisani i upisani kao vlasnici svoje imovine.<\/p>\n<p>Prema njegovim rije\u010dima, ako bi svaka imovina Srba u FBiH vrijedila jedan evro, to iznosi oko osam milijardi evra vrijednosti njihove imovine, te istakao da \u0107e informisanje o imovinskim pravima biti dostupno za sve ljude iz FBiH, ne samo Srbe.<\/p>\n<p>Nakon svih ovih aktivnosti na dan 10. avgusta, dodao je on, kancelarije za stru\u010dnu i pravnu pomo\u0107 su postupale po zahtjevima i ukupno je rije\u0161eno 4.447 zahtjeva, od \u010dega najvi\u0161e u Bijeljini 1.076.<\/p>\n<p>&#8211; Vjerujem, imaju\u0107i u vidu \u010dinjenicu da je pravo na imovinu ne\u0161to \u0161to ne treba da se uskra\u0107uje na na\u010din kako se uskra\u0107uje rokovima i oglasima, da \u0107emo ovom zajedni\u010dkom kampanjom Srbije i Srpske na za\u0161titi imovine Srba u FBiH do\u0107i do svakog Srbina porijeklom iz FBiH i do njihovih potomaka &#8211; rekao je on.<\/p>\n<p>On je dodao da \u0107e se tako oni obavijestiti o svakom postupku uskla\u0111ivanja podataka o nekretninama katastra i zemlji\u0161nih knjiga u FBiH i mogu\u0107nosti besplatne pravne pomo\u0107i u podru\u010dnim jedinicama RUGIPP.<\/p>\n<p>Kancelarije za pravnu pomo\u0107 postoje u Banjaluci, Bijeljini, Mrkonji\u0107 Gradu, Nevesinju, Isto\u010dnom Sarajevu i Zvorniku, a gra\u0111ani se mogu javiti u bilo koju podru\u010dnu jedinicu RUGIPP-a i ostaviti svoje podatke i kontaktira\u0107e ih pravnici.<\/p>\n<p>Cicovi\u0107 je pozvao sve zainteresovane gra\u0111ane da se jave na telefon: <a href=\"tel:00387%2055%20490%20940\" target=\"_blank\" rel=\"noopener\">00387 55 490 940<\/a> i sljede\u0107e kontakte, imejl: <a href=\"mailto:pravnapomoc.banjaluka@rgurs.org\">pravnapomoc.banjaluka@rgurs.org<\/a> <strong>Viber i WhatsApp<\/strong>: <a href=\"tel:+%20387%2065%20090-040\" target=\"_blank\" rel=\"noopener\">+ 387 65 090-040<\/a> <strong>Facebook<\/strong> i <strong>Instragam<\/strong>: @kancelarijezapravnupomoc; <strong>Kontakti Odbora za za\u0161ti-tu prava Srba u Federaciji BiH<\/strong>: imejl: <a href=\"mailto:odborzazastitupravasrbaufbih@gmail.com\">odborzazastitupravasrbaufbih@gmail.com<\/a> <strong>FB <\/strong>@srbiufederacijibih; <strong>TW<\/strong> @OdborF<\/p>\n","protected":false},"excerpt":{"rendered":"<p>Direktor Uprave za saradnju sa dijasporom i Srbima u regionu Arno Gujon izjavio je da svaki Srbin porijeklom iz Federacije BiH ili njegov potomak mo\u017ee da kontaktira Kancelariju za besplatnu pravnu pomo\u0107 koju je osnovala Republika Srpska i da se obavijesti o svojim pravima, ali i da ovlasti ovu kancelariju da ga zastupa i \u0161titi&#8230;<\/p>\n","protected":false},"author":1,"featured_media":3536,"comment_status":"closed","ping_status":"closed","sticky":false,"template":"","format":"standard","meta":[],"categories":[56],"tags":[73],"_links":{"self":[{"href":"https:\/\/predstavnistvorsbg.rs\/sr-Latn\/wp-json\/wp\/v2\/posts\/4562"}],"collection":[{"href":"https:\/\/predstavnistvorsbg.rs\/sr-Latn\/wp-json\/wp\/v2\/posts"}],"about":[{"href":"https:\/\/predstavnistvorsbg.rs\/sr-Latn\/wp-json\/wp\/v2\/types\/post"}],"author":[{"embeddable":true,"href":"https:\/\/predstavnistvorsbg.rs\/sr-Latn\/wp-json\/wp\/v2\/users\/1"}],"replies":[{"embeddable":true,"href":"https:\/\/predstavnistvorsbg.rs\/sr-Latn\/wp-json\/wp\/v2\/comments?post=4562"}],"version-history":[{"count":0,"href":"https:\/\/predstavnistvorsbg.rs\/sr-Latn\/wp-json\/wp\/v2\/posts\/4562\/revisions"}],"wp:featuredmedia":[{"embeddable":true,"href":"https:\/\/predstavnistvorsbg.rs\/sr-Latn\/wp-json\/wp\/v2\/media\/3536"}],"wp:attachment":[{"href":"https:\/\/predstavnistvorsbg.rs\/sr-Latn\/wp-json\/wp\/v2\/media?parent=4562"}],"wp:term":[{"taxonomy":"category","embeddable":true,"href":"https:\/\/predstavnistvorsbg.rs\/sr-Latn\/wp-json\/wp\/v2\/categories?post=4562"},{"taxonomy":"post_tag","embeddable":true,"href":"https:\/\/predstavnistvorsbg.rs\/sr-Latn\/wp-json\/wp\/v2\/tags?post=4562"}],"curies":[{"name":"wp","href":"https:\/\/api.w.org\/{rel}","templated":true}]}}