{"id":4564,"date":"2021-09-13T11:00:56","date_gmt":"2021-09-13T09:00:56","guid":{"rendered":"https:\/\/prs2.profimediagroup.com\/uncategorized-sr-latn\/promovisana-knjiga-nasa-borba-sa-kovidom\/"},"modified":"2023-04-12T09:13:36","modified_gmt":"2023-04-12T07:13:36","slug":"promovisana-knjiga-nasa-borba-sa-kovidom-ltn","status":"publish","type":"post","link":"https:\/\/predstavnistvorsbg.rs\/sr-Latn\/prethodni-dogadjaji-sr-latn\/promovisana-knjiga-nasa-borba-sa-kovidom-ltn\/","title":{"rendered":"Promovisana knjiga &#8222;Na\u0161a borba sa kovidom&#8220;"},"content":{"rendered":"<p>U Beogradu je danas promovisana knjige \u201eNa\u0161a borba s kovidom\u201c direktora Bolnice \u201eSveti Vra\u010devi&#8220; u Bijeljini Zlatka Maksimovi\u0107a, u kojoj je autor opisao te\u0161ku bitku sa korona virusom u toj ustanovi i objasnio kako su zaposleni zahvaljuju\u0107i dobroj organizaciji uspjeli da odole tom izazovu i da istovremeno lije\u010de oboljele od drugih bolesti.<\/p>\n<p>Maksimovi\u0107 je na promociji u Pres-centru Udru\u017eenja novinara Srbije, kojoj su prisustvovali njegovi saradnici, ugledni profesori anga\u017eovani kao konsultanti u bijeljinskoj bolnici i \u0161ef Predstavni\u0161tva Republike Srpske u Srbiji Mla\u0111en Cicovi\u0107, zahvalio svima za podr\u0161ku i saradnju.<\/p>\n<p>Najve\u0107u zahvalnost, kako je istakao, duguje recenzentima knjige &#8211; direktoru Klinike za infektivne i tropske bolesti u Beogradu Goranu Stevanovi\u0107u i epidemiologu Biljani Mijovi\u0107.<\/p>\n<p>Govore\u0107i o knjizi, Stevanovi\u0107 i Mijovi\u0107eva su istakli da je to prva monografija o borbi protiv kovida u Evropi, koja mo\u017ee i treba da bude vodilja svim medicinskim ustanovama da opi\u0161u svoja iskustva u bici protiv virusa koji je okrenuo planetu naglava\u010dke.<\/p>\n<p><img title=\"Prof. dr Goran Stevanovi\u0107, infektolog, direktor Klinike za infektivne i tropske bolesti Klini\u010dkog centra Srbije\" src=\"\/wp-content\/uploads\/prethodni\/2021\/promocija_knjige_maksimovica2.jpg\" alt=\"Prof. dr Goran Stevanovi\u0107, infektolog, direktor Klinike za infektivne i tropske bolesti Klini\u010dkog centra Srbije\" width=\"1200\" border=\"0\" \/><\/p>\n<p>\u201eVeliki zna\u010daj ove knjige je to \u0161to \u0107e biti osnov drugima kako mogu da naprave dobru organizaciju i \u0161to \u0107e im poslu\u017eiti kao dragocjeno iskustvo. Zato dugujemo veliku zahvalnost autoru i za ovo \u0161to je stavio na papir, ali i na onome \u0161to je sa saradnicima uradio u bolnici pre nego \u0161to je napisao knjigu&#8220;, rekao je <strong>Stevanovi\u0107<\/strong>.<\/p>\n<p><img title=\"Prof. dr Biljana Mijovi\u0107, epidemiolog, prodekan Medicinskog fakulteta Fo\u010da, Univerziteta Isto\u010dno Sarajevo\" src=\"\/wp-content\/uploads\/prethodni\/2021\/promocija_knjige_maksimovica3.jpg\" alt=\"Prof. dr Biljana Mijovi\u0107, epidemiolog, prodekan Medicinskog fakulteta Fo\u010da, Univerziteta Isto\u010dno Sarajevo\" width=\"1200\" border=\"0\" \/><\/p>\n<p><strong>Mijovi\u0107eva<\/strong> je istakla da iskustva u borbi protiv kovida pokazuju da kriza mo\u017ee da se ukroti samo kada njome upravlja \u010dvrsta ruka, \u0161to je, prema njenoj ocjeni, bijeljinska bolnica na djelu pokazala.<\/p>\n<p>\u201eOva knjiga ostaje za nauk kako da se borimo protiv kovida, ali i protiv bilo kakve druge zarazne bolesti i pandemije&#8220;, rekla je Mijovi\u0107eva.<\/p>\n<p><img title=\"Prof. dr Zlatko Maksimovi\u0107, direktora Bolnice \u201eSveti Vra\u010devi\u201c u Bijeljini, autor knjige\" src=\"\/wp-content\/uploads\/prethodni\/2021\/promocija_knjige_maksimovica4.jpg\" alt=\"Prof. dr Zlatko Maksimovi\u0107, direktora Bolnice \u201eSveti Vra\u010devi\u201c u Bijeljini, autor knjige\" width=\"1200\" border=\"0\" \/><\/p>\n<div><strong>Maksimovi\u0107 <\/strong>je naglasio da je u knjizi detaljno opisano kako je bijeljinska bolnica u jeku korone uspjela da unaprijedi svoje usluge otvaranjem pejsmejker centra i angio sale i da odr\u017ei sistem za nekovid pacijente, koji su dolazili da operi\u0161u \u017eu\u010d ili kuk i da obave sve \u0161to im je potrebno.<\/div>\n<p><img title=\"Na promociji knjige \u201eNa\u0161a borba s kovidom\u201c direktora Bolnice \u201eSveti Vra\u010devi\u201c u Bijeljini Zlatka Maksimovi\u0107a\" src=\"\/wp-content\/uploads\/prethodni\/2021\/promocija_knjige_maksimovica5.jpg\" alt=\"Na promociji knjige \u201eNa\u0161a borba s kovidom\u201c direktora Bolnice \u201eSveti Vra\u010devi\u201c u Bijeljini Zlatka Maksimovi\u0107a\" width=\"1200\" border=\"0\" \/><\/p>\n<p>Izdava\u010d knjige \u201eNa\u0161a borba s kovidom&#8220; je Narodna biblioteka \u201eFilip Vi\u0161nji\u0107&#8220; iz Bijeljine, a pokrovitelj Vlada Republike Srpske.<\/p>\n","protected":false},"excerpt":{"rendered":"<p>U Beogradu je danas promovisana knjige \u201eNa\u0161a borba s kovidom\u201c direktora Bolnice \u201eSveti Vra\u010devi&#8220; u Bijeljini Zlatka Maksimovi\u0107a, u kojoj je autor opisao te\u0161ku bitku sa korona virusom u toj ustanovi i objasnio kako su zaposleni zahvaljuju\u0107i dobroj organizaciji uspjeli da odole tom izazovu i da istovremeno lije\u010de oboljele od drugih bolesti. Maksimovi\u0107 je na&#8230;<\/p>\n","protected":false},"author":1,"featured_media":3540,"comment_status":"closed","ping_status":"closed","sticky":false,"template":"","format":"standard","meta":[],"categories":[56],"tags":[73],"_links":{"self":[{"href":"https:\/\/predstavnistvorsbg.rs\/sr-Latn\/wp-json\/wp\/v2\/posts\/4564"}],"collection":[{"href":"https:\/\/predstavnistvorsbg.rs\/sr-Latn\/wp-json\/wp\/v2\/posts"}],"about":[{"href":"https:\/\/predstavnistvorsbg.rs\/sr-Latn\/wp-json\/wp\/v2\/types\/post"}],"author":[{"embeddable":true,"href":"https:\/\/predstavnistvorsbg.rs\/sr-Latn\/wp-json\/wp\/v2\/users\/1"}],"replies":[{"embeddable":true,"href":"https:\/\/predstavnistvorsbg.rs\/sr-Latn\/wp-json\/wp\/v2\/comments?post=4564"}],"version-history":[{"count":0,"href":"https:\/\/predstavnistvorsbg.rs\/sr-Latn\/wp-json\/wp\/v2\/posts\/4564\/revisions"}],"wp:featuredmedia":[{"embeddable":true,"href":"https:\/\/predstavnistvorsbg.rs\/sr-Latn\/wp-json\/wp\/v2\/media\/3540"}],"wp:attachment":[{"href":"https:\/\/predstavnistvorsbg.rs\/sr-Latn\/wp-json\/wp\/v2\/media?parent=4564"}],"wp:term":[{"taxonomy":"category","embeddable":true,"href":"https:\/\/predstavnistvorsbg.rs\/sr-Latn\/wp-json\/wp\/v2\/categories?post=4564"},{"taxonomy":"post_tag","embeddable":true,"href":"https:\/\/predstavnistvorsbg.rs\/sr-Latn\/wp-json\/wp\/v2\/tags?post=4564"}],"curies":[{"name":"wp","href":"https:\/\/api.w.org\/{rel}","templated":true}]}}