{"id":4566,"date":"2021-09-17T10:00:44","date_gmt":"2021-09-17T08:00:44","guid":{"rendered":"https:\/\/prs2.profimediagroup.com\/uncategorized-sr-latn\/dani-srpske-u-srbiji-od-22-do-29-septembra-u-11-gradova\/"},"modified":"2023-04-12T09:15:27","modified_gmt":"2023-04-12T07:15:27","slug":"dani-srpske-u-srbiji-od-22-do-29-septembra-u-11-gradova-ltn","status":"publish","type":"post","link":"https:\/\/predstavnistvorsbg.rs\/sr-Latn\/prethodni-dogadjaji-sr-latn\/dani-srpske-u-srbiji-od-22-do-29-septembra-u-11-gradova-ltn\/","title":{"rendered":"&#8222;Dani Srpske u Srbiji&#8220; od 22. do 29. septembra u 11 gradova"},"content":{"rendered":"<p>Tradicionalna manifestacija \u201eDani Srpske u Srbiji\u201c, koju organizuje Predstavni\u0161tvo Republike Srpske u Srbiji po deveti put, po\u010de\u0107e u srijedu, 22. septembra 2021. godine, u Beogradu, a zavr\u0161i\u0107e se 29. septembra u Novom Sadu, najavio je danas u Beogradu \u0161ef Predstavni\u0161tva Republike Srpske u Srbiji Mla\u0111en Cicovi\u0107.<\/p>\n<p>&nbsp;<\/p>\n<p>&#8211; Kulturno -umjetni\u010dko stvarala\u0161tvo Repubike Srpske je uvek blisko sa stvarala\u0161tvom u Srbiji, jer smo jedan narod, jedne tradicije, jednog jezika i jednog pisma \u2013 naglasio je Cicovi\u0107.<\/p>\n<p>Istakao je da \u0107e po deveti put sa vi\u0161e programa biti predstavljeni privreda, kultura, umjetnost, prosvjeta i nauka Republike Srpske.<\/p>\n<p>On je na konferenciji za novinare, na kojoj je u\u010destvovao i ministar za evropske integracije i me\u0111unarodnu saradnju Republike Srpske Zlatan Kloki\u0107, istakao da \u0107e ove godine manifestacija biti organizovana u ukupno 11 gradova u Srbiji, i to, osim Beograda i Novog Sada, i u Kru\u0161evcu, Kraljevu, Kragujevcu, \u0160idu, Kikindi, Zrenjaninu, Se\u010dnju, Subotici i Ni\u0161u.<\/p>\n<p><img title=\"Mla\u0111en Cicovi\u0107, \u0161ef Predstavni\u0161tva Republike Srpske u Srbiji\" src=\"\/wp-content\/uploads\/prethodni\/2021\/konf_dani_srpske2.jpg\" alt=\"Mla\u0111en Cicovi\u0107, \u0161ef Predstavni\u0161tva Republike Srpske u Srbiji\" width=\"1200\" border=\"0\" \/><\/p>\n<p>Cicovi\u0107 je naveo da \u0107e tokom osam dana trajanja manifestacije biti organizovane i dvije velike promocije investicionih potencijala poslovnih slobodnih zona Republike Srpske \u2013 22. septembra u Privrednoj komori Srbije u Beogradu, a druga, 29. septembra u Privrednoj komori Vojvodine.<\/p>\n<p>Cicovi\u0107 je najavio i susrete gradova iz Republike Srpske sa zbratimljenim op\u0161tinama i gradovima u Srbiji, ali i nova bratimljenja, i naveo da \u0107e, kao i do sada, publici u Srbiji bi predstaveni i umjetni\u010dki programi &#8211; \u0161est pozori\u0161nih predstava za odrasle i jedna za djecu, pet koncerata ozbiljne, zabavne i rok muzike i jedan knji\u017eevni program.<\/p>\n<p>&#8211; \u017delimo da i ove godine na neposredna na\u010din predstavimo ono \u0161to \u010dini Republika Srpska danas, a to je privreda sa dobrim potencijalima za saradnju sa privrednim subjektima iz Srbije i dobrim uslovima za novo investiranje &#8211; rekao je Cicovi\u0107.<\/p>\n<p>On je naveo da \u0107e i ove godine biti predstavljena turisti\u010dka ponuda Republike Srpske &#8211; od Jahorine preko raftinga na Tari i Vrbasu, do banjskog turizma i mogu\u0107nosti zajedni\u010dkog nastupa Srbije i Republike Srpske na turisti\u010dkim sajmovima u Evropi i svijetu.<\/p>\n<p>Turisti\u010dki potencijali kojima Republika Srpska raspola\u017ee bi\u0107e predstavljeni tokom cijelog trajanja manifestacije, i to po dva dana u Beogradu, Kru\u0161evcu, Kraljevu, Kragujevcu, Ni\u0161u, Subotici i Novom Sadu.<\/p>\n<p>Cicovi\u0107 je naveo da \u0107e u okviru predstavljanja kulturno-umjetni\u010dkog stvarala\u0161tva, ove godine biti organizovane predstave Narodnog pozori\u0161ta Republike Srpske 23. septembra u Novom Sadu i Dje\u010djeg pozori\u0161ta Republike Srpske, 27. septembra u Ni\u0161u.<\/p>\n<p>&#8211; Tu su i predstave Gradskog pozori\u0161ta iz Trebinja u Zrenjaninu i prijedorskog pozori\u0161ta u Kikindi 26. septembra, koa i banjalu\u010dkog Studentskog pozori\u0161ta u Kragujevcu 25. septembra, a prvi put na manifestaciji nastupi\u0107e i bijeljinsko pozori\u0161te predstavom u Kru\u0161evcu 23. septembra, dok \u0107e u Kraljevu, 24. septembra biti izvedena predstava Kulturnog centra Isto\u010dnog Sarajeva &#8211; naveo je Cicovi\u0107.<\/p>\n<p>Muzi\u010dki programi po\u010de\u0107e koncertom Simfonijskog orkestra Banjalu\u010dke filharmonije, 22. septembra na sve\u010danom otvaranju ovogodi\u0161nje manifestacije u re\u017eiji Dragana El\u010di\u0107a, a tokom manifestacije bi\u010de organizovani i nastupi etno grupe \u201eIva\u201c\u201e iz Doboja \u201eKatera\u201c iz Isto\u010dnog Sarajeva i \u201eTrag\u201c iz Banjaluke, kao i grupa \u201eOne tri\u201c iz Banjaluke.<\/p>\n<p>U knji\u017eevnom programu je ve\u010de pjesnika Gorana Vra\u010dara i romanopisca \u017deljka Pr\u017eulja iz Isto\u010dnog Sarajeva, koji \u0107e na zahtjev publike u Subotici nastupiti u tom gradu 28. septembra u Srpskom klturnom centru \u201eSveti Sava\u201c u 19 \u010dasova.<\/p>\n<p>-Vjerujem da \u0107emo i ove godine manifestacijom ispuniti o\u010dekivanja i onih koji \u0107e ove godine prvi put biti sa nama, a i poslati jasnu poruku o nikad pre\u010dem jedinstvu srpskog naroda i o\u010duvanju narodnog jedisntva i slobode &#8211; rekao je Cicovi\u0107.<\/p>\n<p>On je podsjetio da \u0107e slijede\u0107e godine, kada Republika Srpska obilje\u017eava 30 godina postojanja, biti i jubilarna, deseta godina za \u201eDane Srpske u Srbiji\u201c. Cicovi\u0107 je pozvao gra\u0111ane Srbije da, po\u0161tuju\u0107i sve epidemiolo\u0161ke mjere, do\u0111u na manifestaciju i napomenuo da je ulaz slobodan.<\/p>\n<p><img title=\"Zlatan Kloki\u0107, ministar za evropske integracije i me\u0111unarodnu saradnju Republike Srpske\" src=\"\/wp-content\/uploads\/prethodni\/2021\/konf_dani_srpske3.jpg\" alt=\"Zlatan Kloki\u0107, ministar za evropske integracije i me\u0111unarodnu saradnju Republike Srpske\" width=\"1200\" border=\"0\" \/><\/p>\n<p>Ministar za evropske integracije i me\u0111unarodnu saradnju Republike Srpske Zlatan Kloki\u0107 istakao je posebno predstavljanje poslovnih i slobodnih zona Republike Srpske u okviru manifestacije, koje \u0107e biti organizovane u privrednim komorama u Beogradu i Novom Sadu, gdje bi trebalo da u\u010destvuje i ministar privrede i preduzetni\u0161tva Republike Srpske Vjekoslav Petri\u010devi\u0107.<\/p>\n<p>-Srbija je na\u0161 najzna\u010dajni spoljnotrgovinski partner, a i najzna\u010dajniji investitori dolaze iz Srbije, tako da o\u010dekujemo jo\u0161 ve\u0107u i zna\u010dajniju podr\u0161ku Srbije &#8211; rekao je Kloki\u0107.<\/p>\n<p>Prema njegovim rije\u010dima, poseban akcenat \u0107e se staviti na regiju Podrinja, a bi\u0107e predstavljene i poslovne i slobodne zone \u010detiri velika grada Republike Srpske \u2013 Prijedora, Gradi\u0161ka, Zvornika i Trebinja.<\/p>\n<p>-Najvi\u0161e rukovodstvo Srbije i Republike Srpske defini\u0161u sve strate\u0161ke projekte i kada je u pitanju infrastruktura i energetski projekti koje realizujemo, tako da je zna\u010dajno da se i na ovakvoj manifestaciji predstavi dosada\u0161nja saradnja izme\u0111u dvije republike i da poka\u017eemo jedinstvo koje bilo u proteklom periodu i naglasimo da ono mora biti jo\u0161 sna\u017enije i ja\u010de u narednom periodu &#8211; poru\u010dio je Kloki\u0107.<\/p>\n<p>Snimak pres konferencije mo\u017eete pogledati <a href=\"https:\/\/www.youtube.com\/watch?v=RPlJI9otOCw\" target=\"_blank\" rel=\"noopener\">OVDJE<\/a>.<\/p>\n<p>Program manifestacije\u00a0<em><strong>\u201eDani Srpske u Srbiji\u201c<\/strong> <\/em>mo\u017eete pogledati <a href=\"http:\/\/predstavnistvorsbg.rs\/pdf_dokumenti\/2021\/program_dana_srpske_2021.pdf\" target=\"_blank\" rel=\"noopener\">OVDJE.<\/a><\/p>\n","protected":false},"excerpt":{"rendered":"<p>Tradicionalna manifestacija \u201eDani Srpske u Srbiji\u201c, koju organizuje Predstavni\u0161tvo Republike Srpske u Srbiji po deveti put, po\u010de\u0107e u srijedu, 22. septembra 2021. godine, u Beogradu, a zavr\u0161i\u0107e se 29. septembra u Novom Sadu, najavio je danas u Beogradu \u0161ef Predstavni\u0161tva Republike Srpske u Srbiji Mla\u0111en Cicovi\u0107. &nbsp; &#8211; Kulturno -umjetni\u010dko stvarala\u0161tvo Repubike Srpske je uvek&#8230;<\/p>\n","protected":false},"author":1,"featured_media":3544,"comment_status":"closed","ping_status":"closed","sticky":false,"template":"","format":"standard","meta":[],"categories":[56],"tags":[73],"_links":{"self":[{"href":"https:\/\/predstavnistvorsbg.rs\/sr-Latn\/wp-json\/wp\/v2\/posts\/4566"}],"collection":[{"href":"https:\/\/predstavnistvorsbg.rs\/sr-Latn\/wp-json\/wp\/v2\/posts"}],"about":[{"href":"https:\/\/predstavnistvorsbg.rs\/sr-Latn\/wp-json\/wp\/v2\/types\/post"}],"author":[{"embeddable":true,"href":"https:\/\/predstavnistvorsbg.rs\/sr-Latn\/wp-json\/wp\/v2\/users\/1"}],"replies":[{"embeddable":true,"href":"https:\/\/predstavnistvorsbg.rs\/sr-Latn\/wp-json\/wp\/v2\/comments?post=4566"}],"version-history":[{"count":0,"href":"https:\/\/predstavnistvorsbg.rs\/sr-Latn\/wp-json\/wp\/v2\/posts\/4566\/revisions"}],"wp:featuredmedia":[{"embeddable":true,"href":"https:\/\/predstavnistvorsbg.rs\/sr-Latn\/wp-json\/wp\/v2\/media\/3544"}],"wp:attachment":[{"href":"https:\/\/predstavnistvorsbg.rs\/sr-Latn\/wp-json\/wp\/v2\/media?parent=4566"}],"wp:term":[{"taxonomy":"category","embeddable":true,"href":"https:\/\/predstavnistvorsbg.rs\/sr-Latn\/wp-json\/wp\/v2\/categories?post=4566"},{"taxonomy":"post_tag","embeddable":true,"href":"https:\/\/predstavnistvorsbg.rs\/sr-Latn\/wp-json\/wp\/v2\/tags?post=4566"}],"curies":[{"name":"wp","href":"https:\/\/api.w.org\/{rel}","templated":true}]}}