{"id":4598,"date":"2021-09-23T10:00:13","date_gmt":"2021-09-23T08:00:13","guid":{"rendered":"https:\/\/prs2.profimediagroup.com\/uncategorized-sr-latn\/svecano-otvoreni-dani-srpske-u-srbiji-nikad-prece-jedinstvo-srba\/"},"modified":"2023-04-12T10:22:15","modified_gmt":"2023-04-12T08:22:15","slug":"svecano-otvoreni-dani-srpske-u-srbiji-nikad-prece-jedinstvo-srba-ltn","status":"publish","type":"post","link":"https:\/\/predstavnistvorsbg.rs\/sr-Latn\/prethodni-dogadjaji-sr-latn\/svecano-otvoreni-dani-srpske-u-srbiji-nikad-prece-jedinstvo-srba-ltn\/","title":{"rendered":"Sve\u010dano otvoreni &#8222;Dani Srpske u Srbiji&#8220; &#8211; nikad pre\u010de jedinstvo Srba"},"content":{"rendered":"<p>Tradicionalna manifestacija Dani Srpske u Srbiji, koju organizuje Predstavni\u0161tvo Republike Srpske u Srbiji po deveti put, po\u010dela je sino\u0107, \u00a022.09.2021. u Beogradu.<\/p>\n<p><img title=\"Sve\u010danom otvaranju manifestacije \u201eDani Srpske u Srbiji\u201c prisustvovao je veliki broj visokih zvanica\" src=\"\/wp-content\/uploads\/prethodni\/2021\/sv_otvaranje_ds2.jpg\" alt=\"Sve\u010danom otvaranju manifestacije \u201eDani Srpske u Srbiji\u201c prisustvovao je veliki broj visokih zvanica\" width=\"1200\" border=\"0\" \/><\/p>\n<p>Ove godine manifestacija je organizovana u 11 gradova u Srbiji.<\/p>\n<p>Organizovane su i dvije velike promocije investicionih potencijala poslovnih slobodnih zona i turisti\u010dka ponuda Republike Srpske.<\/p>\n<p>Publici u Srbiji bi\u0107e predstavljeni i umjetni\u010dki programi &#8211; \u0161est pozori\u0161nih predstava za odrasle i jedna za djecu, pet koncerata ozbiljne, zabavne i rok muzike i jedan knji\u017eevni program.<\/p>\n<p><img title=\"NJegova svetost patrijarh srpski Porfirije\" src=\"\/wp-content\/uploads\/prethodni\/2021\/sv_otvaranje_ds3.jpg\" alt=\"NJegova svetost patrijarh srpski Porfirije\" width=\"1200\" border=\"0\" \/><\/p>\n<p>NJegova svetost\u00a0patrijarh srpski <strong>Porfirije<\/strong> rekao je na otvaranju manifestacije Dani Srpske u Srbiji da je stvaranje, postojanje i napredak Republike Srpske djelo pravde, kao i me\u0111unarodnog prava i konsenzusa, a da je za hri\u0161\u0107ane pravedno ono \u0161to je utemeljeno na istini.<\/p>\n<p><img title=\"Predsjednik Vlade Republike Srpske Radovan Vi\u0161kovi\u0107\" src=\"\/wp-content\/uploads\/prethodni\/2021\/sv_otvaranje_ds4.jpg\" alt=\"Predsjednik Vlade Republike Srpske Radovan Vi\u0161kovi\u0107\" width=\"1200\" border=\"0\" \/><\/p>\n<p>Predsjednik Vlade Republike Srpske<strong> Radovan Vi\u0161kovi\u0107<\/strong> istakao je da su Dani Srpske u Srbiji velika i lijepa prilika da se istakne jedinstvo i zajedni\u0161tvo jednog naroda kojem granice ne mogu izbrisati srodstvo, tradiciju, vjeru i kulturu.<\/p>\n<p>&#8211; Biti danas ovdje sa vama, na po\u010detku ovog veli\u010danstvenog skupa, posve\u0107enog Republici Srpskoj i Srbiji, na\u0161em prijateljstvu, bratstvu i zajedni\u0161tvu, predstavlja za mene veliku radost i \u010dast &#8211; istakao je Vi\u0161kovi\u0107 otvaraju\u0107i manifestaciju.<\/p>\n<p><img title=\"\u0160ef Predstavni\u0161tva Republike Srpske u Srbiji Mla\u0111en Cicovi\u0107\" src=\"\/wp-content\/uploads\/prethodni\/2021\/sv_otvaranje_ds5.jpg\" alt=\"\u0160ef Predstavni\u0161tva Republike Srpske u Srbiji Mla\u0111en Cicovi\u0107\" width=\"1200\" border=\"0\" \/><\/p>\n<p>\u0160ef Predstavni\u0161tva Republike Srpske u Srbiji<strong> Mla\u0111en Cicovi\u0107<\/strong> rekao je na otvaranju manifestacije da je uvjeren da \u0107e i ovogodi\u0161nji Dani Srpske u Srbiji poslati jasnu poruku o nikad pre\u010dem jedinstvu srpskog naroda sa obje strane Drine u o\u010duvanju slobode, svetosavske pravoslavne vjere, kao i jezika i pisma.<\/p>\n<p>Cicovi\u0107 je naglasio da je ova manifestacija tokom devet godina postala most koji na najljep\u0161i na\u010din spaja srpski narod sa obje strane Drine.<\/p>\n<p>&#8211; To je most koji svake godine \u010dinimo ja\u010dim, \u010dvr\u0161\u0107im i ljep\u0161im &#8211; istakao je Cicovi\u0107 u pozdravnoj rije\u010di u svojstvu doma\u0107ina.<\/p>\n<p><img title=\"Potpredsjednica Vlade Srbije Maja Gojkovi\u0107\" src=\"\/wp-content\/uploads\/prethodni\/2021\/sv_otvaranje_ds6.jpg\" alt=\"Potpredsjednica Vlade Srbije Maja Gojkovi\u0107\" width=\"1200\" border=\"0\" \/><\/p>\n<p>Potpredsjednica Vlade Srbije\u00a0<strong>Maja Gojkovi\u0107<\/strong> istakla je na sve\u010danom otvaranju manifestacije da je ja\u010danje odnosa Srbije i Republike Srpske od su\u0161tinskog intersa za srpski narod.<\/p>\n<p>&#8211; Globalni procesi i istorijski tokovi \u010desto nisu bili blagonakloni prema bliskosti jednog istog naroda koji \u017eivi sa dvije strane Drine, zato je potrebno stalno podsticati i ohrabrivati sveobuhvatnu saradnju u oblasti kulture, a naro\u010dito u negovanju sje\u0107anja &#8211;\u00a0rekla je Gojkovi\u0107eva.<\/p>\n<p><img title=\"Simfonijski orkestar Banjalu\u010dke filharmonije, dirigent - Branka Rado\u0161evi\u0107, solisti -Sne\u017eana Savi\u010di\u0107 Sekuli\u0107, Minja \u0160ukalo i Vasa Stajki\u0107, reditelj - Dragan El\u010di\u0107\" src=\"\/wp-content\/uploads\/prethodni\/2021\/sv_otvaranje_ds7.jpg\" alt=\"Simfonijski orkestar Banjalu\u010dke filharmonije, dirigent - Branka Rado\u0161evi\u0107, solisti -Sne\u017eana Savi\u010di\u0107 Sekuli\u0107, Minja \u0160ukalo i Vasa Stajki\u0107, reditelj - Dragan El\u010di\u0107\" width=\"1200\" border=\"0\" \/><\/p>\n<p>Komletan snimak sve\u010danog otvaranja mo\u017eete vidjeti <a href=\"https:\/\/www.rtrs.tv\/av\/pusti.php?id=100834\" target=\"_blank\" rel=\"noopener\">OVDJE<\/a><\/p>\n","protected":false},"excerpt":{"rendered":"<p>Tradicionalna manifestacija Dani Srpske u Srbiji, koju organizuje Predstavni\u0161tvo Republike Srpske u Srbiji po deveti put, po\u010dela je sino\u0107, \u00a022.09.2021. u Beogradu. Ove godine manifestacija je organizovana u 11 gradova u Srbiji. Organizovane su i dvije velike promocije investicionih potencijala poslovnih slobodnih zona i turisti\u010dka ponuda Republike Srpske. Publici u Srbiji bi\u0107e predstavljeni i umjetni\u010dki&#8230;<\/p>\n","protected":false},"author":1,"featured_media":3548,"comment_status":"closed","ping_status":"closed","sticky":false,"template":"","format":"standard","meta":[],"categories":[56],"tags":[73],"_links":{"self":[{"href":"https:\/\/predstavnistvorsbg.rs\/sr-Latn\/wp-json\/wp\/v2\/posts\/4598"}],"collection":[{"href":"https:\/\/predstavnistvorsbg.rs\/sr-Latn\/wp-json\/wp\/v2\/posts"}],"about":[{"href":"https:\/\/predstavnistvorsbg.rs\/sr-Latn\/wp-json\/wp\/v2\/types\/post"}],"author":[{"embeddable":true,"href":"https:\/\/predstavnistvorsbg.rs\/sr-Latn\/wp-json\/wp\/v2\/users\/1"}],"replies":[{"embeddable":true,"href":"https:\/\/predstavnistvorsbg.rs\/sr-Latn\/wp-json\/wp\/v2\/comments?post=4598"}],"version-history":[{"count":0,"href":"https:\/\/predstavnistvorsbg.rs\/sr-Latn\/wp-json\/wp\/v2\/posts\/4598\/revisions"}],"wp:featuredmedia":[{"embeddable":true,"href":"https:\/\/predstavnistvorsbg.rs\/sr-Latn\/wp-json\/wp\/v2\/media\/3548"}],"wp:attachment":[{"href":"https:\/\/predstavnistvorsbg.rs\/sr-Latn\/wp-json\/wp\/v2\/media?parent=4598"}],"wp:term":[{"taxonomy":"category","embeddable":true,"href":"https:\/\/predstavnistvorsbg.rs\/sr-Latn\/wp-json\/wp\/v2\/categories?post=4598"},{"taxonomy":"post_tag","embeddable":true,"href":"https:\/\/predstavnistvorsbg.rs\/sr-Latn\/wp-json\/wp\/v2\/tags?post=4598"}],"curies":[{"name":"wp","href":"https:\/\/api.w.org\/{rel}","templated":true}]}}