{"id":4599,"date":"2021-09-23T11:00:32","date_gmt":"2021-09-23T09:00:32","guid":{"rendered":"https:\/\/prs2.profimediagroup.com\/uncategorized-sr-latn\/privredna-saradnja-srpske-i-srbije-i-investicioni-potencijali-konferencija-u-privrednoj-komori-srbije-u-okviru-manifestacije-dani-srpske-u-srbiji\/"},"modified":"2023-04-12T10:34:12","modified_gmt":"2023-04-12T08:34:12","slug":"privredna-saradnja-srpske-i-srbije-i-investicioni-potencijali-konferencija-u-privrednoj-komori-srbije-u-okviru-manifestacije-dani-srpske-u-srbiji-ltn","status":"publish","type":"post","link":"https:\/\/predstavnistvorsbg.rs\/sr-Latn\/prethodni-dogadjaji-sr-latn\/privredna-saradnja-srpske-i-srbije-i-investicioni-potencijali-konferencija-u-privrednoj-komori-srbije-u-okviru-manifestacije-dani-srpske-u-srbiji-ltn\/","title":{"rendered":"Privredna saradnja Srpske i Srbije i investicioni potencijali &#8211; konferencija u Privrednoj komori Srbije u okviru manifestacije &#8222;Dani Srpske u Srbiji&#8220;"},"content":{"rendered":"<p>Tradicionalna manifestacija \u201eDani Srpske u Srbiji\u201c, koju ve\u0107 devet godina organizuje Predstavni\u0161tvo Republike Srpske u Srbiji, sve\u010dano je otvorena sino\u0107 u Narodnom pozori\u0161tu u Beogradu.<\/p>\n<p>Prethodno je u 10 sati bio prijem kod gradona\u010delnika Beograda prof. dr Zorana Radoji\u010di\u0107a za delegaciju Republike Srpske na \u010delu sa premijerom Radovanom Vi\u0161kovi\u0107em, i u 12 sati, u Knez Mihailovoj ulici, kod Kulturnog centra Beograda, promocija turisti\u010dke ponude Republike Srpske, koja je trajala do 19.00, kao \u0161to je biti i danas biti od 12 do 19 sati.<\/p>\n<p>&nbsp;<\/p>\n<p><strong>U Privrednoj komori Srbije<\/strong>, u Resavskoj 15, ju\u010de je odr\u017eana i promocija investicionih potencijala poslovnih i slobodnih zona Republike Srpske, sa akcentom na slobodne zone u Podrinju. Poslije emitovanja filmske prezentacije pod naslovom \u201eSrpska &#8211; Republika mogu\u0107nosti\u201c govorili su Marko \u010cade\u017e, predsednik Privredne komore Srbije, Mla\u0111en Cicovi\u0107, \u0161ef Predstavni\u0161tva Republike Srpske u Srbiji, Pero \u0106ori\u0107, predsjednik Privredne komore Republike Srpske, Radovan Vi\u0161kovi\u0107, predsjednik Vlade Republike Srpske i, u ime Vlade Srbije, ministar finansija Sini\u0161a Mali. Poslije filmske prezentacije \u201ePoslovne i slobodne zone Republike Srpske\u201c (Prijedor, Gradi\u0161ka, Trebinje, Zvornik) govorili su Vjekoslav Petri\u010devi\u0107, ministar privrede i preduzetniptva Republike Srpske, o prednosti investiranja i poslovanja u Republici Srpskoj, Zlatan Kloki\u0107, ministar za evropske integracije i regionalnu saradnju, o mogu\u0107nostima i na\u010dinima regionalne saradnje, a Sr\u0111an Ranki\u0107, na\u010delnik op\u0161tine Bratunac, je predstavio slobodnu zonu u Bratuncu.<\/p>\n<p><img title=\"Radovan Vi\u0161kovi\u0107, predsjednik Vlade R. Srpske\" src=\"\/wp-content\/uploads\/prethodni\/2021\/kon_u_pr_komori2.jpg\" alt=\"Radovan Vi\u0161kovi\u0107, predsjednik Vlade R. Srpske\" width=\"1200\" border=\"0\" \/><\/p>\n<p>Predsjednik Vlade Republike Srpske<strong> Radovan Vi\u0161kovi\u0107<\/strong> pozvao je privrednike da investiraju u Srpsku i istakao da \u0107e Vlada podr\u017eati svaku dobru investiciju, te da je Vlada opredijeljena da sa svima sara\u0111uje na partnerskoj osnovi, te dodao da su zbirne poreske stope u Srpskoj najni\u017ee u regionu i da olak\u0161ice za poslovanje predstavljaju i mogu\u0107nost osloba\u0111anja pla\u0107anja poreza i doprinosa za novozaposlne u trajanju od 12 mjeseci.<\/p>\n<p>\u2013 U ime Vlade Republike Srpske i lokalnih zajednica pozivam vas da investirate u Srpsku. Stojimo na raspolaganju za svaku poslovnu inicijativu i investiciju \u2013 naglasio je Vi\u0161kovi\u0107. &#8211; Porez na dobit od 10 odsto, neoporeziva dividenda i povoljna cijena elektri\u010dne energije, predstavljaju jedne od klju\u010dnih prednosti za investiranje u Republiku Srpsku.<\/p>\n<p>Radovan Vi\u0161kovi\u0107 je istakao da \u0107e danas biti potpisan ugovor sa kompanijom iz Beograda koja ve\u0107 radi stambene kontejnere na prostoru Srebrenice, kao i da od skupa o ivesticionim potencijalima Srpske o\u010dekuje konkretne dogovore za odre\u0111ene privredne aktivnosti, posebno u pograni\u010dnom dijelu sa Srbijom. Vi\u0161kovi\u0107 je pojasnio da ta kompanija iz Beograda \u017eeli da radi takve profile i na prostoru Bratunca, u blizini mosta Bratoljub za koji se nada da \u0107e po\u010detkom oktobra biti u funkciji.<\/p>\n<p>On je naveo da se pored potpisivanja ugovora sa jednom kompanijom iz Srbije obavljaju preliminarni razgovori sa \u0161est do sedam kompanija, koje su spremne da investiraju u Srpsku.<\/p>\n<p>&#8211; Moja o\u010dekivanja su velika, razgovara\u0107u sa predstavnicima NIS-a, \u201eNeoplante\u201c, \u201eDelta\u201c, \u201eCeptera\u201c\u2026 koji rade i na regionalnom niovu. Drago mi je \u0161to su takve kompanije spremne i \u017eele da ula\u017eu u Republiku Srpsku. Sa ove pozicije u Vladi sa svojim ministrima u\u010dini\u0107u sve da im olak\u0161amo investicije i benefite \u2013 rekao je Vi\u0161kovi\u0107.<\/p>\n<p>Kada je rije\u010d o odre\u0111enim privrednim aktivnostima u pograni\u010dnom dijelu, Vi\u0161kovi\u0107 je pojasnio da su u pitanju slobodne zone koje Srpska \u017eeli da kreira od Bratunca do Bijeljine.<\/p>\n<p>On je podsjetio da na skupu u\u010destvuju na\u010delnici i gradona\u010delnici Gradi\u0161ke, Trebinja, Zvornika, Bratunca koji su iskazali interes da formiraju te zone kao i privrednici iz Srbije koji su spremni da prave proizvodne kapacitete u Republici Srpskoj.<\/p>\n<p>Vi\u0161kovi\u0107 je podsjetio da je nedavno na sastanku sa pokrajinskim premijerom Igorom Mirovi\u0107em dogovoreno da se i Pokrajinska vlada uklju\u010di na ovom podru\u010dju, a ta ista pri\u010da je kreirana i sa Vladom Srbije za ostale privredne subjekte u Srbiji i svi koji su zainteresovani da investiraju u Srpsku ima\u0107e podr\u0161ku njenih i institucija Srbije.<\/p>\n<p><img title=\"Sini\u0161a Mali, ministar finansija u Vladi R. Srbije\" src=\"\/wp-content\/uploads\/prethodni\/2021\/kon_u_pr_komori3.jpg\" alt=\"Sini\u0161a Mali, ministar finansija u Vladi R. Srbije\" width=\"1200\" border=\"0\" \/><\/p>\n<p><strong>Sini\u0161a Mali<\/strong>, ministar finansija u Vladi Republike Srbije, je istakao da je jedan od prioriteta Srbije ulaganja u putnu, \u017eelezni\u010dku infrastrukturu kako bi podigli kvalitet \u017eivota gra\u0111ana i nivo atraktivnosti, konkuretnosti okru\u017eenja u kome privreda obavlja svoju delatnost. To isto se odnosi i na ulaganja u Republici Srpskoj.<\/p>\n<p>&#8211; Upravo smo takve projekte definisali sa Republikom Srpskom. Tu su projekti u oblasti eneretike, koji se odnose na hidropotencijale gornjeg toka reke Drina, hidroelektrane Paunci, Fo\u010da, Buk Bijela, a investicije koje slede\u0107e godine kre\u0107u su aerodrom Trebinje, a tu su i ulaganja koja se odnose na autoput Beograd-Sarajevo &#8211; rekao je Mali.<\/p>\n<p><img title=\"Vjekoslav Petri\u010devi\u0107, ministar privrede i preduzetni\u0161tva R. Srpske\" src=\"\/wp-content\/uploads\/prethodni\/2021\/kon_u_pr_komori4.jpg\" alt=\"Vjekoslav Petri\u010devi\u0107, ministar privrede i preduzetni\u0161tva R. Srpske\" width=\"1200\" border=\"0\" \/><\/p>\n<p>Ministar privrede i preduzetni\u0161tva <strong>Vjekoslav Petri\u010devi\u0107<\/strong> i ministar za evropske<\/p>\n<p><img title=\"Zlatan Kloki\u0107, ministar za evropske integracije i me\u0111unarodnu saradnju R. Srpske\" src=\"\/wp-content\/uploads\/prethodni\/2021\/kon_u_pr_komori5.jpg\" alt=\"Zlatan Kloki\u0107, ministar za evropske integracije i me\u0111unarodnu saradnju R. Srpske\" width=\"1200\" border=\"0\" \/><\/p>\n<p>integracije i me\u0111unarodnu saradnju <strong>Zlatan Kloki\u0107<\/strong> prezentovali su olak\u0161ice i benefite koje je Srpska spremna da ponudi privrednicima i investitorima.<\/p>\n<p><img title=\"Marko \u010cade\u017e, predsjednik Privredne komore Srbije\" src=\"\/wp-content\/uploads\/prethodni\/2021\/kon_u_pr_komori6.jpg\" alt=\"Marko \u010cade\u017e, predsjednik Privredne komore Srbije\" width=\"1200\" border=\"0\" \/><\/p>\n<div>Predsjednik Privredne komore Srbije <strong>Marko \u010cade\u017e<\/strong> je rekao da je Republika Srpska atraktivna destinacija za investitore i \u0161est do sedam kompanija ve\u0107 imaju konkretne planove \u0161ta bi \u017eeljeli da proizvode u Srpskoj.<\/div>\n<div><img title=\"Pero \u0106ori\u0107, predsjednik Privredne komore R. Srpske\" src=\"\/wp-content\/uploads\/prethodni\/2021\/kon_u_pr_komori7.jpg\" alt=\"Pero \u0106ori\u0107, predsjednik Privredne komore R. Srpske\" width=\"1200\" border=\"0\" \/><\/div>\n<p>Predsjednik Privredne komore Republike Srpske<strong> Pero \u0106ori\u0107<\/strong> rekao je da je Srbija najve\u0107i investitor u Srpsku, ali da je potreban mnogo ve\u0107i iskorak i da za realizaciju tako velikih projekata Srpska mora da ima kvalitetnu infrastrukturu.<\/p>\n<p>On je naveo da na dana\u0161njem skupu u\u010destvuju \u010detiri lokalne zajednice iz Srpske koje mogu da prihvate takve investitore i da danas o\u010dekuje ve\u0107u zainteresovanost investitora iz Srbije.<\/p>\n<p>-Vlada Republike Srpske je opredijeljena za reforme i da mnogi zakoni idu u pravcu privla\u010denja investicija \u2013 rekao je \u0106ori\u0107, koji se nada ve\u0107em obimu trgovinske razmjene.<\/p>\n<p><img title=\"Mla\u0111en Cicovi\u0107, \u0161ef Predstavni\u0161tva R. Srpske u Srbiji\" src=\"\/wp-content\/uploads\/prethodni\/2021\/kon_u_pr_komori8.jpg\" alt=\"Mla\u0111en Cicovi\u0107, \u0161ef Predstavni\u0161tva R. Srpske u Srbiji\" width=\"1200\" border=\"0\" \/><\/p>\n<p><strong>Mla\u0111en Cicovi\u0107, <\/strong>\u0161ef Predstavni\u0161tva Republike Srpske u Srbiji, koje je organizator manifestacije \u201eDani Srske u Srbiji\u201c i u okviru nje i ove konferencije o investitcionim ulaganjima u Republici Srpskoj, je rekao da je posao Predstavni\u0161tva da radi na podsticanju privredne saradnje Srpske i Srbije.<\/p>\n<p>&#8211; Saradnja Srbije i Srpske na najvi\u0161em, dr\u017eavnom nivou je bolja nego ikad, odli\u010dna je i saradnja dvije vlade, Srbije i Republike Srpske, pa i saradnja dvije privredne komore, te oslanjaju\u0107i se na sve te dobre saradnje, \u017eelimo ovom konferencijom u\u010diniti plodonosnijom, uspje\u0161nijom i privrednu saradnju u oba smjera, kako za nas u Republici Srpskoj tako i za one koji iz Srbije investiraju i one koji \u0107e tek investirati u Republiku Srpsku &#8211; rekao je Cicovi\u0107.<\/p>\n","protected":false},"excerpt":{"rendered":"<p>Tradicionalna manifestacija \u201eDani Srpske u Srbiji\u201c, koju ve\u0107 devet godina organizuje Predstavni\u0161tvo Republike Srpske u Srbiji, sve\u010dano je otvorena sino\u0107 u Narodnom pozori\u0161tu u Beogradu. Prethodno je u 10 sati bio prijem kod gradona\u010delnika Beograda prof. dr Zorana Radoji\u010di\u0107a za delegaciju Republike Srpske na \u010delu sa premijerom Radovanom Vi\u0161kovi\u0107em, i u 12 sati, u Knez&#8230;<\/p>\n","protected":false},"author":1,"featured_media":3552,"comment_status":"closed","ping_status":"closed","sticky":false,"template":"","format":"standard","meta":[],"categories":[56],"tags":[73],"_links":{"self":[{"href":"https:\/\/predstavnistvorsbg.rs\/sr-Latn\/wp-json\/wp\/v2\/posts\/4599"}],"collection":[{"href":"https:\/\/predstavnistvorsbg.rs\/sr-Latn\/wp-json\/wp\/v2\/posts"}],"about":[{"href":"https:\/\/predstavnistvorsbg.rs\/sr-Latn\/wp-json\/wp\/v2\/types\/post"}],"author":[{"embeddable":true,"href":"https:\/\/predstavnistvorsbg.rs\/sr-Latn\/wp-json\/wp\/v2\/users\/1"}],"replies":[{"embeddable":true,"href":"https:\/\/predstavnistvorsbg.rs\/sr-Latn\/wp-json\/wp\/v2\/comments?post=4599"}],"version-history":[{"count":0,"href":"https:\/\/predstavnistvorsbg.rs\/sr-Latn\/wp-json\/wp\/v2\/posts\/4599\/revisions"}],"wp:featuredmedia":[{"embeddable":true,"href":"https:\/\/predstavnistvorsbg.rs\/sr-Latn\/wp-json\/wp\/v2\/media\/3552"}],"wp:attachment":[{"href":"https:\/\/predstavnistvorsbg.rs\/sr-Latn\/wp-json\/wp\/v2\/media?parent=4599"}],"wp:term":[{"taxonomy":"category","embeddable":true,"href":"https:\/\/predstavnistvorsbg.rs\/sr-Latn\/wp-json\/wp\/v2\/categories?post=4599"},{"taxonomy":"post_tag","embeddable":true,"href":"https:\/\/predstavnistvorsbg.rs\/sr-Latn\/wp-json\/wp\/v2\/tags?post=4599"}],"curies":[{"name":"wp","href":"https:\/\/api.w.org\/{rel}","templated":true}]}}