{"id":4600,"date":"2021-09-23T11:00:32","date_gmt":"2021-09-23T09:00:32","guid":{"rendered":"https:\/\/prs2.profimediagroup.com\/uncategorized-sr-latn\/u-okviru-manifestacije-dani-srpske-u-srbiji-prijem-kod-gradonacelnika-beograda\/"},"modified":"2023-04-12T10:34:57","modified_gmt":"2023-04-12T08:34:57","slug":"u-okviru-manifestacije-dani-srpske-u-srbiji-prijem-kod-gradonacelnika-beograda-ltn","status":"publish","type":"post","link":"https:\/\/predstavnistvorsbg.rs\/sr-Latn\/prethodni-dogadjaji-sr-latn\/u-okviru-manifestacije-dani-srpske-u-srbiji-prijem-kod-gradonacelnika-beograda-ltn\/","title":{"rendered":"U okviru manifestacije &#8222;Dani Srpske u Srbiji&#8220; &#8211; prijem kod gradona\u010delnika Beograda"},"content":{"rendered":"<p>Tradicionalna manifestacija \u201eDani Srpske u Srbiji\u201c, koju ve\u0107 devet godina organizuje Predstavni\u0161tvo Republike Srpske u Srbiji, sve\u010dano je otvorena sino\u0107 u Narodnom pozori\u0161tu u Beogradu.<\/p>\n<p>&nbsp;<\/p>\n<p>Prethodno je, u 10 sati prije podne, gradona\u010delnik Beograda prof. dr Zoran Radoji\u010di\u0107 primio u Starom dvoru delegaciju Republike Srpske, predvo\u0111enu premijerom Radovanom Vi\u0161kovi\u0107em. U delegaciji Republike Srpske bili su i Zlatan Kloki\u0107, ministar za evropske integracije i me\u0111unarodnu saradnju, Mla\u0111en Cicovi\u0107, \u0161ef Predstavni\u0161tva Republike Srpske u Srbiji i \u017deljko \u0110uri\u0107, \u0161ef kabineta predsjednika Vlade Republike Srpske.<\/p>\n<p><img title=\"Dr Zoran Radoji\u010di\u0107, gradona\u010delnik Beograda sa Radovanom Vi\u0161kovi\u0107em, predsjednikom Vlade R. Srpske\" src=\"\/wp-content\/uploads\/prethodni\/2021\/prijem_kod_radojicica2.jpg\" alt=\"Dr Zoran Radoji\u010di\u0107, gradona\u010delnik Beograda sa Radovanom Vi\u0161kovi\u0107em, predsjednikom Vlade R. Srpske\" width=\"1200\" border=\"0\" \/><\/p>\n<p>Gradona\u010delnik Radoji\u010di\u0107 je izrazio zadovoljstvo \u0161to je imao priliku da razgovara sa predsednikom Vlade Republike Srpske i njegovim saradnicima.<\/p>\n<p>\u2013 Sre\u0107an sam \u0161to se i ove godine od 22. do 29. septembra \u201eDani Srpske u Srbiji\u201d odr\u017eavaju u vi\u0161e gradova Srbije. To je prilika da jo\u0161 jednom razgovaramo o na\u0161im dobrim odnosima, kao i tome kako da ih dodatno unapredimo. Premijer Vi\u0161kovi\u0107 je istakao da je zadovoljan na\u010dinom na koji smo prethodnih godina zajedni\u010dki organizovali manifestacije kroz koje se ljudi u Srbiji mogu bolje upoznati s Republikom Srpskom \u2013 istakao je Radoji\u010di\u0107.<\/p>\n<p>Gradona\u010delnik Beograda je rekao i da je Grad u protekloj godini imao vi\u0161e kontakata sa op\u0161tinama i gradovima Republike Srpske, kao \u0161to su Vi\u0161egrad, Srebrenica, Isto\u010dno Sarajevo, Bijeljina, Banjaluka, Trebinje i dodao da je bilo dosta prilika za razgovor, razmenu iskustava, kao i razgovora o mogu\u0107nostima uzajamne pomo\u0107i.<\/p>\n<p>Dr Radoji\u010di\u0107 je posebno istakao va\u017enost jedinstva srpskog naroda i podsjetio na proslavu Dana srpskog jedinstva, slobode i nacionalne zastave, koja je bila zaista veli\u010danstvena.<\/p>\n<p>&#8211; Taj dan nas podsje\u0107a na jedinstvo na koje moramo misliti svakog dana \u2013 ukazao je Radoji\u010di\u0107 i dodao da o pandemiji virusa korona postoji saglasnost da treba na\u0107i nove na\u010dine kako bi se \u0161to vi\u0161e ljudi motivisalo da se vakcini\u0161u.<\/p>\n<p>\u2013 Preko 95 odsto obolelih sa te\u0161kom formom bolesti, koji su na respiratoru, ili preminu od ove bolesti su nevakcinisani. Tako da smo i ovom prilikom pozvali ljude da se vakcini\u0161u jer je to jedini na\u010din da se izborimo sa pandemijom \u2013 zaklju\u010dio je Radoji\u010di\u0107.<\/p>\n<p><img title=\"Delegacija Republike Srpske na prijemu kod gradona\u010delnika Beograda\" src=\"\/wp-content\/uploads\/prethodni\/2021\/prijem_kod_radojicica2_1.jpg\" alt=\"Delegacija Republike Srpske na prijemu kod gradona\u010delnika Beograda\" width=\"1200\" border=\"0\" \/><\/p>\n<p>Predsednik Vlade Republike Srpske Radovan Vi\u0161kovi\u0107 zahvalio je gradona\u010delniku i svim gra\u0111anima Srbije na nesebi\u010dnoj podr\u0161ci. On je precizirao da \u0107e ovogodi\u0161nji \u201eDani Srpske u Srbiji\u201d biti organizovani u jedanaest gradova u Srbiji.<\/p>\n<p>\u2013 Beograd je centar srpskog naroda u regionu i uvek ima razumevanja za odr\u017eavanje ovakvih manifestacija, daju\u0107i svesrdnu podr\u0161ku i pomo\u0107 Republici Srpskoj \u2013 rekao je Vi\u0161kovi\u0107 i posebno se naglasio va\u017enu pomo\u0107 u uslovima epidemije, na \u010demu je Srbiji veoma zahvalan.<\/p>\n<p>\u2013 Jaka, stabilna i ekonomski prosperitetna Srbija daje sigurnost i Republici Srpskoj, a benefite od toga imaju i pripadnici drugih naroda \u2013 naveo je Vi\u0161kovi\u0107.<\/p>\n<p>Predsednik Vlade Republike Srpske najavio je da predstoje sastanci u Privrednoj komori Srbije, gde se o\u010dekuje u\u010de\u0161\u0107e velikog broja privrednika. Razgovara\u0107e se o projektima koji treba da se realizuju u slobodnim industrijskim zonama u pograni\u010dnom pojasu kako bi se, naglasio je Vi\u0161kovi\u0107, otvorila nova radna mjesta za gra\u0111ane koji \u017eive i s jedne i s druge strane Drine.<\/p>\n<p><img title=\"Prijem kod gradona\u010delnika Beograda, u okviru manifestacije \u201eDani Srpske u Srbiji\u201c\" src=\"\/wp-content\/uploads\/prethodni\/2021\/prijem_kod_radojicica3.jpg\" alt=\"Prijem kod gradona\u010delnika Beograda, u okviru manifestacije \u201eDani Srpske u Srbiji\u201c\" width=\"1200\" border=\"0\" \/><\/p>\n<p>Sastanku u Starom dvoru prisustvovao je i pomo\u0107nik gradona\u010delnika Beograda Aleksandar Markovi\u0107.<\/p>\n","protected":false},"excerpt":{"rendered":"<p>Tradicionalna manifestacija \u201eDani Srpske u Srbiji\u201c, koju ve\u0107 devet godina organizuje Predstavni\u0161tvo Republike Srpske u Srbiji, sve\u010dano je otvorena sino\u0107 u Narodnom pozori\u0161tu u Beogradu. &nbsp; Prethodno je, u 10 sati prije podne, gradona\u010delnik Beograda prof. dr Zoran Radoji\u010di\u0107 primio u Starom dvoru delegaciju Republike Srpske, predvo\u0111enu premijerom Radovanom Vi\u0161kovi\u0107em. U delegaciji Republike Srpske bili&#8230;<\/p>\n","protected":false},"author":1,"featured_media":3550,"comment_status":"closed","ping_status":"closed","sticky":false,"template":"","format":"standard","meta":[],"categories":[56],"tags":[73],"_links":{"self":[{"href":"https:\/\/predstavnistvorsbg.rs\/sr-Latn\/wp-json\/wp\/v2\/posts\/4600"}],"collection":[{"href":"https:\/\/predstavnistvorsbg.rs\/sr-Latn\/wp-json\/wp\/v2\/posts"}],"about":[{"href":"https:\/\/predstavnistvorsbg.rs\/sr-Latn\/wp-json\/wp\/v2\/types\/post"}],"author":[{"embeddable":true,"href":"https:\/\/predstavnistvorsbg.rs\/sr-Latn\/wp-json\/wp\/v2\/users\/1"}],"replies":[{"embeddable":true,"href":"https:\/\/predstavnistvorsbg.rs\/sr-Latn\/wp-json\/wp\/v2\/comments?post=4600"}],"version-history":[{"count":0,"href":"https:\/\/predstavnistvorsbg.rs\/sr-Latn\/wp-json\/wp\/v2\/posts\/4600\/revisions"}],"wp:featuredmedia":[{"embeddable":true,"href":"https:\/\/predstavnistvorsbg.rs\/sr-Latn\/wp-json\/wp\/v2\/media\/3550"}],"wp:attachment":[{"href":"https:\/\/predstavnistvorsbg.rs\/sr-Latn\/wp-json\/wp\/v2\/media?parent=4600"}],"wp:term":[{"taxonomy":"category","embeddable":true,"href":"https:\/\/predstavnistvorsbg.rs\/sr-Latn\/wp-json\/wp\/v2\/categories?post=4600"},{"taxonomy":"post_tag","embeddable":true,"href":"https:\/\/predstavnistvorsbg.rs\/sr-Latn\/wp-json\/wp\/v2\/tags?post=4600"}],"curies":[{"name":"wp","href":"https:\/\/api.w.org\/{rel}","templated":true}]}}