{"id":4602,"date":"2021-09-24T10:00:15","date_gmt":"2021-09-24T08:00:15","guid":{"rendered":"https:\/\/prs2.profimediagroup.com\/uncategorized-sr-latn\/dani-srpske-u-srbiji-veceras-u-sidu\/"},"modified":"2023-04-12T10:42:47","modified_gmt":"2023-04-12T08:42:47","slug":"dani-srpske-u-srbiji-veceras-u-sidu-ltn","status":"publish","type":"post","link":"https:\/\/predstavnistvorsbg.rs\/sr-Latn\/prethodni-dogadjaji-sr-latn\/dani-srpske-u-srbiji-veceras-u-sidu-ltn\/","title":{"rendered":"&#8222;Dani Srpske u Srbiji&#8220; ve\u010deras u \u0160idu"},"content":{"rendered":"<p>Ve\u010deras je\u00a0i u \u0160idu, u Kulturno-obrazovnom centru, prire\u0111en program manifestacije \u201eDani Srpske u Srbiji\u201c:\u00a0koncert etno grupe \u201eIva\u201c.\u00a0Koncertu\u00a0su\u00a0prisustvovali\u00a0Tihomir Stamenkovi\u0107, predsjednik Skup\u0161tine op\u0161tine \u0160id i Borislav Maksimovi\u0107, samostalni stru\u010dni saradnik za razvoj i unapre\u0111enje saradnje u prosvjeti, kulturi i umjetnosti u Predstavni\u0161tvu Republike Srpske u Srbiji.<\/p>\n<p><img title=\"Etno grupa \u201eIva\u201c vokali: Marijana Simi\u0107, \u017daklina Gligori\u0107, Ana Jovanovi\u0107 i Ne\u0111ica Mijajlovi\u0107, instrumentalisti: Jovana Jovanovi\u0107 - violina, vokal, Igor Jovi\u0107 - elektri\u010dna gitara, Marko Kova\u010di\u0107 - bas gitara, Sa\u0161a Risti\u0107 - bubanj, Milan Kosi\u0107 - perkusije, i Sa\u0161a Pavlovi\u0107 \u2013 klavijature\" src=\"\/wp-content\/uploads\/prethodni\/2021\/3_dan_sid2.jpg\" alt=\"Etno grupa \u201eIva\u201c vokali: Marijana Simi\u0107, \u017daklina Gligori\u0107, Ana Jovanovi\u0107 i Ne\u0111ica Mijajlovi\u0107, instrumentalisti: Jovana Jovanovi\u0107 - violina, vokal, Igor Jovi\u0107 - elektri\u010dna gitara, Marko Kova\u010di\u0107 - bas gitara, Sa\u0161a Risti\u0107 - bubanj, Milan Kosi\u0107 - perkusije, i Sa\u0161a Pavlovi\u0107 \u2013 klavijature\" width=\"1200\" border=\"0\" \/><\/p>\n<p>Sa\u0161a Pavlovi\u0107, rukovodilac grupe \u201eIva&#8220;,\u00a0je rekao da je izuzetna \u010dast i zadovoljstvo \u0161to su ve\u010deras imali priliku da u okviru manifestacije \u201eDani Srpske u Srbiji\u201c nastupe u \u0160idu i da prezentuju svoj rad \u00a0na o\u010duvanju tradicionalne muzike u aran\u017emanima koji pripadaju \u017eanru \u201eVorld mjuzik&#8220;.<\/p>\n<p>&#8211; Ova manifestacija je prilika \u00a0da gra\u0111anima u Republici Srbiji prika\u017eemo muzi\u010dku scenu koja se razvija u Republici Srpskoj\u00a0 i nadamo se da \u0107e to doprinijeti daljnjoj razmjeni programa &#8211; istakao je Pavlovi\u0107.<\/p>\n<p>Etno grupa Iva osnovana je sa ciljem o\u010duvanja tradicije, kulture i obi\u010daja kao samostalni vokalni ansambl. Pored izvornog narodnog muzi\u010dkog stvarala\u0161tva, grupa se bavi i o\u010duvanjem srpskih duhovnih \u2013 liturgijskih i paraliturgijskih pjesama. Ime je dobila po ljekovitoj travi ivi koja raste na obli\u017enjoj planini Ozren.<\/p>\n<p><img title=\"U Kulturno-obrazovnom centru u \u0160idu, prire\u0111en program manifestacije \u201eDani Srpske u Srbiji\u201c - koncert etno grupe \u201eIva\u201c\" src=\"\/wp-content\/uploads\/prethodni\/2021\/3_dan_sid3.jpg\" alt=\"U Kulturno-obrazovnom centru u \u0160idu, prire\u0111en program manifestacije \u201eDani Srpske u Srbiji\u201c - koncert etno grupe \u201eIva\u201c\" width=\"1200\" border=\"0\" \/><\/p>\n<p>Etno grupu \u201eIva\u201c \u010dine vokali\u00a0Marijana Simi\u0107, \u017daklina Gligori\u0107, Ana Jovanovi\u0107 i Ne\u0111ica Mijajlovi\u0107, i\u00a0instrumentalisti\u00a0Jovana Jovanovi\u0107 &#8211; violina, vokal, Igor Jovi\u0107 &#8211; elektri\u010dna gitara, Marko Kova\u010di\u0107 &#8211; bas gitara, Sa\u0161a Risti\u0107 &#8211; bubanj, Milan Kosi\u0107 &#8211; perkusije, i Sa\u0161a Pavlovi\u0107.<\/p>\n<p>Neposredno pred po\u010detak koncerta predsjednik Skup\u0161tine op\u0161tine \u0160id Tihomir Stamenkovi\u0107 je izjavio:<\/p>\n<p>&#8211; Zadovoljstvo je \u0161to ve\u010deras ovim koncertom grupe iz Republike Srpske razmenjujemo pozitivne vibracije. Mi ve\u0107 imamo dobru saradnju sa Predstavni\u0161tvom Republike Srpske u Srbiji i verujem da \u0107e se ta saradnja nastaviti, pa i da \u0107emo neki na\u0161 program imati prilike da poka\u017eemo u Republici Srpskoj.<\/p>\n","protected":false},"excerpt":{"rendered":"<p>Ve\u010deras je\u00a0i u \u0160idu, u Kulturno-obrazovnom centru, prire\u0111en program manifestacije \u201eDani Srpske u Srbiji\u201c:\u00a0koncert etno grupe \u201eIva\u201c.\u00a0Koncertu\u00a0su\u00a0prisustvovali\u00a0Tihomir Stamenkovi\u0107, predsjednik Skup\u0161tine op\u0161tine \u0160id i Borislav Maksimovi\u0107, samostalni stru\u010dni saradnik za razvoj i unapre\u0111enje saradnje u prosvjeti, kulturi i umjetnosti u Predstavni\u0161tvu Republike Srpske u Srbiji. Sa\u0161a Pavlovi\u0107, rukovodilac grupe \u201eIva&#8220;,\u00a0je rekao da je izuzetna \u010dast i&#8230;<\/p>\n","protected":false},"author":1,"featured_media":3556,"comment_status":"closed","ping_status":"closed","sticky":false,"template":"","format":"standard","meta":[],"categories":[56],"tags":[73],"_links":{"self":[{"href":"https:\/\/predstavnistvorsbg.rs\/sr-Latn\/wp-json\/wp\/v2\/posts\/4602"}],"collection":[{"href":"https:\/\/predstavnistvorsbg.rs\/sr-Latn\/wp-json\/wp\/v2\/posts"}],"about":[{"href":"https:\/\/predstavnistvorsbg.rs\/sr-Latn\/wp-json\/wp\/v2\/types\/post"}],"author":[{"embeddable":true,"href":"https:\/\/predstavnistvorsbg.rs\/sr-Latn\/wp-json\/wp\/v2\/users\/1"}],"replies":[{"embeddable":true,"href":"https:\/\/predstavnistvorsbg.rs\/sr-Latn\/wp-json\/wp\/v2\/comments?post=4602"}],"version-history":[{"count":0,"href":"https:\/\/predstavnistvorsbg.rs\/sr-Latn\/wp-json\/wp\/v2\/posts\/4602\/revisions"}],"wp:featuredmedia":[{"embeddable":true,"href":"https:\/\/predstavnistvorsbg.rs\/sr-Latn\/wp-json\/wp\/v2\/media\/3556"}],"wp:attachment":[{"href":"https:\/\/predstavnistvorsbg.rs\/sr-Latn\/wp-json\/wp\/v2\/media?parent=4602"}],"wp:term":[{"taxonomy":"category","embeddable":true,"href":"https:\/\/predstavnistvorsbg.rs\/sr-Latn\/wp-json\/wp\/v2\/categories?post=4602"},{"taxonomy":"post_tag","embeddable":true,"href":"https:\/\/predstavnistvorsbg.rs\/sr-Latn\/wp-json\/wp\/v2\/tags?post=4602"}],"curies":[{"name":"wp","href":"https:\/\/api.w.org\/{rel}","templated":true}]}}