{"id":4603,"date":"2021-09-24T11:00:51","date_gmt":"2021-09-24T09:00:51","guid":{"rendered":"https:\/\/prs2.profimediagroup.com\/uncategorized-sr-latn\/dani-srpske-u-srbiji-danas-u-kraljevu\/"},"modified":"2023-04-12T10:43:29","modified_gmt":"2023-04-12T08:43:29","slug":"dani-srpske-u-srbiji-danas-u-kraljevu-ltn","status":"publish","type":"post","link":"https:\/\/predstavnistvorsbg.rs\/sr-Latn\/prethodni-dogadjaji-sr-latn\/dani-srpske-u-srbiji-danas-u-kraljevu-ltn\/","title":{"rendered":"&#8222;Dani Srpske u Srbiji&#8220; danas u Kraljevu"},"content":{"rendered":"<p>Tre\u0107eg dana manifestacije \u201eDani Srpske u Srbiji\u201c, u petak, 24. septembra, u Kraljevu je u okviru programa bratimljenja op\u0161tina i gradova Srbije i Republike Srpske, u 13 sati, gradona\u010delnik Kraljeva dr Predrag Terzi\u0107 sa saradnicima primio delegaciju op\u0161tine Novo Gora\u017ede, koju je predvodila Mila Petkovi\u0107. U delegaciji su bili jo\u0161, dr Tanja Kunda\u010dina, odbornik u SO Novo Gora\u017ede i direktor Doma zdravlja \u201eDoktor Velimir Gigovi\u0107\u201c, Bobana Vidakovi\u0107, direktor Narodne biblioteke &#8222;Bo\u017eidar Gora\u017edanin&#8220; i Tomislav \u010carapi\u0107, \u0161ef Odsjeka za finansije, upravljanje razvojem, privredu i dru\u0161tvene djelatnosti.<\/p>\n<p><img title=\"Dr Predrag Terzi\u0107, gradona\u010delnik Kraljeva i Vukman Rako\u010devi\u0107, zamjenik gradona\u010delnika sa saradnicima na sastanku sa predstavnicima Srpske\" src=\"\/wp-content\/uploads\/prethodni\/2021\/3_dan_kraljevo2.jpg\" alt=\"Dr Predrag Terzi\u0107, gradona\u010delnik Kraljeva i Vukman Rako\u010devi\u0107, zamjenik gradona\u010delnika sa saradnicima na sastanku sa predstavnicima Srpske\" width=\"1200\" border=\"0\" \/><\/p>\n<div>\n<p>Prijemu su prisustvovali u ime grada Kraljeva, Nenad Markovi\u0107, predsednik Skup\u0161tine grada Kraljeva, Vukman Rako\u010devi\u0107, zamjenik gradona\u010delnika, Milun Jovanovi\u0107, pomo\u0107nik gradona\u010delnika za pitanja iz oblasti ljudskih prava, Milo\u0161 Mili\u0161i\u0107, pomo\u0107nik gradona\u010delnika za kulturne manifestacije, Nikola Radevi\u0107, pomo\u0107nik gradona\u010delnika za omladinu i sport, Zvonko Tufegd\u017ei\u0107, predsednik Regionalne privredne komore Moravi\u010dkog i Ra\u0161kog upravnog okruga i \u00a0Ivana Hrenko iz Narodne biblioteke \u201eStefan Prvoven\u010dani\u201c.<\/p>\n<\/div>\n<p><img title=\"Tatjana Duvnjak i Jelena Kusmuk saradnice u Predstavni\u0161tvu R. Srpske u Srbiji sa delegacijom Novog Gora\u017eda na sastanku kod gradona\u010delnika Kraljeva\" src=\"\/wp-content\/uploads\/prethodni\/2021\/3_dan_kraljevo3.jpg\" alt=\"Tatjana Duvnjak i Jelena Kusmuk saradnice u Predstavni\u0161tvu R. Srpske u Srbiji sa delegacijom Novog Gora\u017eda na sastanku kod gradona\u010delnika Kraljeva\" width=\"1200\" border=\"0\" \/><\/p>\n<div>\n<p>U ime Predstavni\u0161tva Republike Srpske u Srbiji prijemu su prisustvovali Tatjana\u00a0Duvnjak i\u00a0Jelena Kusmuk, samostalni stru\u010dni saradnici, koji su prisutnima predstavili manifestaju \u201eDani Srpske u Srbiji\u201c i iskazali podr\u0161ku incijatvi da se potpi\u0161e sporazum o bratimljenju Kraljeva i Novog Gora\u017eda.<\/p>\n<p>U razgovoru o saradnji u oblasti privrede i kulture, \u010dlanovi delegacije op\u0161tine Novo Gora\u017ede su predstavili slobodne privredne\u00a0kapacitete u vlasni\u0161tvu op\u0161tine Novo Gora\u017ede koji se stavljaju na raspolaganje potencijalnim investitorima, kao i privredne subjekte sa podru\u010dja op\u0161tine, potom izgradnju kulturno-omladinskog centra za koji je inicijalna sredstva obezbjedila\u00a0Vlada Republike Srbije na inicijativu predsjednika Aleksandra Vu\u010di\u0107a, i\u00a0Gora\u017edansku \u0161tampariju (1519-1523) i planove za izgradnju Muzeja \u0161tamparstva.<\/p>\n<\/div>\n<p><img title=\"Dr Predrag Terzi\u0107, gradona\u010delnik Kraljeva i Mila Petkovi\u0107, na\u010delnik Novog Gora\u017eda razmjenjuju poklone\" src=\"\/wp-content\/uploads\/prethodni\/2021\/3_dan_kraljevo4.jpg\" alt=\"Dr Predrag Terzi\u0107, gradona\u010delnik Kraljeva i Mila Petkovi\u0107, na\u010delnik Novog Gora\u017eda razmjenjuju poklone\" width=\"1200\" border=\"0\" \/><\/p>\n<p>Mila Petkovi\u0107, na\u010delnik op\u0161tine Novo Gora\u017ede, predlo\u017eila je s obzirom da je i ranije postojao sporazum izme\u0111u Gora\u017eda i Kraljeva i da je sad Novo Gora\u017ede postalo nova op\u0161tina u Republici Srpskoj, da se potpi\u0161e novi sporazum o bratimljenju kako bi se ozvani\u010dio nastavak saradnje izme\u0111u ova dva grada.<\/p>\n<p>&#8211; Drago nam je \u0161to smo u posjeti na\u0161em bratskom gradu Kraljevu, sa kojim njegujemo dugogodi\u0161nje prijateljske odnose. Cilj manifestacije jeste da gradovi i op\u0161tine iz Republike Srpske, koji imaju potpisane sporazume ili bratske odnose sa gradovima i op\u0161tinama iz Srbije, odr\u017ee sastanke i predstave turisti\u010dke, privredne i kulturne potencijale sa kojima raspola\u017eu &#8211; kazala je Mila Petkovi\u0107, na\u010delnik op\u0161tine Novo Gora\u017ede.<\/p>\n<p>Po njenim rje\u010dima, Kraljev\u010danima su na \u0161tandu u centru grada u petak prezentovani turisti\u010dki potencijali Republike Srpske, Novog Gora\u017eda, kao i Gora\u017edanske \u0161tamparije koja je radila u periodu od 1519. do 1523. godine, i bila prva \u0161tamparija na prostoru Bosne, a druga na prostoru Zapadnog Balkana.<\/p>\n<p>&#8211; Uvijek nam je veliko zadovoljstvo kada do\u010dekujemo goste iz Republike Srpske. Mi smo prije dvije godine posjetili Novo Gora\u017ede, povodom 500 godina od osnivanja Gora\u017edanske \u0161tamparije, a danas smo razgovarali o mogu\u0107nostima za uspostavljanje kulturne i sportske saradnje i o tome kako privrednici iz Novog Gora\u017eda i Kraljeva mogu da uspostave saradnju &#8211;\u00a0 rekao je ovom prilikom dr Predrag Terzi\u0107, gradona\u010delnik Kraljeva.<\/p>\n<p><img title=\"Dr Predrag Terzi\u0107, gradona\u010delnik Kraljeva sa gostima na konferenciji za novinare\" src=\"\/wp-content\/uploads\/prethodni\/2021\/3_dan_kraljevo5.jpg\" alt=\"Dr Predrag Terzi\u0107, gradona\u010delnik Kraljeva sa gostima na konferenciji za novinare\" width=\"1200\" border=\"0\" \/><\/p>\n<p>Terzi\u0107 je istakao da smo jedan narod i da je veoma va\u017eno da saradnja izme\u0111u Srbije i Srpske bude intenzivna, svakodnevna, a da op\u0161tine i gradovi treba da uspostavljaju \u0161to \u010dvr\u0161\u0107u saradnju sa gradovima iz Republike Srpske.<\/p>\n<p>Gradona\u010delnik je tako\u0111e istakao dobru saradnju dvije vlade, a istakao je i da je grad Kraljevo spreman na saradnju na bilo koju inicijativu sa Novim Gora\u017edem ili bilo kojom drugom op\u0161tinom ili gradom iz Republike Srpske.<\/p>\n<p>Zvonko Tufegd\u017ei\u0107, predsjednik Regionalne privredne komore, uputio je poziv da se privrednici iz Novog Gora\u017eda obrate Gradu ili Komori kako bi im oni obezbijedili eventualne partnere, za po\u010detak za organizovanje sastanaka, a poslije i za svu pomo\u0107 ukoliko do\u0111e do neke direktne saradnje.<\/p>\n<p><img title=\"Delegacije Kraljeva, Gora\u017eda i Predstavni\u0161tva R. Srpske na \u0161tandu turisti\u010dke ponude R. Srpske\" src=\"\/wp-content\/uploads\/prethodni\/2021\/3_dan_kraljevo6.jpg\" alt=\"Delegacije Kraljeva, Gora\u017eda i Predstavni\u0161tva R. Srpske na \u0161tandu turisti\u010dke ponude R. Srpske\" width=\"1200\" border=\"0\" \/><\/p>\n<p>Gosti i doma\u0107ini su zajedno obi\u0161li \u0161tand Turisti\u010dke organizacije Republike Srpske, koji je danas u podne postavljen na platou ispred zgrade Skup\u0161tine grada Kraljeva, i radi\u0107e, ne samo danas nego i sutra od 12 do 19 sati.<\/p>\n<p><img title=\"Delegacija Gora\u017eda i Predstavni\u0161tva R. Srpske u Kraljeva\u010dkom pozori\u0161tu pred po\u010detak predstave\" src=\"\/wp-content\/uploads\/prethodni\/2021\/3_dan_kraljevo7.jpg\" alt=\"Delegacija Gora\u017eda i Predstavni\u0161tva R. Srpske u Kraljeva\u010dkom pozori\u0161tu pred po\u010detak predstave\" width=\"1200\" border=\"0\" \/><\/p>\n<p>U 20 sati, u Kraljeva\u010dkom pozori\u0161tu (Toplice Milana 1), bila je predstava pozori\u0161ta \u201ePutuju\u0107i glumac\u201c i<\/p>\n<p><img title=\"Predstava Pozori\u0161ta \u201ePutuju\u0107i glumac\u201c iz Kulturnog centra Isto\u010dno Sarajevo\" src=\"\/wp-content\/uploads\/prethodni\/2021\/3_dan_kraljevo8.jpg\" alt=\"Predstava Pozori\u0161ta \u201ePutuju\u0107i glumac\u201c iz Kulturnog centra Isto\u010dno Sarajevo\" width=\"1200\" border=\"0\" \/><\/p>\n<p>Kulturnog centra Isto\u010dno Sarajevo, kojoj su prisustvovali doma\u0107ini i gosti.<\/p>\n<p><img title=\"Tekst, Goran Vra\u010dar, dramaturgija i re\u017eija, Aleksandar Lazi\u0107, a igraju - Jelica Kova\u010devi\u0107, Ivana Ze\u010devi\u0107, Predrag Vasi\u0107 i Aleksandar Vasi\u0107\" src=\"\/wp-content\/uploads\/prethodni\/2021\/3_dan_kraljevo9.jpg\" alt=\"Tekst, Goran Vra\u010dar, dramaturgija i re\u017eija, Aleksandar Lazi\u0107, a igraju - Jelica Kova\u010devi\u0107, Ivana Ze\u010devi\u0107, Predrag Vasi\u0107 i Aleksandar Vasi\u0107\" width=\"1200\" border=\"0\" \/><\/p>\n<p>Tekst Gorana Vra\u010dara dramatizovao je i re\u017eirao Aleksandar Lazi\u0107, a igrali su: Jelica Kova\u010devi\u0107, Ivana Ze\u010devi\u0107, Predrag Vasi\u0107 i Aleksandar Vasi\u0107.<\/p>\n","protected":false},"excerpt":{"rendered":"<p>Tre\u0107eg dana manifestacije \u201eDani Srpske u Srbiji\u201c, u petak, 24. septembra, u Kraljevu je u okviru programa bratimljenja op\u0161tina i gradova Srbije i Republike Srpske, u 13 sati, gradona\u010delnik Kraljeva dr Predrag Terzi\u0107 sa saradnicima primio delegaciju op\u0161tine Novo Gora\u017ede, koju je predvodila Mila Petkovi\u0107. U delegaciji su bili jo\u0161, dr Tanja Kunda\u010dina, odbornik u&#8230;<\/p>\n","protected":false},"author":1,"featured_media":3558,"comment_status":"closed","ping_status":"closed","sticky":false,"template":"","format":"standard","meta":[],"categories":[56],"tags":[73],"_links":{"self":[{"href":"https:\/\/predstavnistvorsbg.rs\/sr-Latn\/wp-json\/wp\/v2\/posts\/4603"}],"collection":[{"href":"https:\/\/predstavnistvorsbg.rs\/sr-Latn\/wp-json\/wp\/v2\/posts"}],"about":[{"href":"https:\/\/predstavnistvorsbg.rs\/sr-Latn\/wp-json\/wp\/v2\/types\/post"}],"author":[{"embeddable":true,"href":"https:\/\/predstavnistvorsbg.rs\/sr-Latn\/wp-json\/wp\/v2\/users\/1"}],"replies":[{"embeddable":true,"href":"https:\/\/predstavnistvorsbg.rs\/sr-Latn\/wp-json\/wp\/v2\/comments?post=4603"}],"version-history":[{"count":0,"href":"https:\/\/predstavnistvorsbg.rs\/sr-Latn\/wp-json\/wp\/v2\/posts\/4603\/revisions"}],"wp:featuredmedia":[{"embeddable":true,"href":"https:\/\/predstavnistvorsbg.rs\/sr-Latn\/wp-json\/wp\/v2\/media\/3558"}],"wp:attachment":[{"href":"https:\/\/predstavnistvorsbg.rs\/sr-Latn\/wp-json\/wp\/v2\/media?parent=4603"}],"wp:term":[{"taxonomy":"category","embeddable":true,"href":"https:\/\/predstavnistvorsbg.rs\/sr-Latn\/wp-json\/wp\/v2\/categories?post=4603"},{"taxonomy":"post_tag","embeddable":true,"href":"https:\/\/predstavnistvorsbg.rs\/sr-Latn\/wp-json\/wp\/v2\/tags?post=4603"}],"curies":[{"name":"wp","href":"https:\/\/api.w.org\/{rel}","templated":true}]}}