{"id":4604,"date":"2021-09-25T10:00:07","date_gmt":"2021-09-25T08:00:07","guid":{"rendered":"https:\/\/prs2.profimediagroup.com\/uncategorized-sr-latn\/dani-srpske-u-srbiji-danas-u-kragujevcu\/"},"modified":"2023-04-12T10:44:21","modified_gmt":"2023-04-12T08:44:21","slug":"dani-srpske-u-srbiji-danas-u-kragujevcu-ltn","status":"publish","type":"post","link":"https:\/\/predstavnistvorsbg.rs\/sr-Latn\/prethodni-dogadjaji-sr-latn\/dani-srpske-u-srbiji-danas-u-kragujevcu-ltn\/","title":{"rendered":"&#8222;Dani Srpske u Srbiji&#8220; &#8211; danas u Kragujevcu"},"content":{"rendered":"<div>Danas je (25. septembra) manifestacija \u201eDani Srpske u Srbiji\u201c bila u Kragujevcu i po\u010dela je prijemom u Gradskoj ku\u0107i.<\/div>\n<p><img title=\"Radomir Eri\u0107, \u010dlan Gradskog vije\u0107a za privredu, Boris Kova\u010devi\u0107, pomo\u0107nik Gradona\u010delnika za me\u0111unarodnu saradnju i Tamara Babi\u0107, koordinator za unutra\u0161nju i me\u0111unarodnu saradnju\" src=\"\/wp-content\/uploads\/prethodni\/2021\/4_dan_kragujevac2.jpg\" alt=\"Radomir Eri\u0107, \u010dlan Gradskog vije\u0107a za privredu, Boris Kova\u010devi\u0107, pomo\u0107nik Gradona\u010delnika za me\u0111unarodnu saradnju i Tamara Babi\u0107, koordinator za unutra\u0161nju i me\u0111unarodnu saradnju\" width=\"1200\" border=\"0\" \/><\/p>\n<div>Doma\u0107ini su bili\u00a0 Boris Kova\u010devi\u0107, pomo\u0107nik Gradona\u010delnika za me\u0111unarodnu saradnju, Radomir \u00a0Eri\u0107, \u010dlan Gradskog ve\u0107a za privredu i Tamara Babi\u0107, koordinator za unutra\u0161nju i me\u0111unarodnu saradnju,<\/div>\n<p><img title=\"Olivera Elez, na\u010delnica za privredu Fo\u010de, Vesna Ra\u0161evi\u0107, zamjenica na\u010delnika Op\u0161tine Fo\u010da i Borislav Maksimovi\u0107, saradnik u Predstavni\u0161tvu R. Srpske u Srbiji\" src=\"\/wp-content\/uploads\/prethodni\/2021\/4_dan_kragujevac3.jpg\" alt=\"Olivera Elez, na\u010delnica za privredu Fo\u010de, Vesna Ra\u0161evi\u0107, zamjenica na\u010delnika Op\u0161tine Fo\u010da i Borislav Maksimovi\u0107, saradnik u Predstavni\u0161tvu R. Srpske u Srbiji\" width=\"1200\" border=\"0\" \/><\/p>\n<div>\n<p>a gosti: Vesna Ra\u0161evi\u0107, zamjenica na\u010delnika Op\u0161tine Fo\u010da, Olivera Elez, na\u010delnica za privredu Op\u0161tine Fo\u010da , Spomenka Popadi\u0107, direktorka Turisti\u010dke organizacije Fo\u010da i Borislav Maksimovi\u0107,\u00a0samostalni stru\u010dni saradnik za razvoj i unapre\u0111enje saradnje u prosvjeti, kulturi i umjetnosti u Predstavni\u0161tvu Republike Srpske u Srbiji.Teme razgovora predstavnika Kragujevca i Fo\u010de bile su privredna saradnja i iskustva Kraujevca u projektima zna\u010dajnim za grad, i saradnja u oblasti turizma, a Borislav Maksimovi\u0107 je prisutnima predstavio manifestaciju \u201eDani Srpske u Srbiji\u201c i prenio \u017eelju Predstavni\u0161tva da se zbratimljeni gradovi i op\u0161tine bolje upoznavaju, sara\u0111uju i poma\u017eu, a to je sada i jedan od zadataka ove tradicionalne manifestacije.<\/p>\n<p>&#8211; Za mene je veliko zadovoljstvo danas biti ovdje. Pozdravljam vas sve ispred ljudi iz Fo\u010de. Moram da se pohvalim jednim podatkom, koji mo\u017eda ne znate, da smo mi bratski grad, od 20. oktobra 1975. godine, da postoji Povelja o bratimljenju, i mi nekako do\u017eivljavamo Kragujevac kao mjesto gdje smo uvijek dobro do\u0161li, gdje uvijek mo\u017eemo do\u0107i, i na \u010diju se prijateljsku ruku mo\u017eemo uvijek osloniti. Mi smo kao grad koji je toliko godina naslonjen na Srbiju, i ono \u0161to smo mi poku\u0161ali da uspostavimo \u0161to vi\u0161e kontakata, da dobru praksu prenesemo na na\u0161e podru\u010dje. Posebno je to dio privrednog hidropotencijala, ne\u0161to \u0161to je saradnja na nivou akademskih zajednica, i ono \u0161to bih dodala, turizam koji svi gledamo. Da, ve\u0107 postoji odre\u0111ena saradnja, ka\u017eem ovo je ne\u0161to \u0161to \u0107emo sada intenzivirati, \u0161to ne\u0107e ostati na nivou nekog godi\u0161njeg vi\u0111anja. Imamo ruku prijateljstva, koja \u0107e nas povesti. Mi \u0107emo se truditi da budemo dobri partneri. Jo\u0161 jednom hvala vam na gostoprimstvu. Do\u0111ite nam na \u0161tand. Bi\u0107e nam zadovoljstvo &#8211; rekla je Vesna Ra\u0161evi\u0107, zamjednica na\u010delnika op\u0161tine Fo\u010da.<\/p>\n<p><img title=\"Na Trgu kod Krsta, TO R. Srpske izlo\u017eila promotivni \u0161tand na kojem predstavlja turisti\u010dku ponudu\" src=\"\/wp-content\/uploads\/prethodni\/2021\/4_dan_kragujevac4.jpg\" alt=\"Na Trgu kod Krsta, TO R. Srpske izlo\u017eila promotivni \u0161tand na kojem predstavlja turisti\u010dku ponudu\" width=\"1200\" border=\"0\" \/><\/p>\n<p>&#8211; Povelju o bratimljenju donijela nam je zamjenica na\u010delnika op\u0161tine Fo\u010da, i ovako vrlo smo ga svi pa\u017eljivo posmatrali i gledali. Vidje\u0107emo. Sigurno \u0107e negdje zauzeti neko mjesto u vitrini. To su neke od stvari koje simbolizuju grad Kragujevac. Naravno, sa jedne strane i na\u0161u aktivnost po pitanju me\u0111unarodnih saradnji, koju gajimo decenijama &#8211; rekao je u ime doma\u0107ina Boris Kova\u010devi\u0107, pomo\u0107nik Gradona\u010delnika za me\u0111unarodnu saradnju, i dodao:<\/p>\n<p>&#8211; Izuzetno smo ponosni na saradnju koju imamo sa op\u0161tinom Fo\u010da. Izuzetno smo ponosni na taj niz godina. Evo gotovo je pedeset godina kako sara\u0111ujemo sa tom dragom op\u0161tinom, i nama vrlo dragim ljudima. U prethodnom periodu tu je dosta bilo aktivnosti iz oblasti kulture, razmjene u\u010denika, sportskih sadr\u017eaja. Ono na \u0161to \u0107emo u perspektivi negdje staviti akcenat jeste i neka vrsta privredne saradnje, saradnje u oblasti turizma, i ono \u0161to mogu da ka\u017eem, vrlo sam sre\u0107an \u0161to smo imali priliku da sjednemo sa ovim divnim ljudima, jer je druga\u010dije kada sa ljudima razgovarate, licem u lice, a ne putem interneta i onlajn, na \u0161ta smo na \u017ealost prinu\u0111eni u prethodnim godinama. Upravo taj direktan i neposredan\u00a0 razgovor je otvorio mnoge mogu\u0107nosti saradnje i ja se nadam da \u0107emo u budu\u0107nosti pobolj\u0161ati na\u0161u dugogodi\u0161nju saradnju i da \u0107emo u tome i mi, kao grad Kragujevac, a i op\u0161tina Fo\u010da imati koristi.<\/p>\n<p>Olivera Elez, na\u010delnica za privredu op\u0161tine Fo\u010da je rekla:<\/p>\n<p>&#8211; Na\u0161a privredna saradnja ne po\u010dinje, ta saradnja traje ve\u0107 vi\u0161e decenija, i ona je na sre\u0107u zaista kontinuirana. Trenutni projekti koji se rade u Fo\u010di, uveliko su naslonjeni na resurse iz Kragujevca, od hidroenergetskog objekta \u201eBuk Bijela\u201c, turisti\u010dkog potencijala, radova na rudniku mrkog uglja, radova na rudniku olova i cinka. Izvozimo gra\u0111u za podru\u010dje \u0160umadije, tako da na sre\u0107u, ta saradnja traje i mi smo je danas samo potvrdili, da smo na istom putu, da smo na istom fonu, tako da \u017eelimo, da ta saradnja ostane zaista bratska kao i do sada.<\/p>\n<p><img title=\"Gosti i doma\u0107ini zajedno su obi\u0161li \u0161tand TO Republike Srpske na platou kod Krsta\" src=\"\/wp-content\/uploads\/prethodni\/2021\/4_dan_kragujevac5.jpg\" alt=\"Gosti i doma\u0107ini zajedno su obi\u0161li \u0161tand TO Republike Srpske na platou kod Krsta\" width=\"1200\" border=\"0\" \/><\/p>\n<p>Poslije prijema, gosti i doma\u0107ini \u0107e zajedno obi\u0161li \u0161tand Turisti\u010dke organizacije Republike Srpske na platou kod Krsta, gdje su mogli da se upoznaju i sa turisti\u010dkim ponudama Turisti\u010dke organizacije Fo\u010de, prvenstveno sa \u010duvenim raftingom, adrenalinskim sportom.<\/p>\n<p><img title=\"Pozori\u0161na predstava \u201eNakon predstave\u201c Studentskog pozori\u0161ta Banja Luka u Domu omladine, scena \u201eSlavica Slaja Uro\u0161evi\u0107\u201d\" src=\"\/wp-content\/uploads\/prethodni\/2021\/4_dan_kragujevac6.jpg\" alt=\"Pozori\u0161na predstava \u201eNakon predstave\u201c Studentskog pozori\u0161ta Banja Luka u Domu omladine, scena \u201eSlavica Slaja Uro\u0161evi\u0107\u201d\" width=\"1200\" border=\"0\" \/><\/p>\n<p>Program manifestacije \u201eDani Srpske u Srbiji\u201c u Kragujevcu nastavljen je u ve\u010dernjim satima izvo\u0111enjem pozori\u0161ne predstave \u201eNakon predstave\u201c Studentskog pozori\u0161ta Banja Luka u Domu omladine, scena \u201eSlavica Slaja Uro\u0161evi\u0107\u201d, autor predstave je Zoran Kosti\u0107 u re\u017eiji Jelene Trepetove Kosti\u0107 a igraju Nade\u017eda Kosti\u0107 i Jelena Trapetova Kosti\u0107.<\/p>\n<p><img title=\"Autor predstave Zoran Kosti\u0107 u re\u017eiji Jelene Trepetove Kosti\u0107, igraju Nade\u017eda Kosti\u0107 i Jelena Trapetova Kosti\u0107\" src=\"\/wp-content\/uploads\/prethodni\/2021\/4_dan_kragujevac7.jpg\" alt=\"Autor predstave Zoran Kosti\u0107 u re\u017eiji Jelene Trepetove Kosti\u0107, igraju Nade\u017eda Kosti\u0107 i Jelena Trapetova Kosti\u0107\" width=\"1200\" border=\"0\" \/><\/p>\n<p>Predstava govori o nezaboravljenim porodi\u010dnim ranama prouzrokovanim sistemima sada dvije propale dr\u017eave SFRJ i SSSR. Pozori\u0161noj predstavi prisustvovali su i gosti, i doma\u0107ini.<\/p>\n<p>Promocija turisti\u010dke ponude Republike Srpske u Kragujevcu na platou kod Krsta bi\u0107e i u nedjelju od 12 do 19 sati.<\/p>\n<\/div>\n","protected":false},"excerpt":{"rendered":"<p>Danas je (25. septembra) manifestacija \u201eDani Srpske u Srbiji\u201c bila u Kragujevcu i po\u010dela je prijemom u Gradskoj ku\u0107i. Doma\u0107ini su bili\u00a0 Boris Kova\u010devi\u0107, pomo\u0107nik Gradona\u010delnika za me\u0111unarodnu saradnju, Radomir \u00a0Eri\u0107, \u010dlan Gradskog ve\u0107a za privredu i Tamara Babi\u0107, koordinator za unutra\u0161nju i me\u0111unarodnu saradnju, a gosti: Vesna Ra\u0161evi\u0107, zamjenica na\u010delnika Op\u0161tine Fo\u010da, Olivera Elez,&#8230;<\/p>\n","protected":false},"author":1,"featured_media":3560,"comment_status":"closed","ping_status":"closed","sticky":false,"template":"","format":"standard","meta":[],"categories":[56],"tags":[73],"_links":{"self":[{"href":"https:\/\/predstavnistvorsbg.rs\/sr-Latn\/wp-json\/wp\/v2\/posts\/4604"}],"collection":[{"href":"https:\/\/predstavnistvorsbg.rs\/sr-Latn\/wp-json\/wp\/v2\/posts"}],"about":[{"href":"https:\/\/predstavnistvorsbg.rs\/sr-Latn\/wp-json\/wp\/v2\/types\/post"}],"author":[{"embeddable":true,"href":"https:\/\/predstavnistvorsbg.rs\/sr-Latn\/wp-json\/wp\/v2\/users\/1"}],"replies":[{"embeddable":true,"href":"https:\/\/predstavnistvorsbg.rs\/sr-Latn\/wp-json\/wp\/v2\/comments?post=4604"}],"version-history":[{"count":0,"href":"https:\/\/predstavnistvorsbg.rs\/sr-Latn\/wp-json\/wp\/v2\/posts\/4604\/revisions"}],"wp:featuredmedia":[{"embeddable":true,"href":"https:\/\/predstavnistvorsbg.rs\/sr-Latn\/wp-json\/wp\/v2\/media\/3560"}],"wp:attachment":[{"href":"https:\/\/predstavnistvorsbg.rs\/sr-Latn\/wp-json\/wp\/v2\/media?parent=4604"}],"wp:term":[{"taxonomy":"category","embeddable":true,"href":"https:\/\/predstavnistvorsbg.rs\/sr-Latn\/wp-json\/wp\/v2\/categories?post=4604"},{"taxonomy":"post_tag","embeddable":true,"href":"https:\/\/predstavnistvorsbg.rs\/sr-Latn\/wp-json\/wp\/v2\/tags?post=4604"}],"curies":[{"name":"wp","href":"https:\/\/api.w.org\/{rel}","templated":true}]}}