{"id":4638,"date":"2021-09-27T10:00:02","date_gmt":"2021-09-27T08:00:02","guid":{"rendered":"https:\/\/prs2.profimediagroup.com\/uncategorized-sr-latn\/bogat-program-i-korisni-razgovori-u-nisu-u-okviru-manifestacije-dani-srpske-u-srbiji\/"},"modified":"2023-04-12T11:16:01","modified_gmt":"2023-04-12T09:16:01","slug":"bogat-program-i-korisni-razgovori-u-nisu-u-okviru-manifestacije-dani-srpske-u-srbiji-ltn","status":"publish","type":"post","link":"https:\/\/predstavnistvorsbg.rs\/sr-Latn\/prethodni-dogadjaji-sr-latn\/bogat-program-i-korisni-razgovori-u-nisu-u-okviru-manifestacije-dani-srpske-u-srbiji-ltn\/","title":{"rendered":"Bogat program i korisni razgovori u Ni\u0161u u okviru manifestacije &#8222;Dani Srpske u Srbiji&#8220;"},"content":{"rendered":"<div>U Ni\u0161u je danas (27. septembra) u 12 sati gradona\u010delnica Ni\u0161a Dragana Sotirovski priredila prijem za goste iz Republike Srpske: Tanju \u0110akovi\u0107, pomo\u0107nika ministra za prosvjetu i kulturu, Marka \u0106uri\u0107a, gradona\u010delnika Trebinja, Dra\u017eena Bo\u0161kovi\u0107a, zamjenika gradona\u010delnika Trebinja, Bojana Vu\u010durevi\u0107a, na\u010delnika odjeljenja za turizam, poljoperivredu i preduzetni\u0161tvo u Trebinju, i Borislava Maksimovi\u0107a, samostalnog stru\u010dnog saradnika u Predstavni\u0161tvu Republike Srpske u Srbiji.<\/div>\n<p><img title=\"Dragana Sotirovski, gradona\u010delnica sa saradnicima: Jovana Miti\u0107, pomo\u0107nik gradona\u010delnika za me\u0111unarodne odnose i \u010dlanovi Gradskog ve\u0107a Adriana Anastasov, Vladislav Marjanovi\u0107, Marija Ran\u0111elovi\u0107 i Nenad Stankovi\u0107\" src=\"http:\/\/predstavnistvorsbg.rs\/predstavnistvo_rs\/images\/stories\/2021\/6_dan_nis2.jpg\" alt=\"Dragana Sotirovski, gradona\u010delnica sa saradnicima: Jovana Miti\u0107, pomo\u0107nik gradona\u010delnika za me\u0111unarodne odnose i \u010dlanovi Gradskog ve\u0107a Adriana Anastasov, Vladislav Marjanovi\u0107, Marija Ran\u0111elovi\u0107 i Nenad Stankovi\u0107\" width=\"1200\" border=\"0\" \/><\/p>\n<div>Sa gradona\u010delnicom Ni\u0161a Draganom Sotirovski goste iz Banjaluke, Trebinja i Beograda do\u010dekali su: Jovana Miti\u0107, pomo\u0107nik gradona\u010delnika za me\u0111unarodne odnose i \u010dlanovi Gradskog ve\u0107a Adriana Anastasov, Vladislav Marjanovi\u0107, Marija Ran\u0111elovi\u0107, i Nenad Stankovi\u0107.<\/div>\n<p><img title=\"Tanja \u0110akovi\u0107, pomo\u0107nik ministra za prosvjetu i kulturu R. Srpske\" src=\"http:\/\/predstavnistvorsbg.rs\/predstavnistvo_rs\/images\/stories\/2021\/6_dan_nis3.jpg\" alt=\"Tanja \u0110akovi\u0107, pomo\u0107nik ministra za prosvjetu i kulturu R. Srpske\" width=\"1200\" border=\"0\" \/><\/p>\n<div><strong>Tanja \u0110akovi\u0107<\/strong>, pomo\u0107nik ministra za prosvjetu i kulturu Republike Srpske je rekla:<br \/>\n&#8211; Zadovoljstvo je posjetiti grad Ni\u0161, koji je jedan od gradova doma\u0107ina u okviru manifestacije \u201eDana Srpske u Srbiji\u201c. \u010cinjenica je da je kulturni i duhovni prostor nedjeljiv, da je on jedinstven,\u00a0 i da se granice kulturnog prostora ne mogu svesti u granice politi\u010dkog, odnosno dr\u017eavnog prostora. To je prostor na kome je srpski narod u svom dugom istorijskom trajanju \u017eivio i \u017eivi ostavljaju\u0107i tragove meterijalnog i nematerijalnog kulturnog naslje\u0111a. Upravo to i potvr\u0111uje ova manifestacija, koju je Predstavni\u0161tvo Republike Srpske u saradnji sa Vladom Republike Srpske pokrenulo i gdje zapravo predstavlja prirodnu te\u017enju za uzajamnom podr\u0161kom, ja\u010danjem zajedni\u0161tva i jo\u0161 boljom saradnjom. Ve\u010deras, u okviru ove publika \u0107e u Ni\u0161u imati priliku da pogleda predstavu na\u0161eg nacionalnog teatra \u201eStranci u no\u0107i\u201c. Potpuno sam sigurna da ta predstava ne\u0107e nikoga ostaviti\u00a0 ravnodu\u0161nim. Uvjerena sam da \u0107e ova manifestacija\u00a0 \u017eivjeti dugo, i da \u0107e nam donositi radost, istu onakvu kakvu osje\u0107amo danas.<img title=\"Dragana Sotirovski, gradona\u010delnica Ni\u0161a\" src=\"http:\/\/predstavnistvorsbg.rs\/predstavnistvo_rs\/images\/stories\/2021\/6_dan_nis4.jpg\" alt=\"Dragana Sotirovski, gradona\u010delnica Ni\u0161a\" width=\"1200\" border=\"0\" \/>Gradona\u010delnica Ni\u0161a <strong>Dragana Sotirovski<\/strong>:<br \/>\n&#8211; \u201eDani Srpske u Srbiji\u201c su pravi na\u010din da se upoznamo, jer smo jedan narod sa obje strane Drine, i zahvaljuju\u0107i dana\u0161njem susretu sa gradona\u010delnikom Trebinja i pomo\u0107nicom\u00a0 ministra kulture, shvatili smo da mnogo toga imamo i zajedni\u010dkog. Ve\u0107 smo dogovorili odre\u0111ene korake, prije svega na razmjeni u\u010denika i studenata. Zatim u saradnji, kada je turizam u pitanju, i mnogo toga jo\u0161, jer imali smo prilike da saznamo i na koji na\u010din Trebinje danas funkcioni\u0161e u okviru Republike Srpske. \u0160ta to mo\u017ee, kao turisti\u010dki grad, da ponudi.<img title=\"Mirko \u0106uri\u0107, gradona\u010delnik Trebinja\" src=\"http:\/\/predstavnistvorsbg.rs\/predstavnistvo_rs\/images\/stories\/2021\/6_dan_nis5.jpg\" alt=\"Mirko \u0106uri\u0107, gradona\u010delnik Trebinja\" width=\"1200\" border=\"0\" \/><\/p>\n<p><strong>Mirko \u0106uri\u0107<\/strong>, gradona\u010delnika Trebinja:<br \/>\n&#8211; Iskoristio bih priliku da pozdravim sve prisutne, da se zahvalim Vladi Republike Srpske, Vladi Republike Srbije, koje su u prethodnom periodu imale izuzetno dobru saradnju, imali veliki broj projekata. Projekat \u201eDani Srpske u Srbiji\u201c je jedan od na\u010dina dase \u00a0pove\u017eemo. \u00a0Mi smo ve\u0107 u prethodnom periodu imali saradnju, ali smatramo da u narednom periodu ima jo\u0161 prostora da se pove\u017eemo jo\u0161 \u010dvr\u0161\u0107e. U pitanju je kultura, sport, privreda, obrazovanje. Sve je to ne\u0161to \u0161to stvara prostor, i mi smo svjesni, to \u010desto ponavljamo, funkcije budu i pro\u0111u, ali saradnja treba da se nastavi.<img title=\"Doma\u0107ini i gosti obi\u0161li \u0161tand Turisti\u010dke ponude R. Srpske na Trgu kralja Milana u Ni\u0161u\" src=\"http:\/\/predstavnistvorsbg.rs\/predstavnistvo_rs\/images\/stories\/2021\/6_dan_nis6.jpg\" alt=\"Doma\u0107ini i gosti obi\u0161li \u0161tand Turisti\u010dke ponude R. Srpske na Trgu kralja Milana u Ni\u0161u\" width=\"1200\" border=\"0\" \/><\/p>\n<p>Poslije prijema doma\u0107ini i gosti su zajedno posjetili \u0161tand Turisti\u010dke ponude Republike Srpske.<\/p>\n<p><img title=\"Na konferenciji za \u0161tampu: \u0110akovi\u0107, Sotirovski i \u0106uri\u0107\" src=\"http:\/\/predstavnistvorsbg.rs\/predstavnistvo_rs\/images\/stories\/2021\/6_dan_nis7.jpg\" alt=\"Na konferenciji za \u0161tampu: \u0110akovi\u0107, Sotirovski i \u0106uri\u0107\" width=\"1200\" border=\"0\" \/><\/p>\n<p><strong>Tanja \u0110akovi\u0107<\/strong>, pomo\u0107nik ministra za prosvjetu i kulturu Republike Srpske je rekla:<br \/>\n&#8211; Republika Srpska se ponosi zaista bogatom turisti\u010dkom ponudom, ono \u0161to bih posebno istakla, za one gra\u0111ane Ni\u0161a koji vole, topliju klimu mediternasku, tu je grad Trebinje, a za one pak, koji vole, planinu, skijanje i zimsko vrijeme, tu je na\u0161a olimpijska ljepotica Jahorina. Tako, ako volite banjski turizam, imamo banju Vru\u0107icu. Sada smo \u010dak pristupili programu termalne \u2013 kulturne rute. To je program Evropske Unije, gdje su u stvari banje kao izvor tople vode povezane, i napravljena je jedna ruta. Tu su banja Lakta\u0161i, banja Slatina&#8230; Ima zaista jako puno ponude, \u0161to se ti\u010de banjskog turizma. Isto tako zdravstveni turizam. Na\u0161 Zdravstveni centar \u201edr. Miroslav Zotovi\u0107\u201c, je zaista prepoznatljiv po operacijama koje se odnose na ortopedsku hirurgiju, tako da, morate posjetiti \u0161tand Republike Srpske. Mislim da je tu sve prikazano, i da vidite \u0161ta je to \u0161to odgovara svakom od gra\u0111anina Ni\u0161a, u zavisnosti \u0161ta preferira.<img title=\"Doma\u0107ini sa gostima u obilasku Ni\u0161a\" src=\"http:\/\/predstavnistvorsbg.rs\/predstavnistvo_rs\/images\/stories\/2021\/6_dan_nis8.jpg\" alt=\"Doma\u0107ini sa gostima u obilasku Ni\u0161a\" width=\"1200\" border=\"0\" \/><\/p>\n<p><strong>Mirko \u0106uri\u0107<\/strong>, gradona\u010delnik Trebinja je komentarisao:<br \/>\n&#8211; Trebinje ima stvarno \u0161ta da poka\u017ee kada je u pitanju turizam. Pozivamo sve one ljude koji nisu bili u Trebinju, da obavezno do\u0111u. Bez obzira na pandemiju, mi po\u0161tujemo sve mjere koje su na snazi, ali isto tako smo otvoreni, tako da evo ove godine bilje\u017eimo najve\u0107i broj no\u010denja do sada, od kako se da ka\u017eem evidentira boravi\u0161te. Turisti\u010dki potencijal postoji, u zavisnosti \u0161ta ko voli.<img title=\"Predstava Narodnog pozori\u0161ta R. Srpske - \u201eStranci u no\u0107i\u201c Ane \u0110or\u0111evi\u0107, u ni\u0161kom Narodnom pozori\u0161tu\" src=\"http:\/\/predstavnistvorsbg.rs\/predstavnistvo_rs\/images\/stories\/2021\/6_dan_nis9_1.jpg\" alt=\"Predstava Narodnog pozori\u0161ta R. Srpske - \u201eStranci u no\u0107i\u201c Ane \u0110or\u0111evi\u0107, u ni\u0161kom Narodnom pozori\u0161tu\" width=\"1200\" border=\"0\" \/><\/p>\n<p>Ina\u010de, promocija tristi\u010dke ponude Republike Srpske na Trgu kralja Milana u Ni\u0161u u okviru manifestacije \u201eDani Srpske u Srbiji\u201c po\u010dela je u 12 i trajala je do 19 sati, a samo pola sata potom po\u010dela je u ni\u0161kom Narodnom pozori\u0161tu, Sin\u0111eli\u0107ev trg bb, predstava Narodng pozori\u0161ta Republike Srpske: \u201eStranci u no\u0107i\u201c Ane \u0110or\u0111evi\u0107 u re\u017eiji Sla\u0111ane Kilibarda.<img title=\"Uloge - Sla\u0111ana Zrni\u0107, Nikolina Friganovi\u0107, Miljka Br\u0111anin, Boris \u0160avija, \u017deljko Erki\u0107, Vladimir \u0110or\u0111evi\u0107, Rok Radi\u0161a i Sofija Risti\u0107\" src=\"http:\/\/predstavnistvorsbg.rs\/predstavnistvo_rs\/images\/stories\/2021\/6_dan_nis9_2.jpg\" alt=\"Uloge - Sla\u0111ana Zrni\u0107, Nikolina Friganovi\u0107, Miljka Br\u0111anin, Boris \u0160avija, \u017deljko Erki\u0107, Vladimir \u0110or\u0111evi\u0107, Rok Radi\u0161a i Sofija Risti\u0107\" width=\"1200\" border=\"0\" \/><\/p>\n<p>Uloge: Sla\u0111ana Zrni\u0107, Nikolina Friganovi\u0107, Miljka Br\u0111anin, Boris \u0160avija, \u017deljko Erki\u0107, Vladimir \u0110or\u0111evi\u0107, Rok Radi\u0161a i Sofija Risti\u0107. Gosti i doma\u0107ini su zajedno gledali i predstavu narodnog pozori\u0161ta Republike Srpske, a najavili su i da \u0107e sutra biti u gostljubivom Ni\u0161u.<\/p>\n<\/div>\n<p><img title=\"Promocija turisti\u010dke ponude Republike Srpske na Trgu kralja Milana u Ni\u0161u\" src=\"http:\/\/predstavnistvorsbg.rs\/predstavnistvo_rs\/images\/stories\/2021\/6_dan_nis9.jpg\" alt=\"Promocija turisti\u010dke ponude Republike Srpske na Trgu kralja Milana u Ni\u0161u\" width=\"1200\" border=\"0\" \/><\/p>\n<p>Promocija turisti\u010dke ponude Republike Srpske na Trgu kralja Milana u Ni\u0161u bi\u0107e i u utorak, 28. septembra od 12 do 19 sati.<\/p>\n","protected":false},"excerpt":{"rendered":"<p>U Ni\u0161u je danas (27. septembra) u 12 sati gradona\u010delnica Ni\u0161a Dragana Sotirovski priredila prijem za goste iz Republike Srpske: Tanju \u0110akovi\u0107, pomo\u0107nika ministra za prosvjetu i kulturu, Marka \u0106uri\u0107a, gradona\u010delnika Trebinja, Dra\u017eena Bo\u0161kovi\u0107a, zamjenika gradona\u010delnika Trebinja, Bojana Vu\u010durevi\u0107a, na\u010delnika odjeljenja za turizam, poljoperivredu i preduzetni\u0161tvo u Trebinju, i Borislava Maksimovi\u0107a, samostalnog stru\u010dnog saradnika u&#8230;<\/p>\n","protected":false},"author":1,"featured_media":3568,"comment_status":"closed","ping_status":"closed","sticky":false,"template":"","format":"standard","meta":[],"categories":[56],"tags":[73],"_links":{"self":[{"href":"https:\/\/predstavnistvorsbg.rs\/sr-Latn\/wp-json\/wp\/v2\/posts\/4638"}],"collection":[{"href":"https:\/\/predstavnistvorsbg.rs\/sr-Latn\/wp-json\/wp\/v2\/posts"}],"about":[{"href":"https:\/\/predstavnistvorsbg.rs\/sr-Latn\/wp-json\/wp\/v2\/types\/post"}],"author":[{"embeddable":true,"href":"https:\/\/predstavnistvorsbg.rs\/sr-Latn\/wp-json\/wp\/v2\/users\/1"}],"replies":[{"embeddable":true,"href":"https:\/\/predstavnistvorsbg.rs\/sr-Latn\/wp-json\/wp\/v2\/comments?post=4638"}],"version-history":[{"count":0,"href":"https:\/\/predstavnistvorsbg.rs\/sr-Latn\/wp-json\/wp\/v2\/posts\/4638\/revisions"}],"wp:featuredmedia":[{"embeddable":true,"href":"https:\/\/predstavnistvorsbg.rs\/sr-Latn\/wp-json\/wp\/v2\/media\/3568"}],"wp:attachment":[{"href":"https:\/\/predstavnistvorsbg.rs\/sr-Latn\/wp-json\/wp\/v2\/media?parent=4638"}],"wp:term":[{"taxonomy":"category","embeddable":true,"href":"https:\/\/predstavnistvorsbg.rs\/sr-Latn\/wp-json\/wp\/v2\/categories?post=4638"},{"taxonomy":"post_tag","embeddable":true,"href":"https:\/\/predstavnistvorsbg.rs\/sr-Latn\/wp-json\/wp\/v2\/tags?post=4638"}],"curies":[{"name":"wp","href":"https:\/\/api.w.org\/{rel}","templated":true}]}}