{"id":4641,"date":"2021-10-02T10:00:11","date_gmt":"2021-10-02T08:00:11","guid":{"rendered":"https:\/\/prs2.profimediagroup.com\/uncategorized-sr-latn\/u-beogradu-predstavljena-ponuda-za-zimsku-sezonu\/"},"modified":"2023-04-12T12:02:17","modified_gmt":"2023-04-12T10:02:17","slug":"u-beogradu-predstavljena-ponuda-za-zimsku-sezonu-ltn","status":"publish","type":"post","link":"https:\/\/predstavnistvorsbg.rs\/sr-Latn\/prethodni-dogadjaji-sr-latn\/u-beogradu-predstavljena-ponuda-za-zimsku-sezonu-ltn\/","title":{"rendered":"U Beogradu predstavljena ponuda za zimsku sezonu"},"content":{"rendered":"<p>U\u00a0centru Beograda danas je po\u010dela promocija Olimpijskog centra \u201eJahorina\u201c, koja stanovnicima srpske prijestonice i njenim posjetiocima na \u0161tandu kod Kulturnog centra Beograda u Knez Mihailovoj predstavlja ponudu za predstoje\u0107u zimsku sezonu.<\/p>\n<p>Promocija se odr\u017eava danas i sutra u terminima od 10.00 do 13.00 \u010dasova i od 16.00 do 21.00, a ve\u0107 u prvim satima privukla je veliku pa\u017enju Beogra\u0111ana.<\/p>\n<p>Dok su se najmla\u0111i skupljali na \u0161tandu u \u017eelji da se slikaju sa maskotom Vu\u010dkom, stariji su se raspitivali za sadr\u017eaje i usluge Olimpijskog centra \u201eJahorina\u201c, kao i za cijene i ostale uslove.<\/p>\n<p><img title=\"Predstavljanje ponude Olimpijskog centra \u201eJahorina\u201c za predstoje\u0107u zimsku sezonu\" src=\"\/wp-content\/uploads\/prethodni\/2021\/pr_jahorine2.jpg\" alt=\"Predstavljanje ponude Olimpijskog centra \u201eJahorina\u201c za predstoje\u0107u zimsku sezonu\" width=\"1200\" border=\"0\" \/><\/p>\n<p>Portparol Olimpijskog centra \u201eJahorina\u201c Sanja \u010ceremid\u017ei\u0107 rekla je za Srnu da su za ovu promociju pripremili i vau\u010dere za ski karte sa popustom, \u0161to uvijek izaziva interesovanje.<\/p>\n<p>\u010ceremid\u017ei\u0107eva je istakla da Olimpijski centar ima mnogo aduta za predstoje\u0107u zimsku sezonu, koju o\u010dekuju spremniji nego ikada.<\/p>\n<p><img title=\"Maskota Vu\u010dka privukla je pa\u017enju velikog broja prolaznika\" src=\"\/wp-content\/uploads\/prethodni\/2021\/pr_jahorine3.jpg\" alt=\"Maskota Vu\u010dka privukla je pa\u017enju velikog broja prolaznika\" width=\"1200\" border=\"0\" \/><\/p>\n<p>\u201eNa Jahorini se gradi vi\u0161e nego bilo kada u istoriji. Pripremamo \u010dak pet novih instalacija vertikalnog trasnporta, \u010diji \u0107e kapacitet biti pove\u0107an za 50 odsto. Na\u0161a najve\u0107a investicija je gondola Poljice, koja je na najfrekventnijoj lokaciji na Jahorini. Ona \u0107e biti\u00a0povezana sa na\u0161om toplom vezom i olimpijskim\u00a0barom, koji se tako\u0111e renovira\u201c, navela je \u010ceremid\u017ei\u0107eva<\/p>\n<p>Isti\u010du\u0107i da sve to govori o ogromnom unapre\u0111enju\u00a0skija\u0161ke infrastrukture na Jahorini, ona je podsjetila da je izgradnja \u0161estosjedne \u017ei\u010dare Rajska dolina u zavr\u0161noj fazi, kao i da se\u00a0\u0161estosjed Trnovo gradi na potpuno novoj stazi, gdje je napravljen i dje\u010diji poligon.<\/p>\n<p>\u201eTako\u0111e, radimo i sistem osvjetljenja na ski stazi \u201eNovak \u0110okovi\u0107\u201c,\u00a0tako da \u0107e jo\u0161 jedan novi kilometar ski staze biti dostupan za no\u0107no skijanje. Time \u0107e Jahorina imati \u010dak pet kilometara staza za no\u0107no skijanje\u201c, naglasila je \u010ceremid\u017ei\u0107eva, dodaju\u0107i da \u0107e sve to danas i sutra biti predstavljeno Beogra\u0111anima.<\/p>\n<p>Ona je zahvalila Predstavni\u0161tvu Republike Srpske u Srbiji na pomo\u0107i u organizaciji promocije.<\/p>\n<p><img title=\"Predstavni\u0161tvo R. Srpske u Srbiji je u\u010destvovalo na pomo\u0107i u organizaciji promocije Olimpijskog centra \u201eJahorina\u201c\" src=\"\/wp-content\/uploads\/prethodni\/2021\/pr_jahorine4.jpg\" alt=\"Predstavni\u0161tvo R. Srpske u Srbiji je u\u010destvovalo na pomo\u0107i u organizaciji promocije Olimpijskog centra \u201eJahorina\u201c\" width=\"1200\" border=\"0\" \/><\/p>\n<p>Poruka iz Predstavni\u0161tva je da \u0107e Olimpijskom centru\u00a0\u201eJahorina\u201d uvijek biti na raspolaganju, kao \u0161to je bilo i do sada. Ve\u0107 nekoliko godina aktivno podr\u017eavamo Olimpijski centar \u201eJahorina\u201c na promociji turisti\u010dke ponude ove planine, kako u zimskoj, tako i u ljetnoj sezoni, kao i na predstavljanju projekata koji su realizovani i planirani da budu realizovani u funkciji oboga\u0107ivanja turisti\u010dke ponude olimpijske Jahorine.<\/p>\n","protected":false},"excerpt":{"rendered":"<p>U\u00a0centru Beograda danas je po\u010dela promocija Olimpijskog centra \u201eJahorina\u201c, koja stanovnicima srpske prijestonice i njenim posjetiocima na \u0161tandu kod Kulturnog centra Beograda u Knez Mihailovoj predstavlja ponudu za predstoje\u0107u zimsku sezonu. Promocija se odr\u017eava danas i sutra u terminima od 10.00 do 13.00 \u010dasova i od 16.00 do 21.00, a ve\u0107 u prvim satima privukla&#8230;<\/p>\n","protected":false},"author":1,"featured_media":3574,"comment_status":"closed","ping_status":"closed","sticky":false,"template":"","format":"standard","meta":[],"categories":[56],"tags":[73],"_links":{"self":[{"href":"https:\/\/predstavnistvorsbg.rs\/sr-Latn\/wp-json\/wp\/v2\/posts\/4641"}],"collection":[{"href":"https:\/\/predstavnistvorsbg.rs\/sr-Latn\/wp-json\/wp\/v2\/posts"}],"about":[{"href":"https:\/\/predstavnistvorsbg.rs\/sr-Latn\/wp-json\/wp\/v2\/types\/post"}],"author":[{"embeddable":true,"href":"https:\/\/predstavnistvorsbg.rs\/sr-Latn\/wp-json\/wp\/v2\/users\/1"}],"replies":[{"embeddable":true,"href":"https:\/\/predstavnistvorsbg.rs\/sr-Latn\/wp-json\/wp\/v2\/comments?post=4641"}],"version-history":[{"count":0,"href":"https:\/\/predstavnistvorsbg.rs\/sr-Latn\/wp-json\/wp\/v2\/posts\/4641\/revisions"}],"wp:featuredmedia":[{"embeddable":true,"href":"https:\/\/predstavnistvorsbg.rs\/sr-Latn\/wp-json\/wp\/v2\/media\/3574"}],"wp:attachment":[{"href":"https:\/\/predstavnistvorsbg.rs\/sr-Latn\/wp-json\/wp\/v2\/media?parent=4641"}],"wp:term":[{"taxonomy":"category","embeddable":true,"href":"https:\/\/predstavnistvorsbg.rs\/sr-Latn\/wp-json\/wp\/v2\/categories?post=4641"},{"taxonomy":"post_tag","embeddable":true,"href":"https:\/\/predstavnistvorsbg.rs\/sr-Latn\/wp-json\/wp\/v2\/tags?post=4641"}],"curies":[{"name":"wp","href":"https:\/\/api.w.org\/{rel}","templated":true}]}}