{"id":4642,"date":"2021-10-06T00:00:06","date_gmt":"2021-10-05T22:00:06","guid":{"rendered":"https:\/\/prs2.profimediagroup.com\/uncategorized-sr-latn\/odrzan-koncert-lailatov-laku-noc\/"},"modified":"2023-04-12T12:17:22","modified_gmt":"2023-04-12T10:17:22","slug":"odrzan-koncert-lailatov-laku-noc-ltn","status":"publish","type":"post","link":"https:\/\/predstavnistvorsbg.rs\/sr-Latn\/prethodni-dogadjaji-sr-latn\/odrzan-koncert-lailatov-laku-noc-ltn\/","title":{"rendered":"Odr\u017ean koncert &#8222;Lailatov \u2013 laku no\u0107&#8220;"},"content":{"rendered":"<p>Srpsko \u2013 jevrejsko pjeva\u010dko dru\u0161tvo svojim koncertom \u201eLailatov\/ Laku no\u0107\u201c odr\u017eanim \u00a04. oktobra, u Pozori\u0161tu na Terazijama, obilje\u017eilo je Dan evropske kulturne ba\u0161tine i proslavilo 145. godi\u0161njicu rada.<\/p>\n<p><img title=\"Odr\u017ean koncert \u201eLailatov\/Laku no\u0107\u201c pod dirigentskom palicom Bojane Radivojevi\u0107\" src=\"\/wp-content\/uploads\/prethodni\/2021\/srpsko_pj_drustvo2.jpg\" alt=\"Odr\u017ean koncert \u201eLailatov\/Laku no\u0107\u201c pod dirigentskom palicom Bojane Radivojevi\u0107\" width=\"1200\" border=\"0\" \/><\/p>\n<p>Muzi\u010dki program je bio posve\u0107en a\u0161kenaskoj (klezmer) muzici, a pored hora SJPD i muzi\u010dke pratnje mladih beogradskih muzi\u010dara \u0110or\u0111a Perovi\u0107a (klavir), Du\u0161ka Stamenkovi\u0107a (klarinet), Mladena Pecovi\u0107a (gitara), Milo\u0161a Puni\u0161i\u0107a (harmonika) i Aleksandra Andrejevi\u0107a (perkusije), kao solista nastupio je kantor be\u010dke sinagoge, tenor \u0160muel Barzilai. Sve se de\u0161avalo pod \u00a0dirigentskom palicom Bojane Radivojevi\u0107 i u organizaciji Marlene Vainberger Pavlovi\u0107 predsjednice hora. Koncert je nakon beogradske premijere izveden i\u00a0 5.oktobra\u00a0 u novosadskoj Sinagogi.<\/p>\n<p><img title=\"Nastup kantora be\u010dke sinagoge, tenora \u0160muela Barzilaia\" src=\"\/wp-content\/uploads\/prethodni\/2021\/srpsko_pj_drustvo3.jpg\" alt=\"Nastup kantora be\u010dke sinagoge, tenora \u0160muela Barzilaia\" width=\"1200\" border=\"0\" \/><\/p>\n<p>Odabrani program skre\u0107e pa\u017enju na zaboravljeni jezik &#8211; Jidi\u0161 i prikazuje \u0161iroku lepezu jevrejske muzike koja je obojena emocijama, slikama \u017eivota, radosti i bola, tako\u0111e ukazuje na kulturolo\u0161ke razlike jevrejskog naroda (sefardi, a\u0161kenazi). Istovremeno \u0161alje poruku razumijevanja, bliskosti, viziju svijeta gdje nas razli\u010ditosti ne razdvajaju ve\u0107 zbli\u017eavaju.<\/p>\n<p><img title=\"Marlena Vainberger Pavlovi\u0107, predsjednica hora i organizator koncerta\" src=\"\/wp-content\/uploads\/prethodni\/2021\/srpsko_pj_drustvo4.jpg\" alt=\"Marlena Vainberger Pavlovi\u0107, predsjednica hora i organizator koncerta\" width=\"1200\" border=\"0\" \/><\/p>\n<p>Koncerti su odr\u017eani uz podr\u0161ku Ministarstva kulture Srbije, Austrijskog kulturnog foruma, Ambasade Izraela, Gete instituta i Predstavni\u0161tva Republike Srpske u Srbiji.<\/p>\n","protected":false},"excerpt":{"rendered":"<p>Srpsko \u2013 jevrejsko pjeva\u010dko dru\u0161tvo svojim koncertom \u201eLailatov\/ Laku no\u0107\u201c odr\u017eanim \u00a04. oktobra, u Pozori\u0161tu na Terazijama, obilje\u017eilo je Dan evropske kulturne ba\u0161tine i proslavilo 145. godi\u0161njicu rada. Muzi\u010dki program je bio posve\u0107en a\u0161kenaskoj (klezmer) muzici, a pored hora SJPD i muzi\u010dke pratnje mladih beogradskih muzi\u010dara \u0110or\u0111a Perovi\u0107a (klavir), Du\u0161ka Stamenkovi\u0107a (klarinet), Mladena Pecovi\u0107a (gitara),&#8230;<\/p>\n","protected":false},"author":1,"featured_media":3576,"comment_status":"closed","ping_status":"closed","sticky":false,"template":"","format":"standard","meta":[],"categories":[56],"tags":[73],"_links":{"self":[{"href":"https:\/\/predstavnistvorsbg.rs\/sr-Latn\/wp-json\/wp\/v2\/posts\/4642"}],"collection":[{"href":"https:\/\/predstavnistvorsbg.rs\/sr-Latn\/wp-json\/wp\/v2\/posts"}],"about":[{"href":"https:\/\/predstavnistvorsbg.rs\/sr-Latn\/wp-json\/wp\/v2\/types\/post"}],"author":[{"embeddable":true,"href":"https:\/\/predstavnistvorsbg.rs\/sr-Latn\/wp-json\/wp\/v2\/users\/1"}],"replies":[{"embeddable":true,"href":"https:\/\/predstavnistvorsbg.rs\/sr-Latn\/wp-json\/wp\/v2\/comments?post=4642"}],"version-history":[{"count":0,"href":"https:\/\/predstavnistvorsbg.rs\/sr-Latn\/wp-json\/wp\/v2\/posts\/4642\/revisions"}],"wp:featuredmedia":[{"embeddable":true,"href":"https:\/\/predstavnistvorsbg.rs\/sr-Latn\/wp-json\/wp\/v2\/media\/3576"}],"wp:attachment":[{"href":"https:\/\/predstavnistvorsbg.rs\/sr-Latn\/wp-json\/wp\/v2\/media?parent=4642"}],"wp:term":[{"taxonomy":"category","embeddable":true,"href":"https:\/\/predstavnistvorsbg.rs\/sr-Latn\/wp-json\/wp\/v2\/categories?post=4642"},{"taxonomy":"post_tag","embeddable":true,"href":"https:\/\/predstavnistvorsbg.rs\/sr-Latn\/wp-json\/wp\/v2\/tags?post=4642"}],"curies":[{"name":"wp","href":"https:\/\/api.w.org\/{rel}","templated":true}]}}