{"id":4646,"date":"2021-10-13T10:00:18","date_gmt":"2021-10-13T08:00:18","guid":{"rendered":"https:\/\/prs2.profimediagroup.com\/uncategorized-sr-latn\/pijanisticki-resital-arsena-carkica\/"},"modified":"2023-04-12T12:20:25","modified_gmt":"2023-04-12T10:20:25","slug":"pijanisticki-resital-arsena-carkica-ltn","status":"publish","type":"post","link":"https:\/\/predstavnistvorsbg.rs\/sr-Latn\/prethodni-dogadjaji-sr-latn\/pijanisticki-resital-arsena-carkica-ltn\/","title":{"rendered":"Pijanisti\u010dki resital Arsena \u010carki\u0107a"},"content":{"rendered":"<div>Drugog dana (12.10.2021.) \u0160open festivala u sali Skup\u0161tine Grada Beograda, profesor na Akademiji umjetnosti u Banja Luci Arsen \u010carki\u0107 odr\u017eao je pijanisti\u010dki resital.<\/div>\n<p><img title=\"Deseto festivalsko izdanje \u0160open festa u sali Skup\u0161tine Grada Beograda\" src=\"\/wp-content\/uploads\/prethodni\/2021\/carkic_sh_fest2.jpg\" alt=\"Deseto festivalsko izdanje \u0160open festa u sali Skup\u0161tine Grada Beograda\" width=\"1200\" border=\"0\" \/><\/p>\n<div>\u201eZadovoljstvo mi je sto sam bio u\u010desnik jubilarnog \u0160open festa. Desetogodi\u0161nja tradicija ovog praznika muzike pokazatelj je ne samo odli\u010dne organizacije, ve\u0107 i interesovanja publike koja prepoznaje kvalitetne umjetni\u010dke sadr\u017eaje &#8211; rekao je Arsen \u010carki\u0107 nakon koncerta.<\/div>\n<p><img title=\"Predstavnik iz R. Srpske - pijanista Arsen \u010carki\u0107, profesor na Akademiji umjetnosti u Banjoj Luci, posebnu zahvalnost izra\u017eava \u0161efu Predstavni\u0161tva, g. Mla\u0111enu Cicovi\u0107u, na pomo\u0107i umjetnicima iz R. Srpske\" src=\"\/wp-content\/uploads\/prethodni\/2021\/carkic_sh_fest3.jpg\" alt=\"Predstavnik iz R. Srpske - pijanista Arsen \u010carki\u0107, profesor na Akademiji umjetnosti u Banjoj Luci, posebnu zahvalnost izra\u017eava \u0161efu Predstavni\u0161tva, g. Mla\u0111enu Cicovi\u0107u, na pomo\u0107i umjetnicima iz R. Srpske\" width=\"1200\" border=\"0\" \/><\/p>\n<p>\u010carki\u0107 je dodao da je sjajno \u0161to Predstavnistvo Republike Srpske u Srbiji podr\u017eava umjetni\u010dke doga\u0111aje ove vrste, \u010dime promovi\u0161e kulturu Republike Srpske. Posebnu zahvalnost izra\u017eavam \u0161efu Predstavni\u0161tva, gospodinu Mla\u0111enu Cicovi\u0107u, koji u svakoj prilici pru\u017ea nesebi\u010dnu podr\u0161ku umjetnicima iz Republike Srpske.<\/p>\n<p><img title=\"Milenija Relji\u0107 osniva\u010d i umjetni\u010dki direktor Beogradskog \u0160open festa, Anja Vukeli\u0107, saradnik u Predstavni\u0161tvu R. Srpske u Srbiji i pijanista Arsen \u010carki\u0107 sa suprugom Jovanom \u010carki\u0107\" src=\"\/wp-content\/uploads\/prethodni\/2021\/carkic_sh_fest4.jpg\" alt=\"Milenija Relji\u0107 osniva\u010d i umjetni\u010dki direktor Beogradskog \u0160open festa, Anja Vukeli\u0107, saradnik u Predstavni\u0161tvu R. Srpske u Srbiji i pijanista Arsen \u010carki\u0107 sa suprugom Jovanom \u010carki\u0107\" width=\"1200\" border=\"0\" \/><\/p>\n<p>Publika \u0107e na \u201e\u0160open festu\u201c biti u prilici da \u010duje i vidi jo\u0161 jednog predstavnika iz Republike Srpske, mladi banjalu\u010dki pijanista Konstantin Kosanovi\u0107 nastupi\u0107e u okviru programa \u201ePodijum mladih talenata\u201c 15. oktobra u 19.00 u Galeriji Artget, Kulturnog centara Beograd.<\/p>\n<p>\u201e\u0160open fest\u201c organizuje udru\u017eenje \u201eKreartiva&#8220; iz Beograda sa Ambasadom poljske kao pokroviteljem i Ministarstvom za kulturu i informisanje Republike Srbije kao generalnim sponzorom, uz podr\u0161ku Grada Beograda, Kulturnog centra Beograda, Muzi\u010dke omladine Novog Sada, Galerije Matice Srpske u Novom Sadu, Muzi\u010dkog centra Kragujevac, Spomen parka \u201eKragujeva\u010dki oktobar&#8220;, Prve privatne muzi\u010dke \u0161kole \u201eEva mjuzik&#8220; i Predstavni\u0161tva Republike Srpske u Srbiji.<\/p>\n","protected":false},"excerpt":{"rendered":"<p>Drugog dana (12.10.2021.) \u0160open festivala u sali Skup\u0161tine Grada Beograda, profesor na Akademiji umjetnosti u Banja Luci Arsen \u010carki\u0107 odr\u017eao je pijanisti\u010dki resital. \u201eZadovoljstvo mi je sto sam bio u\u010desnik jubilarnog \u0160open festa. Desetogodi\u0161nja tradicija ovog praznika muzike pokazatelj je ne samo odli\u010dne organizacije, ve\u0107 i interesovanja publike koja prepoznaje kvalitetne umjetni\u010dke sadr\u017eaje &#8211; rekao&#8230;<\/p>\n","protected":false},"author":1,"featured_media":3584,"comment_status":"closed","ping_status":"closed","sticky":false,"template":"","format":"standard","meta":[],"categories":[56],"tags":[73],"_links":{"self":[{"href":"https:\/\/predstavnistvorsbg.rs\/sr-Latn\/wp-json\/wp\/v2\/posts\/4646"}],"collection":[{"href":"https:\/\/predstavnistvorsbg.rs\/sr-Latn\/wp-json\/wp\/v2\/posts"}],"about":[{"href":"https:\/\/predstavnistvorsbg.rs\/sr-Latn\/wp-json\/wp\/v2\/types\/post"}],"author":[{"embeddable":true,"href":"https:\/\/predstavnistvorsbg.rs\/sr-Latn\/wp-json\/wp\/v2\/users\/1"}],"replies":[{"embeddable":true,"href":"https:\/\/predstavnistvorsbg.rs\/sr-Latn\/wp-json\/wp\/v2\/comments?post=4646"}],"version-history":[{"count":0,"href":"https:\/\/predstavnistvorsbg.rs\/sr-Latn\/wp-json\/wp\/v2\/posts\/4646\/revisions"}],"wp:featuredmedia":[{"embeddable":true,"href":"https:\/\/predstavnistvorsbg.rs\/sr-Latn\/wp-json\/wp\/v2\/media\/3584"}],"wp:attachment":[{"href":"https:\/\/predstavnistvorsbg.rs\/sr-Latn\/wp-json\/wp\/v2\/media?parent=4646"}],"wp:term":[{"taxonomy":"category","embeddable":true,"href":"https:\/\/predstavnistvorsbg.rs\/sr-Latn\/wp-json\/wp\/v2\/categories?post=4646"},{"taxonomy":"post_tag","embeddable":true,"href":"https:\/\/predstavnistvorsbg.rs\/sr-Latn\/wp-json\/wp\/v2\/tags?post=4646"}],"curies":[{"name":"wp","href":"https:\/\/api.w.org\/{rel}","templated":true}]}}