{"id":4681,"date":"2021-11-24T10:00:49","date_gmt":"2021-11-24T09:00:49","guid":{"rendered":"https:\/\/prs2.profimediagroup.com\/uncategorized-sr-latn\/sadrzaj-festivala-kestenburg-predstavljen-u-beogradu\/"},"modified":"2023-04-12T14:04:53","modified_gmt":"2023-04-12T12:04:53","slug":"sadrzaj-festivala-kestenburg-predstavljen-u-beogradu-ltn","status":"publish","type":"post","link":"https:\/\/predstavnistvorsbg.rs\/sr-Latn\/prethodni-dogadjaji-sr-latn\/sadrzaj-festivala-kestenburg-predstavljen-u-beogradu-ltn\/","title":{"rendered":"Sadr\u017eaj festivala &#8222;Kestenburg&#8220; predstavljen u Beogradu"},"content":{"rendered":"<p>Na predstoje\u0107em Me\u0111unarodnom festivalu studentskih pozori\u0161ta \u201eKestenburg\u201c, koji \u0107e biti odr\u017ean od 28. do 30. novembra u Banjaluci, u takmi\u010darskom dijelu programa bi\u0107e izvedene tri studentske predstave, a u prate\u0107em programu dvije komi\u010dne opere i predstava \u201eTeatra foks&#8220; iz Ju\u017ene Koreje.<\/p>\n<p>O manifestaciji, koja se po \u010detvrti put odr\u017eava u Banjaluci, novinarima su u Beogradu govorili urednik programa festivala Neda \u017deraji\u0107 Simi\u0107, direktor i idejni tvorac \u201eKestenburga\u201c Aleksandar Pejakovi\u0107, \u0161ef Predstavni\u0161tva Republike Srpske u Srbiji Mla\u0111en Cicovi\u0107, profesor beogradskog Fakulteta dramskih umjetnosti Sr\u0111an Karanovi\u0107 i profesor Fakulteta muzi\u010dke umjetnosti iz Beograda Dragana Radakovi\u0107.<\/p>\n<p><img title=\"Neda Simi\u0107 \u017deraji\u0107, urednik programa festivala\" src=\"\/wp-content\/uploads\/prethodni\/2021\/kestenburg2.jpg\" alt=\"Neda Simi\u0107 \u017deraji\u0107, urednik programa festivala\" width=\"1200\" border=\"0\" \/><\/p>\n<p><strong>Simi\u0107eva <\/strong>je podsjetila da je pokrovitelj festivala predsjednik Republike Srpske \u017deljka Cvijanovi\u0107, a organizator Banjalu\u010dko studentsko pozori\u0161te.<\/p>\n<p><img title=\"Aleksandar Pejakovi\u0107, direktor festivala \u201eKestenburg\u201c\" src=\"\/wp-content\/uploads\/prethodni\/2021\/kestenburg3.jpg\" alt=\"Aleksandar Pejakovi\u0107, direktor festivala \u201eKestenburg\u201c\" width=\"1200\" border=\"0\" \/><\/p>\n<p><strong>Pejakovi\u0107 <\/strong>je naglasio da\u00a0organizatori zbog epidemije nisu u mogu\u0107nosti da prave velika okupljanja, pa \u0107e\u00a0sve\u010dano otvaranje festivala\u00a0biti uprili\u010deno u vidu kabaretske predstave\u00a0sa direktnim prenosom\u00a0na RTRS-u.\u00a0On je istakao\u00a0da \u201eKestenburg\u201c nastavlja tradiciju da festival otvaraju vrhunski sportisti, \u0161to \u0107e ove godine u\u010diniti dvostruki svjetski prvak u d\u017eudou Nemanja Majdov.<\/p>\n<p><img title=\"Mla\u0111en Cicovi\u0107, \u0161ef Predstavni\u0161tva R. Srpske u Srbiji\" src=\"\/wp-content\/uploads\/prethodni\/2021\/kestenburg4.jpg\" alt=\"Mla\u0111en Cicovi\u0107, \u0161ef Predstavni\u0161tva R. Srpske u Srbiji\" width=\"1200\" border=\"0\" \/><\/p>\n<p><strong>Cicovi\u0107<\/strong> je ocijenio da je \u201eKestenburg\u201c prilika da se u\u010dvrste veze Srbije i Republike Srpske, ali i da se u Srpskoj promovi\u0161e sve \u0161to je vrijedno i zna\u010dajno.<\/p>\n<p>\u201eOvaj festival to radi na najbolji na\u010din, \u0161to su potvrdila tri prethodna izdanja, a vjerujemo da \u0107e i ovo \u010detvrto\u201c, rekao je Cicovi\u0107.<\/p>\n<p>On je naglasio da je saradnja Banjalu\u010dkog studenstkog pozori\u0161ta i Predstavni\u0161tva Republike Srpske u Srbiji odli\u010dna i da je to naro\u010dito pokazala manifestacija \u201eDani Srpske u Srbiji\u201c, koja se obilje\u017eava ve\u0107 devet godina.<\/p>\n<p><img title=\"Sr\u0111an Karanovi\u0107, profesor na FDU u Beogradu\" src=\"\/wp-content\/uploads\/prethodni\/2021\/kestenburg5.jpg\" alt=\"Sr\u0111an Karanovi\u0107, profesor na FDU u Beogradu\" width=\"1200\" border=\"0\" \/><\/p>\n<p>Profesor <strong>Sr\u0111an Karanovi\u0107<\/strong> istakao je da mu je drago \u0161to \u0107e sa svojim studentima u\u010destvovati na \u201eKestenburgu\u201c, gdje \u0107e izvesti predstavu \u201eGreta iz Fausta\u201c.<\/p>\n<p><img title=\"Dragana Radakovi\u0107, dirigent i profesor na FMU u Beogradu\" src=\"\/wp-content\/uploads\/prethodni\/2021\/kestenburg6.jpg\" alt=\"Dragana Radakovi\u0107, dirigent i profesor na FMU u Beogradu\" width=\"1200\" border=\"0\" \/><\/p>\n<p>Profesor <strong>Dragana Radakovi\u0107<\/strong> zahvalila je organizatorima \u201eKestenburga\u201c \u0161to su studentima beogradskog Fakulteta muzi\u010dke umjetnosti omogu\u0107ili u\u010de\u0161\u0107e na festivalu, gdje \u0107e nastupiti sa dvije komi\u010dne opere.<\/p>\n","protected":false},"excerpt":{"rendered":"<p>Na predstoje\u0107em Me\u0111unarodnom festivalu studentskih pozori\u0161ta \u201eKestenburg\u201c, koji \u0107e biti odr\u017ean od 28. do 30. novembra u Banjaluci, u takmi\u010darskom dijelu programa bi\u0107e izvedene tri studentske predstave, a u prate\u0107em programu dvije komi\u010dne opere i predstava \u201eTeatra foks&#8220; iz Ju\u017ene Koreje. O manifestaciji, koja se po \u010detvrti put odr\u017eava u Banjaluci, novinarima su u Beogradu&#8230;<\/p>\n","protected":false},"author":1,"featured_media":3590,"comment_status":"closed","ping_status":"closed","sticky":false,"template":"","format":"standard","meta":[],"categories":[56],"tags":[73],"_links":{"self":[{"href":"https:\/\/predstavnistvorsbg.rs\/sr-Latn\/wp-json\/wp\/v2\/posts\/4681"}],"collection":[{"href":"https:\/\/predstavnistvorsbg.rs\/sr-Latn\/wp-json\/wp\/v2\/posts"}],"about":[{"href":"https:\/\/predstavnistvorsbg.rs\/sr-Latn\/wp-json\/wp\/v2\/types\/post"}],"author":[{"embeddable":true,"href":"https:\/\/predstavnistvorsbg.rs\/sr-Latn\/wp-json\/wp\/v2\/users\/1"}],"replies":[{"embeddable":true,"href":"https:\/\/predstavnistvorsbg.rs\/sr-Latn\/wp-json\/wp\/v2\/comments?post=4681"}],"version-history":[{"count":0,"href":"https:\/\/predstavnistvorsbg.rs\/sr-Latn\/wp-json\/wp\/v2\/posts\/4681\/revisions"}],"wp:featuredmedia":[{"embeddable":true,"href":"https:\/\/predstavnistvorsbg.rs\/sr-Latn\/wp-json\/wp\/v2\/media\/3590"}],"wp:attachment":[{"href":"https:\/\/predstavnistvorsbg.rs\/sr-Latn\/wp-json\/wp\/v2\/media?parent=4681"}],"wp:term":[{"taxonomy":"category","embeddable":true,"href":"https:\/\/predstavnistvorsbg.rs\/sr-Latn\/wp-json\/wp\/v2\/categories?post=4681"},{"taxonomy":"post_tag","embeddable":true,"href":"https:\/\/predstavnistvorsbg.rs\/sr-Latn\/wp-json\/wp\/v2\/tags?post=4681"}],"curies":[{"name":"wp","href":"https:\/\/api.w.org\/{rel}","templated":true}]}}