{"id":4685,"date":"2021-12-14T10:00:06","date_gmt":"2021-12-14T09:00:06","guid":{"rendered":"https:\/\/prs2.profimediagroup.com\/uncategorized-sr-latn\/u-beogradu-premijerno-prikazan-film-jeni-malo-svjetlo-sa-zapada\/"},"modified":"2023-04-12T14:09:25","modified_gmt":"2023-04-12T12:09:25","slug":"u-beogradu-premijerno-prikazan-film-jeni-malo-svjetlo-sa-zapada-ltn","status":"publish","type":"post","link":"https:\/\/predstavnistvorsbg.rs\/sr-Latn\/prethodni-dogadjaji-sr-latn\/u-beogradu-premijerno-prikazan-film-jeni-malo-svjetlo-sa-zapada-ltn\/","title":{"rendered":"U Beogradu premijerno prikazan film &#8222;Jeni, malo svjetlo sa zapada&#8220;"},"content":{"rendered":"<div>Dokumentarni film \u201eJeni, malo svjetlo sa zapada\u201c\u00a0premijerno je ve\u010deras prikazan u Srbiji u Jugoslovenskoj kinoteci u Beogradu, a projekciji su prisustvovali\u00a0 Slobodan Simojlovi\u0107, reditelj ovog ostvarenja, Snje\u017ean Lalovi\u0107, direktor Kinoteke Republike Srpske, Marjan Vujovi\u0107, upravnik Muzeja Jugoslovenske Kinoteke, LJiljana Kne\u017eevi\u0107 iz Mati\u010dne biblioteke Isto\u010dno Sarajevo i Borislav Maksimovi\u0107 iz Predstavni\u0161tva Republike Srpske u Srbiji.<\/div>\n<p><img title=\"Marjan Vujovi\u0107, upravnik Muzeja Jugoslovenske Kinoteke\" src=\"\/wp-content\/uploads\/prethodni\/2021\/projekcija_jeni2.jpg\" alt=\"Marjan Vujovi\u0107, upravnik Muzeja Jugoslovenske Kinoteke\" width=\"1200\" border=\"0\" \/><\/p>\n<p>Organizatori premijere filma u Srbiji su Kinoteka Republike Srpske i Mati\u010dna biblioteka Isto\u010dno Sarajevo, u saradnji sa Jugoslovenskom kinotekom i uz podr\u0161ku Predstavni\u0161tva Republike Srpske u Srbiji.<\/p>\n<p>Film je snimljen po motivima knjige &#8222;Ratni dnevnik \u2013 Pale 1993-1995&#8220; farmaceuta Jeni Ligtenberg, koja je iz Holandije do\u0161la na Pale u namjeri da donese humanitarnu pomo\u0107, ali je u ratnoj bolnici Koran ostala tri godine, nesebi\u010dno poma\u017eu\u0107i ranjenicima, pacijentima i svima kojima je to bilo potrebno. Ona je u svojoj borbi da doka\u017ee da su i Srbi \u017ertve rata, u ratnoj bolnici Koran radila bez plate i penziju, ste\u010denu u Holandiji, tro\u0161ila na ranjenike i djecu poginulih boraca kupuju\u0107i im garderobu i sve \u0161to im je trebalo. U sred rata i sankcija nabavljala je skupe lijekove iz Holandije, koje je kupovala tako \u0161to se zadu\u017eivala i otpla\u0107ivala ih od svoje penzije.<\/p>\n<p><img title=\"Konferencija za medije \u2013 govore: Snje\u017ean Lalovi\u0107, direktor filma i izvr\u0161ni producent, LJiljana Kne\u017eevi\u0107 iz Mati\u010dne biblioteke Isto\u010dno Sarajevo i Slobodan Simojlovi\u0107, reditelj\" src=\"\/wp-content\/uploads\/prethodni\/2021\/jeni_konferencija1.jpg\" alt=\"Konferencija za medije \u2013 govore: Snje\u017ean Lalovi\u0107, direktor filma i izvr\u0161ni producent, LJiljana Kne\u017eevi\u0107 iz Mati\u010dne biblioteke Isto\u010dno Sarajevo i Slobodan Simojlovi\u0107, reditelj\" width=\"1200\" border=\"0\" \/><\/p>\n<p>&#8222;Film izvanredno prati dnevnik jer je ova ekipa uspjela \u010dak i da posjeti Jeni, da uhvati \u017eive kadrove i da je zabilje\u017ei u trenutku u kom je sada&#8220; rekla je LJiljana Kne\u017eevi\u0107 iz Mati\u010dne biblioteke Isto\u010dno Sarajevo.\u00a0 Ona je istakla da se Jeni sprijateljila sa srpskim narodom i bila nesebi\u010dna podr\u0161ka bolnici jer je obezbje\u0111ivala lijekove i nastojala da se jedna pozitivna slika pro\u0161iri dalje.<\/p>\n<p><img title=\"Direktor filma i izvr\u0161ni producent Snje\u017ean Lalovi\u0107\" src=\"\/wp-content\/uploads\/prethodni\/2021\/projekcija_jeni3.jpg\" alt=\"Konferencija za medije \u2013 govore: direktor filma i izvr\u0161ni producent Snje\u017ean Lalovi\u0107, ?, i reditelj Slobodan Simojlovi\u0107\" width=\"1200\" border=\"0\" \/><\/p>\n<p>&#8222;Nama je prvenstveno bio plan da zabilje\u017eimo ono \u0161to se zove kultura sje\u0107anja i jedan veliki u\u010dinak jedne obi\u010dne \u017eene&#8220; kazao je Snje\u017ean Lalovi\u0107, direktor Kinoteke Republike Srpske, i istakao da se nada da \u0107e neka ulica u Palama da dobije ime po Jeni Ligtenberg.<\/p>\n<p><img title=\"Reditelj Slobodan Simojlovi\u0107\" src=\"\/wp-content\/uploads\/prethodni\/2021\/projekcija_jeni4.jpg\" alt=\"Reditelj Slobodan Simojlovi\u0107\" width=\"1200\" border=\"0\" \/><\/p>\n<p>Reditelj filma Slobodan Simojlovi\u0107 smatra da je zbog svega \u0161to je Jeni Ligtenberg uradila za srpski narod u proteklom ratu u BiH film o njoj samo mali poku\u0161aj da joj se odu\u017eimo.<\/p>\n","protected":false},"excerpt":{"rendered":"<p>Dokumentarni film \u201eJeni, malo svjetlo sa zapada\u201c\u00a0premijerno je ve\u010deras prikazan u Srbiji u Jugoslovenskoj kinoteci u Beogradu, a projekciji su prisustvovali\u00a0 Slobodan Simojlovi\u0107, reditelj ovog ostvarenja, Snje\u017ean Lalovi\u0107, direktor Kinoteke Republike Srpske, Marjan Vujovi\u0107, upravnik Muzeja Jugoslovenske Kinoteke, LJiljana Kne\u017eevi\u0107 iz Mati\u010dne biblioteke Isto\u010dno Sarajevo i Borislav Maksimovi\u0107 iz Predstavni\u0161tva Republike Srpske u Srbiji. Organizatori&#8230;<\/p>\n","protected":false},"author":1,"featured_media":3598,"comment_status":"closed","ping_status":"closed","sticky":false,"template":"","format":"standard","meta":[],"categories":[56],"tags":[73],"_links":{"self":[{"href":"https:\/\/predstavnistvorsbg.rs\/sr-Latn\/wp-json\/wp\/v2\/posts\/4685"}],"collection":[{"href":"https:\/\/predstavnistvorsbg.rs\/sr-Latn\/wp-json\/wp\/v2\/posts"}],"about":[{"href":"https:\/\/predstavnistvorsbg.rs\/sr-Latn\/wp-json\/wp\/v2\/types\/post"}],"author":[{"embeddable":true,"href":"https:\/\/predstavnistvorsbg.rs\/sr-Latn\/wp-json\/wp\/v2\/users\/1"}],"replies":[{"embeddable":true,"href":"https:\/\/predstavnistvorsbg.rs\/sr-Latn\/wp-json\/wp\/v2\/comments?post=4685"}],"version-history":[{"count":0,"href":"https:\/\/predstavnistvorsbg.rs\/sr-Latn\/wp-json\/wp\/v2\/posts\/4685\/revisions"}],"wp:featuredmedia":[{"embeddable":true,"href":"https:\/\/predstavnistvorsbg.rs\/sr-Latn\/wp-json\/wp\/v2\/media\/3598"}],"wp:attachment":[{"href":"https:\/\/predstavnistvorsbg.rs\/sr-Latn\/wp-json\/wp\/v2\/media?parent=4685"}],"wp:term":[{"taxonomy":"category","embeddable":true,"href":"https:\/\/predstavnistvorsbg.rs\/sr-Latn\/wp-json\/wp\/v2\/categories?post=4685"},{"taxonomy":"post_tag","embeddable":true,"href":"https:\/\/predstavnistvorsbg.rs\/sr-Latn\/wp-json\/wp\/v2\/tags?post=4685"}],"curies":[{"name":"wp","href":"https:\/\/api.w.org\/{rel}","templated":true}]}}